{"id":27500,"date":"2026-03-11T17:50:48","date_gmt":"2026-03-11T21:50:48","guid":{"rendered":"https:\/\/agromt.news\/?p=27500"},"modified":"2026-03-11T17:50:48","modified_gmt":"2026-03-11T21:50:48","slug":"grande-movimentacao-na-expodireto-cotrijal-reforca-perseveranca-dos-produtores-rurais","status":"publish","type":"post","link":"https:\/\/agromt.news\/?p=27500","title":{"rendered":"Grande movimenta\u00e7\u00e3o na Expodireto Cotrijal refor\u00e7a perseveran\u00e7a dos produtores rurais"},"content":{"rendered":"<p> <br \/>\n<\/p>\n<div>\n<p style=\"text-align:justify\">A Expodireto Cotrijal 2026 chega ao seu terceiro dia de realiza\u00e7\u00e3o com ruas e estandes lotados de pessoas vindas de todas as partes do Brasil. Tradicionalmente, a quarta-feira \u00e9 um dos dias mais movimentados no parque. O grande n\u00famero de visitantes anima o setor e remete \u00e0 perseveran\u00e7a dos produtores rurais ga\u00fachos, que v\u00eam enfrentando dificuldades devido aos consecutivos anos de impacto clim\u00e1tico na produ\u00e7\u00e3o.&#13;\n<\/p>\n<p style=\"text-align:justify\">O papel da feira no sentido de apontar solu\u00e7\u00f5es para o agroneg\u00f3cio foi destacado por Nei C\u00e9sar Manica, presidente da Cotrijal, cooperativa que organiza a feira, durante o caf\u00e9 para imprensa e para patrocinadores na manh\u00e3 desta quarta-feira (11). Ele refor\u00e7ou que 50% do sucesso da atividade est\u00e1 nas m\u00e3os do produtor rural, que tem feito a sua parte para superar os desafios.<\/p>\n<p style=\"text-align:justify\">\u201cA Expodireto \u00e9 o grande palco em que o produtor encontra as informa\u00e7\u00f5es, tecnologias e neg\u00f3cios que contribuem para a sustentabilidade da propriedade, al\u00e9m de servir como um canal para buscarmos o apoio necess\u00e1rio para superar as dificuldades\u201d, afirmou.<\/p>\n<p style=\"text-align:justify\">A feira chega a sua 26\u00aa edi\u00e7\u00e3o neste ano. A primeira aconteceu em 2000, em 32 hectares, com 114 expositores e 41 mil visitantes. Hoje, s\u00e3o 131 hectares, com mais de 600 expositores e cerca de 300 mil visitantes anualmente. \u201cN\u00e3o imagin\u00e1vamos esse crescimento quando idealizamos a feira. Ele s\u00f3 foi poss\u00edvel porque produtores, expositores, imprensa e patrocinadores acreditaram no projeto\u201d, complementou o presidente Manica.&#13;\n<\/p>\n<p style=\"text-align:justify\">Os dois primeiros dias da Expodireto Cotrijal s\u00e3o marcados pela presen\u00e7a de grande n\u00famero de autoridades e lideran\u00e7as. \u201cEssa participa\u00e7\u00e3o \u00e9 importante, porque gera oportunidade de levarmos aos \u00f3rg\u00e3os estaduais e federais os pleitos das entidades, das cooperativas e do agroneg\u00f3cio como um todo\u201d, disse o vice-presidente da Cotrijal, Enio Schroeder, concluindo que a feira deste ano ter\u00e1 como uma das marcas essa defesa por aux\u00edlio ao produtor, atrav\u00e9s da securitiza\u00e7\u00e3o, do seguro agr\u00edcola, e tamb\u00e9m por trazer muitas inova\u00e7\u00f5es e tecnologias, para todos os tamanhos de propriedade.<\/p>\n<p style=\"text-align:justify\">Os dirigentes tamb\u00e9m agradeceram \u00e0 imprensa pela ampla divulga\u00e7\u00e3o da feira. \u201c\u00c9 um trabalho s\u00e9rio e que ajuda a fortalecer n\u00e3o somente a Expodireto Cotrijal, mas o setor como um todo\u201d, afirmou Schroeder.<\/p>\n<p style=\"text-align:justify\"><strong>\u201cO movimento de quem acredita no campo\u201d<\/strong><\/p>\n<p style=\"text-align:justify\">Com o tema \u201cO movimento de quem acredita no campo\u201d, a Expodireto Cotrijal 2026 segue at\u00e9 sexta-feira (13). A programa\u00e7\u00e3o inclui ampla agenda de f\u00f3runs, debates e pain\u00e9is sobre tecnologia, inova\u00e7\u00e3o, desafios e solu\u00e7\u00f5es para o agroneg\u00f3cio. Para mais detalhes, acesse aqui!<\/p>\n<p style=\"text-align:justify\">A campanha de divulga\u00e7\u00e3o evidencia a Expodireto Cotrijal como um sistema em transforma\u00e7\u00e3o, sempre evoluindo e alcan\u00e7ando novos patamares, sem se distanciar dos objetivos, valores e ideais que basearam a funda\u00e7\u00e3o da feira. Ressalta ainda a determina\u00e7\u00e3o de quem acredita no campo, mesmo diante de desafios, incertezas e adversidades. Essa convic\u00e7\u00e3o foi fundamental nos \u00faltimos anos, marcados por frustra\u00e7\u00f5es de safras em decorr\u00eancia de condi\u00e7\u00f5es clim\u00e1ticas adversas. Nesse cen\u00e1rio, os homens e as mulheres que acreditam no campo seguiram produzindo, esperando que novas safras trouxessem mais prosperidade.&#13;\n<\/p>\n<p style=\"text-align:justify\">O mote da campanha tamb\u00e9m resgata a origem da feira, criada a partir da mobiliza\u00e7\u00e3o de produtores rurais associados da Cotrijal, que buscavam se aproximar das principais inova\u00e7\u00f5es e tecnologias para aprimorar os sistemas de produ\u00e7\u00e3o. Desta forma, a dimens\u00e3o atual da Expodireto \u00e9 resultado do trabalho, coopera\u00e7\u00e3o e dedica\u00e7\u00e3o das pessoas e entidades que movem o agroneg\u00f3cio.<\/p>\n<p style=\"text-align:justify\">Al\u00e9m de apresentar inova\u00e7\u00f5es e gerar neg\u00f3cios, a feira promove o desenvolvimento, estimula debates estrat\u00e9gicos e fomenta a evolu\u00e7\u00e3o no campo. \u201cNesse sentido, em momentos desafiadores, tamb\u00e9m buscamos alternativas para apoiar os produtores rurais. Desta forma, a Expodireto Cotrijal tamb\u00e9m \u00e9 fonte de esperan\u00e7a de um futuro melhor para quem produz\u201d, afirmou o presidente da Cotrijal, Nei C\u00e9sar Manica.<\/p>\n<p style=\"text-align:justify\">Neste ano, a campanha de divulga\u00e7\u00e3o da feira tem os seguintes patrocinadores: cota ouro &#8211; Bradesco, Banco do Brasil e Caixa &#8211; Governo do Brasil; cota prata &#8211; Banrisul, Sistema Ocergs e Syngenta; cota bronze &#8211; Intacta 2Xtend e Yara Fertilizantes.<\/p>\n<\/p><\/div>\n<p><script data-cfasync=\"false\">\n    !function (f, b, e, v, n, t, s) {\n        if (f.fbq) return; n = f.fbq = function () {\n            n.callMethod ?\n                n.callMethod.apply(n, arguments) : n.queue.push(arguments)\n        };\n        if (!f._fbq) f._fbq = n; n.push = n; n.loaded = !0; n.version = '2.0';\n        n.queue = []; t = b.createElement(e); t.async = !0;\n        t.src = v; s = b.getElementsByTagName(e)[0];\n        s.parentNode.insertBefore(t, s)\n    }(window, document, 'script',\n        'https:\/\/connect.facebook.net\/en_US\/fbevents.js');\n    fbq('init', '522546078623747');\n    fbq('track', 'PageView');\n<\/script><br \/>\n<br \/><br \/>\n<br \/><a href=\"https:\/\/www.agrolink.com.br\/noticias\/grande-movimentacao-na-expodireto-cotrijal-reforca-perseveranca-dos-produtores-rurais_511925.html\">Source link <\/a><\/p>\n","protected":false},"excerpt":{"rendered":"<p>A Expodireto Cotrijal 2026 chega ao seu terceiro dia de realiza\u00e7\u00e3o com ruas e estandes lotados de pessoas vindas de<\/p>\n","protected":false},"author":1,"featured_media":27501,"comment_status":"open","ping_status":"open","sticky":false,"template":"","format":"standard","meta":{"_monsterinsights_skip_tracking":false,"_monsterinsights_sitenote_active":false,"_monsterinsights_sitenote_note":"","_monsterinsights_sitenote_category":0,"_uf_show_specific_survey":0,"_uf_disable_surveys":false,"footnotes":""},"categories":[8,1,14],"tags":[],"class_list":["post-27500","post","type-post","status-publish","format-standard","has-post-thumbnail","hentry","category-agro","category-news","category-politica-agro"],"_links":{"self":[{"href":"https:\/\/agromt.news\/index.php?rest_route=\/wp\/v2\/posts\/27500"}],"collection":[{"href":"https:\/\/agromt.news\/index.php?rest_route=\/wp\/v2\/posts"}],"about":[{"href":"https:\/\/agromt.news\/index.php?rest_route=\/wp\/v2\/types\/post"}],"author":[{"embeddable":true,"href":"https:\/\/agromt.news\/index.php?rest_route=\/wp\/v2\/users\/1"}],"replies":[{"embeddable":true,"href":"https:\/\/agromt.news\/index.php?rest_route=%2Fwp%2Fv2%2Fcomments&post=27500"}],"version-history":[{"count":0,"href":"https:\/\/agromt.news\/index.php?rest_route=\/wp\/v2\/posts\/27500\/revisions"}],"wp:featuredmedia":[{"embeddable":true,"href":"https:\/\/agromt.news\/index.php?rest_route=\/wp\/v2\/media\/27501"}],"wp:attachment":[{"href":"https:\/\/agromt.news\/index.php?rest_route=%2Fwp%2Fv2%2Fmedia&parent=27500"}],"wp:term":[{"taxonomy":"category","embeddable":true,"href":"https:\/\/agromt.news\/index.php?rest_route=%2Fwp%2Fv2%2Fcategories&post=27500"},{"taxonomy":"post_tag","embeddable":true,"href":"https:\/\/agromt.news\/index.php?rest_route=%2Fwp%2Fv2%2Ftags&post=27500"}],"curies":[{"name":"wp","href":"https:\/\/api.w.org\/{rel}","templated":true}]}}