{"id":27498,"date":"2026-03-11T17:38:59","date_gmt":"2026-03-11T21:38:59","guid":{"rendered":"https:\/\/agromt.news\/?p=27498"},"modified":"2026-03-11T17:38:59","modified_gmt":"2026-03-11T21:38:59","slug":"forum-do-canal-rural-debate-clima-mercado-e-desafios-do-agro-na-expodireto-cotrijal","status":"publish","type":"post","link":"https:\/\/agromt.news\/?p=27498","title":{"rendered":"F\u00f3rum do Canal Rural debate clima, mercado e desafios do agro na Expodireto Cotrijal"},"content":{"rendered":"<p> <br \/>\n<\/p>\n<div>\n<figure><img decoding=\"async\" src=\"https:\/\/agromt.news\/wp-content\/uploads\/2025\/03\/Forum-do-Canal-Rural-discute-clima-mercado-e-tecnologia.jpg\" alt=\"F\u00f3rum Canal Rural Expodireto\" \/><figcaption>Foto: Expodireto Cotrijal\/divulga\u00e7\u00e3o<\/figcaption><\/figure>\n<\/div>\n<p>A 26\u00aa edi\u00e7\u00e3o da Expodireto Cotrijal destaca, al\u00e9m das tecnologias e dos neg\u00f3cios, debates importantes para o setor. Entre os principais temas est\u00e3o o avan\u00e7o da produ\u00e7\u00e3o de soja destinada aos biocombust\u00edveis e a crise do setor leiteiro, que ser\u00e1 discutida em uma audi\u00eancia p\u00fablica.<\/p>\n<p>Produtores e visitantes passam pela feira para conhecer lan\u00e7amentos em tecnologia, cultivares, solu\u00e7\u00f5es e m\u00e1quinas, al\u00e9m de fechar neg\u00f3cios e acompanhar debates sobre o setor. <\/p>\n<ul class=\"wp-block-list\">\n<li><em>Veja em primeira m\u00e3o tudo sobre agricultura, pecu\u00e1ria, economia e previs\u00e3o do tempo:<\/em><a href=\"https:\/\/news.google.com\/publications\/CAAqBwgKMPKZlQswq_mqAw?hl=pt-BR&amp;gl=BR&amp;ceid=BR%3Apt-419\"><em> <\/em><strong><em>siga o Canal Rural no Google News!<\/em><\/strong><\/a><\/li>\n<\/ul>\n<p>Nesta ter\u00e7a-feira (11), o F\u00f3rum da Soja discutiu quest\u00f5es que v\u00eam impactando a cultura no Rio Grande do Sul, entre elas os efeitos do clima. A Empresa de Assist\u00eancia T\u00e9cnica e Extens\u00e3o Rural (<a href=\"https:\/\/www.canalrural.com.br\/tag\/emater\/\">Emater<\/a>) apontou uma quebra superior a 11% na safra de soja. <\/p>\n<p>Diante desse cen\u00e1rio, especialistas discutem alternativas para enfrentar os desafios de pre\u00e7os e de mercado. Uma das possibilidades \u00e9 ampliar a destina\u00e7\u00e3o da soja para a produ\u00e7\u00e3o de biodiesel. A estimativa \u00e9 que, at\u00e9 2030, cerca de 30% da produ\u00e7\u00e3o da oleaginosa seja destinada aos biocombust\u00edveis.<\/p>\n<h2 class=\"wp-block-heading\" id=\"h-destaques-d-o-evento\"><strong>Destaques d<\/strong>o evento<\/h2>\n<p>Durante a feira, o governador Eduardo Leite entregou a licen\u00e7a pr\u00e9via para a instala\u00e7\u00e3o de uma usina processadora de biodiesel. O empreendimento ser\u00e1 operado pelas cooperativas Cotrijal, Cotrisal e Cotripal e deve ser instalado no munic\u00edpio de Cruz Alta, com in\u00edcio das opera\u00e7\u00f5es previsto para 2028.<\/p>\n<p>Outro tema em destaque \u00e9 a crise no setor leiteiro. Nesta sexta-feira (13), uma audi\u00eancia p\u00fablica ser\u00e1 realizada na feira para discutir o PL 4.712\/25, que pro\u00edbe a reidrata\u00e7\u00e3o de leite em p\u00f3 importado para comercializa\u00e7\u00e3o como leite fluido no Rio Grande do Sul.<\/p>\n<p>A medida \u00e9 considerada fundamental por produtores para reduzir a concorr\u00eancia com as importa\u00e7\u00f5es de l\u00e1cteos do Mercosul. Estados como Goi\u00e1s, Santa Catarina e Paran\u00e1 j\u00e1 possuem legisla\u00e7\u00f5es semelhantes. O setor pede que a Assembleia Legislativa analise o projeto com celeridade, diante da crise enfrentada pelos produtores, marcada pela forte queda nos pre\u00e7os pagos pelo litro de leite.<\/p>\n<h2 class=\"wp-block-heading\" id=\"h-forum-do-canal-rural\">F\u00f3rum do Canal Rural<\/h2>\n<p>Nesta quinta-feira (12), \u00e0s 13h30, ser\u00e1 realizado no audit\u00f3rio da Expodireto o F\u00f3rum do Canal Rural, que vai discutir clima, mercado e os desafios enfrentados pelos produtores ga\u00fachos ap\u00f3s safras marcadas por dificuldades. O evento ter\u00e1 transmiss\u00e3o pelo YouTube.<\/p>\n<p>O post <a href=\"https:\/\/www.canalrural.com.br\/agricultura\/forum-do-canal-rural-debate-clima-mercado-e-desafios-do-agro-na-expodireto-cotrijal\/\">F\u00f3rum do Canal Rural debate clima, mercado e desafios do agro na Expodireto Cotrijal<\/a> apareceu primeiro em <a href=\"https:\/\/www.canalrural.com.br\">Canal Rural<\/a>.<\/p>\n<p><br \/>\n<br \/><a href=\"https:\/\/www.canalrural.com.br\/agricultura\/forum-do-canal-rural-debate-clima-mercado-e-desafios-do-agro-na-expodireto-cotrijal\/\">Source link <\/a><\/p>\n","protected":false},"excerpt":{"rendered":"<p>Foto: Expodireto Cotrijal\/divulga\u00e7\u00e3o A 26\u00aa edi\u00e7\u00e3o da Expodireto Cotrijal destaca, al\u00e9m das tecnologias e dos neg\u00f3cios, debates importantes para o<\/p>\n","protected":false},"author":1,"featured_media":27499,"comment_status":"open","ping_status":"open","sticky":false,"template":"","format":"standard","meta":{"_monsterinsights_skip_tracking":false,"_monsterinsights_sitenote_active":false,"_monsterinsights_sitenote_note":"","_monsterinsights_sitenote_category":0,"_uf_show_specific_survey":0,"_uf_disable_surveys":false,"footnotes":""},"categories":[1],"tags":[],"class_list":["post-27498","post","type-post","status-publish","format-standard","has-post-thumbnail","hentry","category-news"],"_links":{"self":[{"href":"https:\/\/agromt.news\/index.php?rest_route=\/wp\/v2\/posts\/27498"}],"collection":[{"href":"https:\/\/agromt.news\/index.php?rest_route=\/wp\/v2\/posts"}],"about":[{"href":"https:\/\/agromt.news\/index.php?rest_route=\/wp\/v2\/types\/post"}],"author":[{"embeddable":true,"href":"https:\/\/agromt.news\/index.php?rest_route=\/wp\/v2\/users\/1"}],"replies":[{"embeddable":true,"href":"https:\/\/agromt.news\/index.php?rest_route=%2Fwp%2Fv2%2Fcomments&post=27498"}],"version-history":[{"count":0,"href":"https:\/\/agromt.news\/index.php?rest_route=\/wp\/v2\/posts\/27498\/revisions"}],"wp:featuredmedia":[{"embeddable":true,"href":"https:\/\/agromt.news\/index.php?rest_route=\/wp\/v2\/media\/27499"}],"wp:attachment":[{"href":"https:\/\/agromt.news\/index.php?rest_route=%2Fwp%2Fv2%2Fmedia&parent=27498"}],"wp:term":[{"taxonomy":"category","embeddable":true,"href":"https:\/\/agromt.news\/index.php?rest_route=%2Fwp%2Fv2%2Fcategories&post=27498"},{"taxonomy":"post_tag","embeddable":true,"href":"https:\/\/agromt.news\/index.php?rest_route=%2Fwp%2Fv2%2Ftags&post=27498"}],"curies":[{"name":"wp","href":"https:\/\/api.w.org\/{rel}","templated":true}]}}