{"id":27497,"date":"2026-03-11T17:25:22","date_gmt":"2026-03-11T21:25:22","guid":{"rendered":"https:\/\/agromt.news\/?p=27497"},"modified":"2026-03-11T17:25:22","modified_gmt":"2026-03-11T21:25:22","slug":"superavit-do-agro-paulista-cai-73-no-primeiro-bimestre-de-2026","status":"publish","type":"post","link":"https:\/\/agromt.news\/?p=27497","title":{"rendered":"Super\u00e1vit do agro paulista cai 7,3% no primeiro bimestre de 2026"},"content":{"rendered":"<p> <br \/>\n<\/p>\n<div>\n<figure><img decoding=\"async\" src=\"https:\/\/agromt.news\/wp-content\/uploads\/2025\/09\/Governo-adia-por-2-meses-recolhimento-do-Simples-de-empresas.png\" alt=\"Brasil; exporta\u00e7\u00e3o\" \/><figcaption>Foto: divulga\u00e7\u00e3o\/Mapa<\/figcaption><\/figure>\n<\/div>\n<p>Nos dois primeiros meses de 2026, o agroneg\u00f3cio paulista registrou super\u00e1vit de US$ 2,79 bilh\u00f5es no com\u00e9rcio exterior. O saldo decorre de exporta\u00e7\u00f5es que somaram US$ 3,76 bilh\u00f5es e de importa\u00e7\u00f5es que totalizaram US$ 0,97 bilh\u00e3o.<\/p>\n<p>Apesar da balan\u00e7a positiva, o n\u00famero representa queda de <strong>7,3%<\/strong> em rela\u00e7\u00e3o ao mesmo per\u00edodo de 2025, quando o saldo foi de US$ 3,01 bilh\u00f5es: US$ 4,03 bilh\u00f5es em exporta\u00e7\u00e3o e US$ 1,02 bilh\u00e3o em importa\u00e7\u00e3o.<\/p>\n<p>A participa\u00e7\u00e3o dos embarques de produtos do agro no total comercializado em janeiro e fevereiro deste ano em <strong><a href=\"https:\/\/www.canalrural.com.br\/tag\/sao-paulo\/\">S\u00e3o Paulo<\/a><\/strong> foi de 40,2%, enquanto as importa\u00e7\u00f5es do setor corresponderam a 7,5% do total.<\/p>\n<p>Sem citar o decr\u00e9scimo nos resultados, o secret\u00e1rio de Agricultura e Abastecimento do Estado de S\u00e3o Paulo, Geraldo Melo Filho, destaca que \u201co resultado do primeiro bimestre confirma a for\u00e7a e a diversidade do agro paulista no com\u00e9rcio internacional. Carnes, produtos florestais e o complexo sucroenerg\u00e9tico seguem mostrando a competitividade do nosso setor produtivo.\u201d<\/p>\n<h2 class=\"wp-block-heading\" id=\"h-principais-produtos-exportados\">Principais produtos exportados<\/h2>\n<p>O <a href=\"https:\/\/www.canalrural.com.br\/tag\/sucroalcooleiro\/\"><strong>complexo<\/strong> <strong>sucroalcooleiro<\/strong><\/a> representou 28% do total exportado pelo agro paulista, totalizando US$ 1,05 bilh\u00e3o. Deste total, o a\u00e7\u00facar representou 94,7% e o etanol 5,3%.<\/p>\n<p>Em seguida, o setor de <strong><a href=\"https:\/\/www.canalrural.com.br\/tag\/carne\/\">carnes<\/a><\/strong> veio com 16,6% das vendas externas do setor, totalizando US$ 623 milh\u00f5es, com a carne bovina respondendo por 82,1%. Produtos florestais representaram 15,3% do volume exportado, com US$ 576,34 milh\u00f5es, com 67,8% de celulose e 26,9% de papel. <\/p>\n<p>Sucos responderam por 9% de participa\u00e7\u00e3o, somando US$ 337,70 milh\u00f5es, dos quais 96,8% s\u00e3o referentes \u00e0 bebida de laranja. Em seguida, o caf\u00e9, com 7,4% de participa\u00e7\u00e3o na pauta de exporta\u00e7\u00f5es, somando US$ 279,17 milh\u00f5es, 72,9% referentes ao caf\u00e9 verde e 24% ao sol\u00favel.<\/p>\n<p>Esses cinco grupos representaram, em conjunto, <strong>76,3%<\/strong> das exporta\u00e7\u00f5es do agroneg\u00f3cio paulista. <\/p>\n<p>E na oitava posi\u00e7\u00e3o, o <a href=\"https:\/\/www.canalrural.com.br\/tag\/complexo-soja\/\"><strong>complexo<\/strong> <strong>soja<\/strong><\/a>, que teve participa\u00e7\u00e3o de 3,2% do total exportado, registrando US$ 120,48 milh\u00f5es, 57,9% referentes \u00e0 soja em gr\u00e3o e 24,1% de farelo de soja.<\/p>\n<p>Nesse sentido, ressalta-se que as varia\u00e7\u00f5es de valores, em compara\u00e7\u00e3o com o mesmo per\u00edodo do ano passado, apontaram aumentos das vendas para os grupos de produtos florestais (+16,5%), carnes (+9,8%) e quedas nos grupos de sucos (-44,3%), complexo soja (-39,4%), sucroalcooleiro (-8%), caf\u00e9 (-5,9%). <\/p>\n<p>Essas varia\u00e7\u00f5es nas receitas do com\u00e9rcio exterior s\u00e3o derivadas da composi\u00e7\u00e3o das oscila\u00e7\u00f5es tanto de pre\u00e7os como de volumes exportados.<\/p>\n<h2 class=\"wp-block-heading\" id=\"h-principais-destinos-das-exportacoes\">Principais destinos das exporta\u00e7\u00f5es <\/h2>\n<p>A <strong><a href=\"https:\/\/www.canalrural.com.br\/tag\/china\/\">China<\/a><\/strong> segue sendo o principal destino das exporta\u00e7\u00f5es, com 20,5% de participa\u00e7\u00e3o, adquirindo principalmente produtos florestais, carnes, fibras t\u00eaxteis e itens do complexo soja. <\/p>\n<p>A <strong><a href=\"https:\/\/www.canalrural.com.br\/tag\/uniao-europeia\/\">Uni\u00e3o Europeia<\/a><\/strong> vem em seguida com fatia de 16,9%, ao passo que os <strong><a href=\"https:\/\/www.canalrural.com.br\/tag\/estados-unidos\/\">Estados Unidos<\/a><\/strong> somaram 9,7%.<\/p>\n<h2 class=\"wp-block-heading\" id=\"h-participacao-no-agro-nacional\">Participa\u00e7\u00e3o no agro nacional<\/h2>\n<figure class=\"wp-block-image size-full\"><img fetchpriority=\"high\" decoding=\"async\" width=\"1010\" height=\"650\" src=\"https:\/\/agromt.news\/wp-content\/uploads\/2026\/03\/Superavit-do-agro-paulista-cai-73-no-primeiro-bimestre-de.png\" alt=\"\" class=\"wp-image-4159769\" \/><figcaption class=\"wp-element-caption\">Fonte: elaborado pelo IEA-Apta a partir dos dados do ComexStat do MDIC<\/figcaption><\/figure>\n<p>No cen\u00e1rio nacional, o agroneg\u00f3cio paulista ocupa o 2\u00ba lugar no ranking de exporta\u00e7\u00f5es, com 16,6% de participa\u00e7\u00e3o, logo atr\u00e1s de Mato Grosso (20,5%).<\/p>\n<p>A an\u00e1lise da balan\u00e7a comercial do agroneg\u00f3cio paulista \u00e9 elaborada mensalmente pelo diretor da Apta, Carlos Nabil Ghobril, e os pesquisadores Jos\u00e9 Alberto \u00c2ngelo e Marli Dias Mascarenhas Oliveira, do Instituto de Economia Agr\u00edcola (IEA-Apta), vinculado \u00e0 Secretaria de Agricultura e Abastecimento de S\u00e3o Paulo.<\/p>\n<p>*<em>Sob supervis\u00e3o de Victor Faverin<\/em><\/p>\n<p>&nbsp;<\/p>\n<p>O post <a href=\"https:\/\/www.canalrural.com.br\/nacional\/superavit-do-agro-paulista-cai-73-no-primeiro-bimestre-de-2026\/\">Super\u00e1vit do agro paulista cai 7,3% no primeiro bimestre de 2026<\/a> apareceu primeiro em <a href=\"https:\/\/www.canalrural.com.br\">Canal Rural<\/a>.<\/p>\n<p><br \/>\n<br \/><a href=\"https:\/\/www.canalrural.com.br\/nacional\/superavit-do-agro-paulista-cai-73-no-primeiro-bimestre-de-2026\/\">Source link <\/a><\/p>\n","protected":false},"excerpt":{"rendered":"<p>Foto: divulga\u00e7\u00e3o\/Mapa Nos dois primeiros meses de 2026, o agroneg\u00f3cio paulista registrou super\u00e1vit de US$ 2,79 bilh\u00f5es no com\u00e9rcio exterior.<\/p>\n","protected":false},"author":1,"featured_media":26998,"comment_status":"open","ping_status":"open","sticky":false,"template":"","format":"standard","meta":{"_monsterinsights_skip_tracking":false,"_monsterinsights_sitenote_active":false,"_monsterinsights_sitenote_note":"","_monsterinsights_sitenote_category":0,"_uf_show_specific_survey":0,"_uf_disable_surveys":false,"footnotes":""},"categories":[1],"tags":[],"class_list":["post-27497","post","type-post","status-publish","format-standard","has-post-thumbnail","hentry","category-news"],"_links":{"self":[{"href":"https:\/\/agromt.news\/index.php?rest_route=\/wp\/v2\/posts\/27497"}],"collection":[{"href":"https:\/\/agromt.news\/index.php?rest_route=\/wp\/v2\/posts"}],"about":[{"href":"https:\/\/agromt.news\/index.php?rest_route=\/wp\/v2\/types\/post"}],"author":[{"embeddable":true,"href":"https:\/\/agromt.news\/index.php?rest_route=\/wp\/v2\/users\/1"}],"replies":[{"embeddable":true,"href":"https:\/\/agromt.news\/index.php?rest_route=%2Fwp%2Fv2%2Fcomments&post=27497"}],"version-history":[{"count":0,"href":"https:\/\/agromt.news\/index.php?rest_route=\/wp\/v2\/posts\/27497\/revisions"}],"wp:featuredmedia":[{"embeddable":true,"href":"https:\/\/agromt.news\/index.php?rest_route=\/wp\/v2\/media\/26998"}],"wp:attachment":[{"href":"https:\/\/agromt.news\/index.php?rest_route=%2Fwp%2Fv2%2Fmedia&parent=27497"}],"wp:term":[{"taxonomy":"category","embeddable":true,"href":"https:\/\/agromt.news\/index.php?rest_route=%2Fwp%2Fv2%2Fcategories&post=27497"},{"taxonomy":"post_tag","embeddable":true,"href":"https:\/\/agromt.news\/index.php?rest_route=%2Fwp%2Fv2%2Ftags&post=27497"}],"curies":[{"name":"wp","href":"https:\/\/api.w.org\/{rel}","templated":true}]}}