{"id":27490,"date":"2026-03-11T16:29:04","date_gmt":"2026-03-11T20:29:04","guid":{"rendered":"https:\/\/agromt.news\/?p=27490"},"modified":"2026-03-11T16:29:04","modified_gmt":"2026-03-11T20:29:04","slug":"passarela-da-soja-milho-e-culturas-alternativas-reune-produtores-e-especialistas-neste-sabado","status":"publish","type":"post","link":"https:\/\/agromt.news\/?p=27490","title":{"rendered":"Passarela da Soja, Milho e Culturas Alternativas re\u00fane produtores e especialistas neste s\u00e1bado"},"content":{"rendered":"<p> <br \/>\n<\/p>\n<div>\n<figure><img decoding=\"async\" src=\"https:\/\/agromt.news\/wp-content\/uploads\/2026\/03\/Passarela-da-Soja-Milho-e-Culturas-Alternativas-reune-produtores-e.jpg\" alt=\"\" \/><figcaption>Ag\u00eancia Marca Comunica\u00e7\u00e3o\/Funda\u00e7\u00e3o BA<br \/>\n<\/figcaption><\/figure>\n<\/div>\n<p>Produtores rurais, t\u00e9cnicos e profissionais do agroneg\u00f3cio t\u00eam encontro marcado neste s\u00e1bado (14) em Lu\u00eds Eduardo Magalh\u00e3es (BA) com a <strong>Passarela da Soja, Milho e Culturas Alternativas 2026<\/strong>, um dos principais eventos t\u00e9cnicos do agroneg\u00f3cio no Oeste da Bahia. <\/p>\n<p>Promovido pela Funda\u00e7\u00e3o Bahia, o encontro acontece no Campo Experimental da institui\u00e7\u00e3o e promete reunir especialistas, empresas e produtores em torno das principais inova\u00e7\u00f5es e desafios da produ\u00e7\u00e3o agr\u00edcola regional.\u00a0<\/p>\n<p>Consolidada no calend\u00e1rio t\u00e9cnico do setor, a Passarela se destaca por aproximar pesquisa, tecnologia e mercado, promovendo debates sobre produtividade, sustentabilidade e planejamento estrat\u00e9gico das lavouras. <\/p>\n<p>Durante o evento, os cerca de 1.500 participantes ter\u00e3o acesso a vitrines tecnol\u00f3gicas de cultivares comerciais, apresenta\u00e7\u00f5es t\u00e9cnicas e pain\u00e9is voltados ao futuro da agricultura na regi\u00e3o do Matopiba. Ao todo, mais de 16 empresas fazem parte do evento.\u00a0<\/p>\n<p>Entre os destaques da programa\u00e7\u00e3o est\u00e1 a palestra da jornalista e especialista em economia do agroneg\u00f3cio Kellen Severo, que far\u00e1 uma an\u00e1lise do cen\u00e1rio macroecon\u00f4mico e dos impactos das vari\u00e1veis econ\u00f4micas nas decis\u00f5es do produtor rural. A profissional acumula mais de uma d\u00e9cada de atua\u00e7\u00e3o no jornalismo agro e \u00e9 reconhecida por an\u00e1lises estrat\u00e9gicas sobre mercado e tend\u00eancias do setor.&nbsp;<\/p>\n<p>\u201cA agricultura hoje est\u00e1 cada vez mais conectada ao cen\u00e1rio global. Entender os movimentos da economia e do mercado \u00e9 essencial para que o produtor possa planejar melhor suas decis\u00f5es e proteger sua rentabilidade\u201d, destaca Kellen, que participa como palestrante principal do evento.<\/p>\n<h2 class=\"wp-block-heading\" id=\"h-onde-o-agro-se-reinventa-nbsp\"><strong>Onde o Agro se reinventa&nbsp;<\/strong><\/h2>\n<p>Trazendo este ano o tema \u201cOnde o agro se reinventa\u201d, o presidente da Funda\u00e7\u00e3o Bahia, <strong>Jarbas Bergamaschi<\/strong>, acredita que a Passarela \u00e9 uma oportunidade de aproximar ainda mais o produtor da pesquisa aplicada e das tecnologias que est\u00e3o moldando o futuro da produ\u00e7\u00e3o agr\u00edcola.<\/p>\n<p>\u201cVai ser um ambiente de troca de conhecimento e de constru\u00e7\u00e3o coletiva do agro. Nosso objetivo \u00e9 conectar produtores, pesquisadores e empresas para discutir solu\u00e7\u00f5es que aumentem a efici\u00eancia, a sustentabilidade e a competitividade da agricultura na regi\u00e3o\u201d, afirma Bergamaschi.<\/p>\n<p>Al\u00e9m do conte\u00fado t\u00e9cnico, o evento tamb\u00e9m funciona como espa\u00e7o de networking e atualiza\u00e7\u00e3o para profissionais do setor, reunindo diferentes elos da cadeia produtiva em um \u00fanico ambiente de aprendizado e troca de experi\u00eancias.<\/p>\n<p>As inscri\u00e7\u00f5es s\u00e3o gratuitas, mas as vagas s\u00e3o limitadas, e devem ser realizadas antecipadamente pelos interessados. A organiza\u00e7\u00e3o orienta que produtores, estudantes e profissionais do agro garantam sua participa\u00e7\u00e3o com anteced\u00eancia, atrav\u00e9s do site oficial <a href=\"http:\/\/www.passarela.fundacaoba.com.br\">www.passarela.fundacaoba.com.br<\/a>.&nbsp;<\/p>\n<p>A Passarela da Soja, Milho e Culturas Alternativas 2026 ter\u00e1 cobertura exclusiva do Canal Rural BA, com conte\u00fado especial, entrevistas e reportagens diretamente do evento, acompanhando as principais discuss\u00f5es e inova\u00e7\u00f5es apresentadas ao longo da programa\u00e7\u00e3o.\u00a0<\/p>\n<ul class=\"wp-block-list\">\n<li><a href=\"https:\/\/www.canalrural.com.br\/nacional\/bahia\/bahia-conclui-semeadura-do-algodao-e-area-irrigada-avanca\/\" id=\"4158305\">Bahia conclui semeadura do algod\u00e3o e \u00e1rea irrigada avan\u00e7a<\/a><\/li>\n<\/ul>\n<hr class=\"wp-block-separator has-alpha-channel-opacity\" \/>\n<p><em><em>Voc\u00ea tamb\u00e9m pode participar deixando uma sugest\u00e3o de pauta. Siga o\u00a0<a href=\"https:\/\/www.instagram.com\/canalruralbahia\/\">Canal Rural Bahia no Instagram<\/a>\u00a0e nos envie uma mensagem<\/em>.<\/em><\/p>\n<p>O post <a href=\"https:\/\/www.canalrural.com.br\/nacional\/bahia\/passarela-da-soja-milho-e-culturas-alternativas-reune-produtores-e-especialistas-neste-sabado\/\">Passarela da Soja, Milho e Culturas Alternativas re\u00fane produtores e especialistas neste s\u00e1bado<\/a> apareceu primeiro em <a href=\"https:\/\/www.canalrural.com.br\">Canal Rural<\/a>.<\/p>\n<p><script async src=\"\/\/www.instagram.com\/embed.js\"><\/script><br \/>\n<br \/><br \/>\n<br \/><a href=\"https:\/\/www.canalrural.com.br\/nacional\/bahia\/passarela-da-soja-milho-e-culturas-alternativas-reune-produtores-e-especialistas-neste-sabado\/\">Source link <\/a><\/p>\n","protected":false},"excerpt":{"rendered":"<p>Ag\u00eancia Marca Comunica\u00e7\u00e3o\/Funda\u00e7\u00e3o BA Produtores rurais, t\u00e9cnicos e profissionais do agroneg\u00f3cio t\u00eam encontro marcado neste s\u00e1bado (14) em Lu\u00eds Eduardo<\/p>\n","protected":false},"author":1,"featured_media":27491,"comment_status":"open","ping_status":"open","sticky":false,"template":"","format":"standard","meta":{"_monsterinsights_skip_tracking":false,"_monsterinsights_sitenote_active":false,"_monsterinsights_sitenote_note":"","_monsterinsights_sitenote_category":0,"_uf_show_specific_survey":0,"_uf_disable_surveys":false,"footnotes":""},"categories":[1],"tags":[],"class_list":["post-27490","post","type-post","status-publish","format-standard","has-post-thumbnail","hentry","category-news"],"_links":{"self":[{"href":"https:\/\/agromt.news\/index.php?rest_route=\/wp\/v2\/posts\/27490"}],"collection":[{"href":"https:\/\/agromt.news\/index.php?rest_route=\/wp\/v2\/posts"}],"about":[{"href":"https:\/\/agromt.news\/index.php?rest_route=\/wp\/v2\/types\/post"}],"author":[{"embeddable":true,"href":"https:\/\/agromt.news\/index.php?rest_route=\/wp\/v2\/users\/1"}],"replies":[{"embeddable":true,"href":"https:\/\/agromt.news\/index.php?rest_route=%2Fwp%2Fv2%2Fcomments&post=27490"}],"version-history":[{"count":0,"href":"https:\/\/agromt.news\/index.php?rest_route=\/wp\/v2\/posts\/27490\/revisions"}],"wp:featuredmedia":[{"embeddable":true,"href":"https:\/\/agromt.news\/index.php?rest_route=\/wp\/v2\/media\/27491"}],"wp:attachment":[{"href":"https:\/\/agromt.news\/index.php?rest_route=%2Fwp%2Fv2%2Fmedia&parent=27490"}],"wp:term":[{"taxonomy":"category","embeddable":true,"href":"https:\/\/agromt.news\/index.php?rest_route=%2Fwp%2Fv2%2Fcategories&post=27490"},{"taxonomy":"post_tag","embeddable":true,"href":"https:\/\/agromt.news\/index.php?rest_route=%2Fwp%2Fv2%2Ftags&post=27490"}],"curies":[{"name":"wp","href":"https:\/\/api.w.org\/{rel}","templated":true}]}}