{"id":27482,"date":"2026-03-11T13:57:58","date_gmt":"2026-03-11T17:57:58","guid":{"rendered":"https:\/\/agromt.news\/?p=27482"},"modified":"2026-03-11T13:57:58","modified_gmt":"2026-03-11T17:57:58","slug":"trigo-muda-de-ritmo-e-mercado-entra-em-alerta","status":"publish","type":"post","link":"https:\/\/agromt.news\/?p=27482","title":{"rendered":"Trigo muda de ritmo e mercado entra em alerta"},"content":{"rendered":"<p> <br \/>\n<\/p>\n<div>\n<div class=\"row\">\n<div class=\"col-lg col-infos mt-0 mt-lg-0\">\n<div class=\"section-sub-title\">\n<p itemprop=\"description\">&#13;<br \/>\n                                No Rio Grande do Sul, a movimenta\u00e7\u00e3o perdeu for\u00e7a&#13;\n                            <\/p>\n<\/p><\/div>\n<div class=\"container\">\n<div class=\"row\">\n<div class=\"col-lg p-0\">\n<div>\n<div class=\"block-news-main-infos mt-3 text-start\">\n<p>                                            <strong class=\"fn\" itemprop=\"author\" style=\"color: rgb(112, 112, 112); \">&#13;<br \/>\n                                                <a href=\"https:\/\/www.agrolink.com.br\/noticias\/javascript:;\" class=\"text-uppercase\" target=\"_blank\" style=\"color: rgb(112, 112, 112); \" rel=\"noopener\">Agrolink<\/a>&#13;<br \/>\n&#13;<br \/>\n                                                    &#8211; Leonardo Gottems&#13;<br \/>\n&#13;<br \/>\n                                            <\/strong><br \/>\n                                        <\/p>\n<p>                                            <abbr><time datetime=\"2026 - 03 - 10T07:16\" itemprop=\"datePublished dateModified\"> Publicado em 10\/03\/2026 \u00e0s 07:16h.<\/time><\/abbr>\n                                    <\/div>\n<\/p><\/div>\n<\/p><\/div>\n<div class=\"col-lg p-0 text-lg-end\">\n<div>\n<div id=\"mdEnviarPagina\" class=\"modal fade\" role=\"dialog\">\n<div class=\"modal-dialog\">\n<div class=\"modal-content\">\n<div class=\"modal-body\">\n<p><strong>Estimado usu\u00e1rio.<\/strong><br \/>Preencha o formul\u00e1rio abaixo para remeter a p\u00e1gina.<\/p>\n<\/p><\/div>\n<\/p><\/div>\n<\/p><\/div>\n<\/div><\/div>\n<\/p><\/div>\n<\/p><\/div>\n<\/p><\/div>\n<\/p><\/div>\n<\/p><\/div>\n<div class=\"row justify-content-md-center mt-3\">\n<div class=\"col-lg-auto col-image block-news-main-image\">\n<p>                                <img decoding=\"async\" src=\"https:\/\/www.agrolink.com.br\/upload\/imagens-resizes\/bb48fbee03284a92be29bc48815d0cdb_858x483.jpg\" class=\"lazyload img-fluid\" alt=\"No Rio Grande do Sul, a movimenta\u00e7\u00e3o perdeu for\u00e7a\"\/><br \/>\n                                                <span class=\"d-block mt-1\">No Rio Grande do Sul, a movimenta\u00e7\u00e3o perdeu for\u00e7a &#8211; Foto: Divulga\u00e7\u00e3o<\/span><\/p><\/div>\n<\/p><\/div>\n<div class=\"section-description section-description-noticias mt-3\">\n<p>O mercado de <a href=\"https:\/\/www.agrolink.com.br\/culturas\/trigo\/?utm_source=agrolink-detalhe-noticia&amp;utm_medium=detalhe-noticia&amp;utm_campaign=links-internos\" target=\"_blank\" rel=\"noopener\">trigo<\/a> no Sul do pa\u00eds iniciou a semana com ritmo mais moderado de negocia\u00e7\u00f5es, ap\u00f3s o movimento mais intenso observado nos \u00faltimos dias. Levantamento da TF Agroecon\u00f4mica indica que a segunda-feira foi marcada por menor volume de neg\u00f3cios e por ajustes nas expectativas de pre\u00e7os entre vendedores e compradores.&#13;\n<\/p>\n<p>No Rio Grande do Sul, a movimenta\u00e7\u00e3o perdeu for\u00e7a depois das opera\u00e7\u00f5es registradas na semana anterior. Mesmo com altas nas cota\u00e7\u00f5es em Chicago, vendedores passaram a pedir valores mais elevados, enquanto compradores apontam dificuldade para fechar a conta das farinhas nos n\u00edveis atuais. Foram reportadas negocia\u00e7\u00f5es de cerca de 3 mil toneladas ao longo do dia, com algumas ofertas mantidas para esta ter\u00e7a-feira. No mercado futuro, apareceu comprador para trigo da safra 2026\/27 no porto a R$ 1.200 sobre rodas. No interior, o pre\u00e7o da pedra pago ao produtor subiu para R$ 55 por saca em Panambi.<\/p>\n<p>Em Santa Catarina, a semana come\u00e7ou est\u00e1vel, com neg\u00f3cios pontuais e press\u00e3o por libera\u00e7\u00e3o de espa\u00e7o nos armaz\u00e9ns. Lotes de trigo melhorador foram negociados a R$ 1.250 FOB, embora com volumes pouco expressivos. Tamb\u00e9m houve sa\u00edda de 150 toneladas de trigo tipo 2 a R$ 1.050. Moinhos continuam recorrendo ao trigo ga\u00facho para abastecimento. Nos pre\u00e7os de balc\u00e3o, as cota\u00e7\u00f5es permaneceram em R$ 59 por saca em Canoinhas, R$ 60 em Chapec\u00f3, R$ 61 em Joa\u00e7aba e R$ 62 em Rio do Sul. O valor caiu para R$ 62,75 em S\u00e3o Miguel do Oeste e subiu para R$ 64 em Xanxer\u00ea.&#13;\n<\/p>\n<p>No Paran\u00e1, o mercado apresentou maior atividade, com consolida\u00e7\u00e3o do patamar de R$ 1.300 CIF no in\u00edcio da semana. No Oeste, o movimento foi mais fraco devido \u00e0 concorr\u00eancia do trigo paraguaio, que chega com pre\u00e7os mais competitivos. J\u00e1 no Norte houve neg\u00f3cios a R$ 1.250 FOB \u00e0 vista e ofertas a R$ 1.300 FOB. Na regi\u00e3o de Curitiba, as negocia\u00e7\u00f5es ocorreram entre R$ 1.280 e R$ 1.290 CIF. Trigo do Rio Grande do Sul tamb\u00e9m foi negociado no Oeste paranaense entre R$ 1.170 e R$ 1.180 CIF. No porto de Paranagu\u00e1, dois vendedores ofertaram trigo argentino a US$ 275 por tonelada para retirada at\u00e9 15 de abril, valor considerado competitivo em rela\u00e7\u00e3o ao custo estimado de reposi\u00e7\u00e3o, calculado em torno de US$ 286 por tonelada.<br \/>&#13;<br \/>\n\u00a0<\/p>\n<\/p><\/div>\n<\/p><\/div>\n<p><script data-cfasync=\"false\">\n    !function (f, b, e, v, n, t, s) {\n        if (f.fbq) return; n = f.fbq = function () {\n            n.callMethod ?\n                n.callMethod.apply(n, arguments) : n.queue.push(arguments)\n        };\n        if (!f._fbq) f._fbq = n; n.push = n; n.loaded = !0; n.version = '2.0';\n        n.queue = []; t = b.createElement(e); t.async = !0;\n        t.src = v; s = b.getElementsByTagName(e)[0];\n        s.parentNode.insertBefore(t, s)\n    }(window, document, 'script',\n        'https:\/\/connect.facebook.net\/en_US\/fbevents.js');\n    fbq('init', '522546078623747');\n    fbq('track', 'PageView');\n<\/script><br \/>\n<br \/><br \/>\n<br \/><a href=\"https:\/\/www.agrolink.com.br\/noticias\/trigo-muda-de-ritmo-e-mercado-entra-em-alerta_511808.html\">Source link <\/a><\/p>\n","protected":false},"excerpt":{"rendered":"<p>&#13; No Rio Grande do Sul, a movimenta\u00e7\u00e3o perdeu for\u00e7a&#13; &#13; Agrolink&#13; &#13; &#8211; Leonardo Gottems&#13; &#13; Publicado em 10\/03\/2026<\/p>\n","protected":false},"author":1,"featured_media":1951,"comment_status":"open","ping_status":"open","sticky":false,"template":"","format":"standard","meta":{"_monsterinsights_skip_tracking":false,"_monsterinsights_sitenote_active":false,"_monsterinsights_sitenote_note":"","_monsterinsights_sitenote_category":0,"_uf_show_specific_survey":0,"_uf_disable_surveys":false,"footnotes":""},"categories":[8,1,14],"tags":[],"class_list":["post-27482","post","type-post","status-publish","format-standard","has-post-thumbnail","hentry","category-agro","category-news","category-politica-agro"],"_links":{"self":[{"href":"https:\/\/agromt.news\/index.php?rest_route=\/wp\/v2\/posts\/27482"}],"collection":[{"href":"https:\/\/agromt.news\/index.php?rest_route=\/wp\/v2\/posts"}],"about":[{"href":"https:\/\/agromt.news\/index.php?rest_route=\/wp\/v2\/types\/post"}],"author":[{"embeddable":true,"href":"https:\/\/agromt.news\/index.php?rest_route=\/wp\/v2\/users\/1"}],"replies":[{"embeddable":true,"href":"https:\/\/agromt.news\/index.php?rest_route=%2Fwp%2Fv2%2Fcomments&post=27482"}],"version-history":[{"count":0,"href":"https:\/\/agromt.news\/index.php?rest_route=\/wp\/v2\/posts\/27482\/revisions"}],"wp:featuredmedia":[{"embeddable":true,"href":"https:\/\/agromt.news\/index.php?rest_route=\/wp\/v2\/media\/1951"}],"wp:attachment":[{"href":"https:\/\/agromt.news\/index.php?rest_route=%2Fwp%2Fv2%2Fmedia&parent=27482"}],"wp:term":[{"taxonomy":"category","embeddable":true,"href":"https:\/\/agromt.news\/index.php?rest_route=%2Fwp%2Fv2%2Fcategories&post=27482"},{"taxonomy":"post_tag","embeddable":true,"href":"https:\/\/agromt.news\/index.php?rest_route=%2Fwp%2Fv2%2Ftags&post=27482"}],"curies":[{"name":"wp","href":"https:\/\/api.w.org\/{rel}","templated":true}]}}