{"id":27411,"date":"2026-03-10T14:32:00","date_gmt":"2026-03-10T18:32:00","guid":{"rendered":"https:\/\/agromt.news\/?p=27411"},"modified":"2026-03-10T14:32:00","modified_gmt":"2026-03-10T18:32:00","slug":"alta-demanda-no-inicio-de-marco-eleva-precos-do-etanol-diz-cepea","status":"publish","type":"post","link":"https:\/\/agromt.news\/?p=27411","title":{"rendered":"Alta demanda no in\u00edcio de mar\u00e7o eleva pre\u00e7os do etanol, diz Cepea"},"content":{"rendered":"<p> <br \/>\n<\/p>\n<div>\n<figure><img decoding=\"async\" src=\"https:\/\/agromt.news\/wp-content\/uploads\/2024\/10\/Etanol-continua-mais-competitivo-em-relacao-a-gasolina-em-8.jpg\" alt=\"Al\u00edquota \u00fanica de ICMS para gasolina e etanol passa a valer a partir de hoje, combust\u00edveis\" \/><figcaption>Foto: Jos\u00e9 Cruz\/Ag\u00eancia Brasil<\/figcaption><\/figure>\n<\/div>\n<p>O mercado de etanol no spot paulista, ap\u00f3s registrar quedas no \u00faltimo m\u00eas, apresentou alta nos pre\u00e7os neste in\u00edcio de mar\u00e7o. Segundo o Centro de Estudos Avan\u00e7ados em Economia Aplicada (Cepea), o movimento \u00e9 resultado da demanda mais aquecida nos \u00faltimos dias, que influenciou diretamente as cota\u00e7\u00f5es. As altas foram observadas tanto para o etanol hidratado quanto para o anidro.<\/p>\n<p>Com a subida dos pre\u00e7os, mesmo com grande interesse de mercado, alguns compradores seguem mais conservadores na aquisi\u00e7\u00e3o. A estrat\u00e9gia deles \u00e9 aguardar uma melhora nas cota\u00e7\u00f5es nos pr\u00f3ximos meses, com esperan\u00e7as da nova safra 2026\/27.<\/p>\n<ul class=\"wp-block-list\">\n<li><em>Veja em primeira m\u00e3o tudo sobre agricultura, pecu\u00e1ria, economia e previs\u00e3o do tempo:<\/em><a href=\"https:\/\/news.google.com\/publications\/CAAqLQgKIidDQklTRndnTWFoTUtFV05oYm1Gc2NuVnlZV3d1WTI5dExtSnlLQUFQAQ?hl=pt-BR&amp;gl=BR&amp;ceid=BR:pt-419\" target=\"_blank\" rel=\"noreferrer noopener\"><em> siga o Canal Rural no Google News!<\/em><\/a><\/li>\n<\/ul>\n<h2 class=\"wp-block-heading\" id=\"h-fevereiro-marcado-por-pouca-demanda\">Fevereiro marcado por pouca demanda<\/h2>\n<p>Apesar da alta procura neste inicio de per\u00edodo, o m\u00eas de fevereiro ficou marcado pelos baixos n\u00fameros de vendas registrados. A quantidade constatada no segundo m\u00eas do ano foi a menor desde julho de 2025. <\/p>\n<p>Segundo pesquisadores do Cepea, o mercado nos pr\u00f3ximos meses segue cauteloso. Vendedores est\u00e3o atentos ao baixo estoque atual e a crescente nos valores do petr\u00f3leo, por conta dos acontecimentos no Oriente M\u00e9dio.<\/p>\n<p><em>*Sob supervis\u00e3o de Hildeberto Jr.<\/em><\/p>\n<p>O post <a href=\"https:\/\/www.canalrural.com.br\/diversos\/alta-demanda-no-inicio-de-marco-eleva-precos-do-etanol-diz-cepea\/\">Alta demanda no in\u00edcio de mar\u00e7o eleva pre\u00e7os do etanol, diz Cepea<\/a> apareceu primeiro em <a href=\"https:\/\/www.canalrural.com.br\">Canal Rural<\/a>.<\/p>\n<p><br \/>\n<br \/><a href=\"https:\/\/www.canalrural.com.br\/diversos\/alta-demanda-no-inicio-de-marco-eleva-precos-do-etanol-diz-cepea\/\">Source link <\/a><\/p>\n","protected":false},"excerpt":{"rendered":"<p>Foto: Jos\u00e9 Cruz\/Ag\u00eancia Brasil O mercado de etanol no spot paulista, ap\u00f3s registrar quedas no \u00faltimo m\u00eas, apresentou alta nos<\/p>\n","protected":false},"author":1,"featured_media":26615,"comment_status":"open","ping_status":"open","sticky":false,"template":"","format":"standard","meta":{"_monsterinsights_skip_tracking":false,"_monsterinsights_sitenote_active":false,"_monsterinsights_sitenote_note":"","_monsterinsights_sitenote_category":0,"_uf_show_specific_survey":0,"_uf_disable_surveys":false,"footnotes":""},"categories":[1],"tags":[],"class_list":["post-27411","post","type-post","status-publish","format-standard","has-post-thumbnail","hentry","category-news"],"_links":{"self":[{"href":"https:\/\/agromt.news\/index.php?rest_route=\/wp\/v2\/posts\/27411"}],"collection":[{"href":"https:\/\/agromt.news\/index.php?rest_route=\/wp\/v2\/posts"}],"about":[{"href":"https:\/\/agromt.news\/index.php?rest_route=\/wp\/v2\/types\/post"}],"author":[{"embeddable":true,"href":"https:\/\/agromt.news\/index.php?rest_route=\/wp\/v2\/users\/1"}],"replies":[{"embeddable":true,"href":"https:\/\/agromt.news\/index.php?rest_route=%2Fwp%2Fv2%2Fcomments&post=27411"}],"version-history":[{"count":0,"href":"https:\/\/agromt.news\/index.php?rest_route=\/wp\/v2\/posts\/27411\/revisions"}],"wp:featuredmedia":[{"embeddable":true,"href":"https:\/\/agromt.news\/index.php?rest_route=\/wp\/v2\/media\/26615"}],"wp:attachment":[{"href":"https:\/\/agromt.news\/index.php?rest_route=%2Fwp%2Fv2%2Fmedia&parent=27411"}],"wp:term":[{"taxonomy":"category","embeddable":true,"href":"https:\/\/agromt.news\/index.php?rest_route=%2Fwp%2Fv2%2Fcategories&post=27411"},{"taxonomy":"post_tag","embeddable":true,"href":"https:\/\/agromt.news\/index.php?rest_route=%2Fwp%2Fv2%2Ftags&post=27411"}],"curies":[{"name":"wp","href":"https:\/\/api.w.org\/{rel}","templated":true}]}}