{"id":2684,"date":"2024-10-02T19:56:00","date_gmt":"2024-10-02T23:56:00","guid":{"rendered":"https:\/\/agromt.news\/?p=2684"},"modified":"2024-10-02T19:56:00","modified_gmt":"2024-10-02T23:56:00","slug":"impacto-do-grao-na-cultura-e-economia-brasileira","status":"publish","type":"post","link":"https:\/\/agromt.news\/?p=2684","title":{"rendered":"impacto do gr\u00e3o na cultura e economia brasileira"},"content":{"rendered":"<p> <br \/>\n<\/p>\n<div>\n<p style=\"text-align:justify\">O Dia Internacional do Caf\u00e9 \u00e9 celebrado nesta ter\u00e7a-feira, 1\u00ba de outubro, destacando uma das bebidas mais populares no mundo. Criada pela Organiza\u00e7\u00e3o Internacional do Caf\u00e9 (OIC), a data deste ano tem como tema &#8220;Caf\u00e9: seu ritual di\u00e1rio, nossa jornada compartilhada&#8221;, com foco em promover pr\u00e1ticas mais sustent\u00e1veis, apoiar os cafeicultores e incentivar um mercado equilibrado e consciente.\n<\/p>\n<p style=\"text-align:justify\">Segundo o divulgado pelo \u00a0Minist\u00e9rio da Agricultura e Pecu\u00e1ria (Mapa), para o Brasil, maior produtor e exportador de <a href=\"https:\/\/www.agrolink.com.br\/culturas\/cafe\/?utm_source=agrolink-detalhe-noticia&amp;utm_medium=detalhe-noticia&amp;utm_campaign=links-internos\" target=\"_blank\" rel=\"noopener\">caf\u00e9<\/a>\u00a0do mundo, a data ressalta a import\u00e2ncia do setor para a economia e a cultura do pa\u00eds. O ministro da Agricultura e Pecu\u00e1ria, Carlos F\u00e1varo, destacou o impacto do caf\u00e9 na vida dos brasileiros e na economia nacional. &#8220;O caf\u00e9 faz parte do cotidiano brasileiro e \u00e9 de grande import\u00e2ncia para a economia do pa\u00eds. Somos o maior produtor e exportador de caf\u00e9 do mundo e trabalhamos para que os produtores rurais tenham cada vez mais oportunidades de expandir sua produ\u00e7\u00e3o.&#8221;<\/p>\n<p style=\"text-align:justify\">No Brasil, os principais tipos de caf\u00e9 cultivados s\u00e3o o ar\u00e1bica (Coffea arabica) e o conilon (Coffea canephora). De acordo com a Coordena\u00e7\u00e3o Geral do Caf\u00e9 do Minist\u00e9rio da Agricultura e Pecu\u00e1ria (Mapa), o ar\u00e1bica \u00e9 o mais produzido, representando cerca de 70% da produ\u00e7\u00e3o nacional, sendo cultivado principalmente em Minas Gerais, S\u00e3o Paulo e Paran\u00e1. J\u00e1 o conilon, que corresponde a 30% da produ\u00e7\u00e3o, se destaca nos estados do Esp\u00edrito Santo e Rond\u00f4nia.\n<\/p>\n<p style=\"text-align:justify\">Segundo a Secretaria de Com\u00e9rcio e Rela\u00e7\u00f5es Internacionais (SCRI) do Mapa, nos primeiros oito meses deste ano, o Brasil exportou US$ 7,17 bilh\u00f5es em caf\u00e9, um aumento de 45% em rela\u00e7\u00e3o ao mesmo per\u00edodo de 2023. O volume exportado atingiu 1,82 milh\u00f5es de toneladas, com crescimento de 43%. Os principais destinos do caf\u00e9 brasileiro foram Estados Unidos, Alemanha, B\u00e9lgica e It\u00e1lia.<\/p>\n<p style=\"text-align:justify\">O Governo Federal tem trabalhado para fortalecer a presen\u00e7a do caf\u00e9 brasileiro no mercado internacional. Em junho deste ano, durante miss\u00e3o oficial \u00e0 China, foram assinados acordos com a Luckin Coffee, a maior rede de cafeterias chinesa. O acordo viabiliza a compra de aproximadamente 120 mil toneladas de caf\u00e9 brasileiro, com valor estimado em US$ 500 milh\u00f5es.\n<\/p>\n<p style=\"text-align:justify\">Al\u00e9m disso, o Fundo de Defesa da Economia Cafeeira (Funcaf\u00e9), gerido pelo Mapa, tem sido uma importante ferramenta de apoio financeiro \u00e0 cadeia produtiva do caf\u00e9, fornecendo recursos para estocagem, comercializa\u00e7\u00e3o e recupera\u00e7\u00e3o de cafezais. At\u00e9 o momento, foram contratados R$ 5,7 bilh\u00f5es para a safra 24\/25, dos quais R$ 1,7 bilh\u00e3o j\u00e1 foi aplicado.<\/p>\n<\/div>\n<p><script data-cfasync=\"false\">\n    !function (f, b, e, v, n, t, s) {\n        if (f.fbq) return; n = f.fbq = function () {\n            n.callMethod ?\n                n.callMethod.apply(n, arguments) : n.queue.push(arguments)\n        };\n        if (!f._fbq) f._fbq = n; n.push = n; n.loaded = !0; n.version = '2.0';\n        n.queue = []; t = b.createElement(e); t.async = !0;\n        t.src = v; s = b.getElementsByTagName(e)[0];\n        s.parentNode.insertBefore(t, s)\n    }(window, document, 'script',\n        'https:\/\/connect.facebook.net\/en_US\/fbevents.js');\n    fbq('init', '522546078623747');\n    fbq('track', 'PageView');\n<\/script><br \/>\n<br \/><br \/>\n<br \/><a href=\"https:\/\/www.agrolink.com.br\/noticias\/cafe--impacto-do-grao-na-cultura-e-economia-brasileira_495456.html\">Source link <\/a><\/p>\n","protected":false},"excerpt":{"rendered":"<p>O Dia Internacional do Caf\u00e9 \u00e9 celebrado nesta ter\u00e7a-feira, 1\u00ba de outubro, destacando uma das bebidas mais populares no mundo.<\/p>\n","protected":false},"author":1,"featured_media":2685,"comment_status":"open","ping_status":"open","sticky":false,"template":"","format":"standard","meta":{"_monsterinsights_skip_tracking":false,"_monsterinsights_sitenote_active":false,"_monsterinsights_sitenote_note":"","_monsterinsights_sitenote_category":0,"_uf_show_specific_survey":0,"_uf_disable_surveys":false,"footnotes":""},"categories":[8,1,14],"tags":[],"class_list":["post-2684","post","type-post","status-publish","format-standard","has-post-thumbnail","hentry","category-agro","category-news","category-politica-agro"],"_links":{"self":[{"href":"https:\/\/agromt.news\/index.php?rest_route=\/wp\/v2\/posts\/2684"}],"collection":[{"href":"https:\/\/agromt.news\/index.php?rest_route=\/wp\/v2\/posts"}],"about":[{"href":"https:\/\/agromt.news\/index.php?rest_route=\/wp\/v2\/types\/post"}],"author":[{"embeddable":true,"href":"https:\/\/agromt.news\/index.php?rest_route=\/wp\/v2\/users\/1"}],"replies":[{"embeddable":true,"href":"https:\/\/agromt.news\/index.php?rest_route=%2Fwp%2Fv2%2Fcomments&post=2684"}],"version-history":[{"count":0,"href":"https:\/\/agromt.news\/index.php?rest_route=\/wp\/v2\/posts\/2684\/revisions"}],"wp:featuredmedia":[{"embeddable":true,"href":"https:\/\/agromt.news\/index.php?rest_route=\/wp\/v2\/media\/2685"}],"wp:attachment":[{"href":"https:\/\/agromt.news\/index.php?rest_route=%2Fwp%2Fv2%2Fmedia&parent=2684"}],"wp:term":[{"taxonomy":"category","embeddable":true,"href":"https:\/\/agromt.news\/index.php?rest_route=%2Fwp%2Fv2%2Fcategories&post=2684"},{"taxonomy":"post_tag","embeddable":true,"href":"https:\/\/agromt.news\/index.php?rest_route=%2Fwp%2Fv2%2Ftags&post=2684"}],"curies":[{"name":"wp","href":"https:\/\/api.w.org\/{rel}","templated":true}]}}