{"id":2680,"date":"2024-10-02T19:14:46","date_gmt":"2024-10-02T23:14:46","guid":{"rendered":"https:\/\/agromt.news\/?p=2680"},"modified":"2024-10-02T19:14:46","modified_gmt":"2024-10-02T23:14:46","slug":"ministro-de-minas-e-energia-diz-que-horario-de-verao-deve-ser-confirmado-veja-quando","status":"publish","type":"post","link":"https:\/\/agromt.news\/?p=2680","title":{"rendered":"Ministro de Minas e Energia diz que hor\u00e1rio de ver\u00e3o deve ser confirmado; veja quando"},"content":{"rendered":"<p> <br \/>\n<br \/><img decoding=\"async\" src=\"https:\/\/agromt.news\/wp-content\/uploads\/2024\/09\/ONS-recomenda-que-governo-volte-a-adotar-o-horario-de.jpg\" \/><\/p>\n<div>\n<p>O ministro de Minas e Energia, Alexandre Silveira, afirmou nesta quarta-feira (2) que o hor\u00e1rio de ver\u00e3o \u00e9 uma pol\u00edtica internacional e que deve voltar a ser adotada pelo Brasil. <\/p>\n<p>O titular da pasta criticou a descontinuidade da medida no governo anterior. \u201cChamo de irresponsabilidade o que aconteceu em 2019. N\u00e3o se extingue uma pol\u00edtica por quest\u00e3o ideol\u00f3gica e, sim, por fundamenta\u00e7\u00e3o t\u00e9cnica\u201d.<\/p>\n<\/div>\n<div>\n<figure class=\"wp-block-embed is-type-video is-provider-youtube wp-block-embed-youtube wp-embed-aspect-16-9 wp-has-aspect-ratio\">\n<p>\n<iframe title=\"Hor\u00e1rio de ver\u00e3o \u00e9 pol\u00edtica internacional e deve ser confirmado; veja quando\" width=\"800\" height=\"450\" src=\"https:\/\/www.youtube.com\/embed\/JJIQcKBy1pI?feature=oembed\" frameborder=\"0\" allow=\"accelerometer; autoplay; clipboard-write; encrypted-media; gyroscope; picture-in-picture; web-share\" referrerpolicy=\"strict-origin-when-cross-origin\" allowfullscreen><\/iframe>\n<\/p>\n<\/figure>\n<p>Em setembro, o Operador Nacional do Sistema El\u00e9trico <strong><a href=\"https:\/\/www.ons.org.br\/\">(ONS)<\/a><\/strong> \u2013 respons\u00e1vel pela coordena\u00e7\u00e3o e controle da opera\u00e7\u00e3o das instala\u00e7\u00f5es de gera\u00e7\u00e3o e transmiss\u00e3o de energia el\u00e9trica \u2013 <strong><a href=\"https:\/\/www.canalrural.com.br\/politica\/ons-recomenda-que-governo-volte-a-adotar-o-horario-de-verao\/\">recomendou que o pa\u00eds volte a adotar o hor\u00e1rio de ver\u00e3o<\/a><\/strong>.<\/p>\n<p>Apesar do aval do \u00f3rg\u00e3o, Silveira destacou que a decis\u00e3o ainda n\u00e3o est\u00e1 oficialmente tomada, apesar de ser uma \u201cpossibilidade real\u201d. <\/p>\n<p>\u201cMe reuni com as empresas a\u00e9reas e j\u00e1 \u00e9 p\u00fablico que se n\u00e3o houver nada que possa mudar o atual quadro nos pr\u00f3ximos dias, [o an\u00fancio do] hor\u00e1rio de ver\u00e3o no m\u00eas de <strong>novembro<\/strong> pode se tornar uma realidade muito premente\u201d.<\/p>\n<\/div>\n<p><br \/>\n<br \/><a href=\"https:\/\/www.canalrural.com.br\/nacional\/ministro-de-minas-e-energia-diz-que-horario-de-verao-deve-ser-confirmado-veja-quando\/\">Source link <\/a><\/p>\n","protected":false},"excerpt":{"rendered":"<p>O ministro de Minas e Energia, Alexandre Silveira, afirmou nesta quarta-feira (2) que o hor\u00e1rio de ver\u00e3o \u00e9 uma pol\u00edtica<\/p>\n","protected":false},"author":1,"featured_media":1933,"comment_status":"open","ping_status":"open","sticky":false,"template":"","format":"standard","meta":{"_monsterinsights_skip_tracking":false,"_monsterinsights_sitenote_active":false,"_monsterinsights_sitenote_note":"","_monsterinsights_sitenote_category":0,"_uf_show_specific_survey":0,"_uf_disable_surveys":false,"footnotes":""},"categories":[1],"tags":[],"class_list":["post-2680","post","type-post","status-publish","format-standard","has-post-thumbnail","hentry","category-news"],"_links":{"self":[{"href":"https:\/\/agromt.news\/index.php?rest_route=\/wp\/v2\/posts\/2680"}],"collection":[{"href":"https:\/\/agromt.news\/index.php?rest_route=\/wp\/v2\/posts"}],"about":[{"href":"https:\/\/agromt.news\/index.php?rest_route=\/wp\/v2\/types\/post"}],"author":[{"embeddable":true,"href":"https:\/\/agromt.news\/index.php?rest_route=\/wp\/v2\/users\/1"}],"replies":[{"embeddable":true,"href":"https:\/\/agromt.news\/index.php?rest_route=%2Fwp%2Fv2%2Fcomments&post=2680"}],"version-history":[{"count":0,"href":"https:\/\/agromt.news\/index.php?rest_route=\/wp\/v2\/posts\/2680\/revisions"}],"wp:featuredmedia":[{"embeddable":true,"href":"https:\/\/agromt.news\/index.php?rest_route=\/wp\/v2\/media\/1933"}],"wp:attachment":[{"href":"https:\/\/agromt.news\/index.php?rest_route=%2Fwp%2Fv2%2Fmedia&parent=2680"}],"wp:term":[{"taxonomy":"category","embeddable":true,"href":"https:\/\/agromt.news\/index.php?rest_route=%2Fwp%2Fv2%2Fcategories&post=2680"},{"taxonomy":"post_tag","embeddable":true,"href":"https:\/\/agromt.news\/index.php?rest_route=%2Fwp%2Fv2%2Ftags&post=2680"}],"curies":[{"name":"wp","href":"https:\/\/api.w.org\/{rel}","templated":true}]}}