{"id":26622,"date":"2025-12-30T10:36:27","date_gmt":"2025-12-30T14:36:27","guid":{"rendered":"https:\/\/agromt.news\/?p=26622"},"modified":"2025-12-30T10:36:27","modified_gmt":"2025-12-30T14:36:27","slug":"falta-1-mes-para-a-abertura-nacional-da-colheita-da-soja-inscreva-se-gratuitamente","status":"publish","type":"post","link":"https:\/\/agromt.news\/?p=26622","title":{"rendered":"Falta 1 m\u00eas para a Abertura Nacional da Colheita da Soja; inscreva-se gratuitamente!"},"content":{"rendered":"<p> <br \/>\n<\/p>\n<div>\n<figure><img decoding=\"async\" src=\"https:\/\/agromt.news\/wp-content\/uploads\/2025\/12\/Conheca-a-Fazenda-Alto-da-Serra-anfitria-da-Abertura-Nacional.jpg\" alt=\"\" \/><figcaption>Fazenda Alto da Serra<\/figcaption><\/figure>\n<\/div>\n<p>Faltam apenas 30 dias para o evento que d\u00e1 abertura aos trabalhos de abertura da colheita da soja safra 2025\/26. E voc\u00ea, j\u00e1 sabia que as inscri\u00e7\u00f5es j\u00e1 est\u00e3o abertas para a <a href=\"https:\/\/www.canalrural.com.br\/agricultura\/projeto-soja-brasil\/estao-abertas-as-inscricoes-para-a-abertura-nacional-da-colheita-da-soja-25-26\/\">Abertura Nacional da Colheita da Soja 2025\/26<\/a>? O encontro ser\u00e1 realizado no dia 30 de janeiro de 2026, a partir das 8h,na <a href=\"https:\/\/www.canalrural.com.br\/agricultura\/projeto-soja-brasil\/conheca-a-fazenda-alto-da-serra-anfitria-da-abertura-nacional-da-colheita-da-soja\/\">Fazenda Alto da Serra<\/a>, do Grupo Wink, em Porto Nacional (TO). Para se inscrever, basta acessar o <a href=\"https:\/\/eventos.canalrural.com.br\/abertura-colheita-soja\">link<\/a>.<\/p>\n<ul class=\"wp-block-list\">\n<li><strong><em>Fique por dentro das novidades e not\u00edcias recentes sobre a soja! Participe da nossa comunidade atrav\u00e9s do\u00a0<a href=\"https:\/\/chat.whatsapp.com\/BmMRwA0TZ2DHGyhzoaVEWu\">link<\/a>! <img decoding=\"async\" src=\"https:\/\/agromt.news\/wp-content\/uploads\/2025\/12\/Exportacoes-brasileiras-de-soja-devem-superar-33-milhoes-de-t.png\" alt=\"\ud83c\udf31\" class=\"wp-smiley\" style=\"height: 1em;max-height: 1em\" \/><\/em><\/strong><\/li>\n<\/ul>\n<p>Para a presidente da Aprosoja do estado anfitri\u00e3o, Caroline Schneider, sediar a abertura nacional representa um marco para o Tocantins e para o setor produtivo. &#8221;O estado do Tocantins se consolidou como um exemplo de produtividade, sustentabilidade e integra\u00e7\u00e3o entre o campo e a cidade. Receber a abertura nacional reconhece o trabalho dos produtores rurais que impulsionam o desenvolvimento econ\u00f4mico e social do pa\u00eds&#8221;, destaca a presidente.<\/p>\n<p>O presidente da Aprosoja Brasil, Maur\u00edcio Buffon, tamb\u00e9m ressalta a relev\u00e2ncia do Tocantins na produ\u00e7\u00e3o de soja e milho. Segundo ele, a cada safra o estado avan\u00e7a e se fortalece como refer\u00eancia em tecnologia, gest\u00e3o e sustentabilidade no campo, contribuindo de forma estrat\u00e9gica para o crescimento do agroneg\u00f3cio nacional.<\/p>\n<h2 class=\"wp-block-heading\" id=\"h-nao-fique-de-fora-do-evento\">N\u00e3o fique de fora do evento!<\/h2>\n<p>A programa\u00e7\u00e3o ser\u00e1 transmitida ao vivo pelo Canal Rural e pelas redes sociais a partir das 9h, permitindo que produtores e o p\u00fablico de todas as regi\u00f5es acompanhem o in\u00edcio simb\u00f3lico da colheita. A realiza\u00e7\u00e3o \u00e9 do Canal Rural e da Aprosoja Brasil, com apoio da Aprosoja Tocantins e do Grupo Wink.<\/p>\n<p>Entre os convidados, est\u00e1 o economista e bi\u00f3logo Richard Rasmussen, que participar\u00e1 de um dos pain\u00e9is, al\u00e9m de autoridades pol\u00edticas que ir\u00e3o debater as pol\u00edticas p\u00fablicas voltadas ao desenvolvimento do estado.<\/p>\n<p>Com o tema \u201cOnde a soja cresce, a transforma\u00e7\u00e3o acontece\u201d, a Abertura Nacional da Colheita da Soja 2025\/26 refor\u00e7a o protagonismo da cultura da soja e celebra o in\u00edcio de mais uma safra essencial para o agro brasileiro.<\/p>\n<\/p>\n<p>O post <a href=\"https:\/\/www.canalrural.com.br\/diversos\/falta-1-mes-para-a-abertura-nacional-da-colheita-da-soja-inscreva-se-gratuitamente\/\">Falta 1 m\u00eas para a Abertura Nacional da Colheita da Soja; inscreva-se gratuitamente!<\/a> apareceu primeiro em <a href=\"https:\/\/www.canalrural.com.br\">Canal Rural<\/a>.<\/p>\n<p><br \/>\n<br \/><a href=\"https:\/\/www.canalrural.com.br\/diversos\/falta-1-mes-para-a-abertura-nacional-da-colheita-da-soja-inscreva-se-gratuitamente\/\">Source link <\/a><\/p>\n","protected":false},"excerpt":{"rendered":"<p>Fazenda Alto da Serra Faltam apenas 30 dias para o evento que d\u00e1 abertura aos trabalhos de abertura da colheita<\/p>\n","protected":false},"author":1,"featured_media":25229,"comment_status":"open","ping_status":"open","sticky":false,"template":"","format":"standard","meta":{"_monsterinsights_skip_tracking":false,"_monsterinsights_sitenote_active":false,"_monsterinsights_sitenote_note":"","_monsterinsights_sitenote_category":0,"_uf_show_specific_survey":0,"_uf_disable_surveys":false,"footnotes":""},"categories":[1],"tags":[],"class_list":["post-26622","post","type-post","status-publish","format-standard","has-post-thumbnail","hentry","category-news"],"_links":{"self":[{"href":"https:\/\/agromt.news\/index.php?rest_route=\/wp\/v2\/posts\/26622"}],"collection":[{"href":"https:\/\/agromt.news\/index.php?rest_route=\/wp\/v2\/posts"}],"about":[{"href":"https:\/\/agromt.news\/index.php?rest_route=\/wp\/v2\/types\/post"}],"author":[{"embeddable":true,"href":"https:\/\/agromt.news\/index.php?rest_route=\/wp\/v2\/users\/1"}],"replies":[{"embeddable":true,"href":"https:\/\/agromt.news\/index.php?rest_route=%2Fwp%2Fv2%2Fcomments&post=26622"}],"version-history":[{"count":0,"href":"https:\/\/agromt.news\/index.php?rest_route=\/wp\/v2\/posts\/26622\/revisions"}],"wp:featuredmedia":[{"embeddable":true,"href":"https:\/\/agromt.news\/index.php?rest_route=\/wp\/v2\/media\/25229"}],"wp:attachment":[{"href":"https:\/\/agromt.news\/index.php?rest_route=%2Fwp%2Fv2%2Fmedia&parent=26622"}],"wp:term":[{"taxonomy":"category","embeddable":true,"href":"https:\/\/agromt.news\/index.php?rest_route=%2Fwp%2Fv2%2Fcategories&post=26622"},{"taxonomy":"post_tag","embeddable":true,"href":"https:\/\/agromt.news\/index.php?rest_route=%2Fwp%2Fv2%2Ftags&post=26622"}],"curies":[{"name":"wp","href":"https:\/\/api.w.org\/{rel}","templated":true}]}}