{"id":26467,"date":"2025-12-27T12:56:29","date_gmt":"2025-12-27T16:56:29","guid":{"rendered":"https:\/\/agromt.news\/?p=26467"},"modified":"2025-12-27T12:56:29","modified_gmt":"2025-12-27T16:56:29","slug":"apos-onda-de-calor-chuvas-retornam-na-maior-parte-do-pais-na-ultima-semana-do-ano","status":"publish","type":"post","link":"https:\/\/agromt.news\/?p=26467","title":{"rendered":"Ap\u00f3s onda de calor, chuvas retornam na maior parte do pa\u00eds na \u00faltima semana do ano"},"content":{"rendered":"<p> <br \/>\n<\/p>\n<div>\n<figure><img decoding=\"async\" src=\"https:\/\/agromt.news\/wp-content\/uploads\/2025\/09\/Chuva-em-Sao-Paulo-deixa-feridos-e-interrompe-operacao-de.webp.webp\" alt=\"\" \/><\/figure>\n<\/div>\n<p>A \u00faltima semana do ano ser\u00e1 marcada por uma mudan\u00e7a no padr\u00e3o do tempo em grande parte do Brasil, ap\u00f3s dias de calor intenso e tempo mais aberto registrados durante o per\u00edodo do Natal. O enfraquecimento do bloqueio atmosf\u00e9rico que atuava sobre o pa\u00eds permite o avan\u00e7o das instabilidades, favorecendo o retorno das chuvas em \u00e1reas do Sudeste, Centro-Oeste e Norte, al\u00e9m da manuten\u00e7\u00e3o dos temporais no Sul.<\/p>\n<p>Durante a semana do Natal, a presen\u00e7a do bloqueio atmosf\u00e9rico manteve as temperaturas elevadas e contribuiu para a ocorr\u00eancia de recordes de calor, como os registrados na cidade de S\u00e3o Paulo. Nesse per\u00edodo, a chuva ficou mais concentrada sobre a regi\u00e3o Sul.<\/p>\n<h3 class=\"wp-block-heading\" id=\"h-bloqueio-atmosferico-perde-forca-e-instabilidades-avancam\">Bloqueio atmosf\u00e9rico perde for\u00e7a e instabilidades avan\u00e7am<\/h3>\n<p>Com a perda de intensidade do bloqueio atmosf\u00e9rico, as \u00e1reas de instabilidade passam a se organizar melhor e a se espalhar com mais facilidade pelo interior do pa\u00eds. Esse cen\u00e1rio representa uma transi\u00e7\u00e3o importante em rela\u00e7\u00e3o \u00e0 semana anterior, quando o calor extremo limitou o avan\u00e7o das chuvas para diversas regi\u00f5es.<\/p>\n<p>A tend\u00eancia \u00e9 de que a chuva se torne mais abrangente, especialmente no Sudeste, Centro-Oeste e Norte, enquanto o Sul segue com registro de temporais.<\/p>\n<h3 class=\"wp-block-heading\" id=\"h-frente-fria-e-ventos-aumentam-a-umidade\">Frente fria e ventos aumentam a umidade<\/h3>\n<p>O deslocamento de uma frente fria pelo litoral e a circula\u00e7\u00e3o de ventos em diferentes n\u00edveis da atmosfera refor\u00e7am o transporte de umidade sobre o Brasil. Esse cen\u00e1rio cria condi\u00e7\u00f5es favor\u00e1veis para a forma\u00e7\u00e3o de pancadas de chuva mais intensas, que podem vir acompanhadas de raios e rajadas de vento.<\/p>\n<ul class=\"wp-block-list\">\n<li><em>Veja em primeira m\u00e3o tudo sobre agricultura, pecu\u00e1ria, economia e previs\u00e3o do tempo:<\/em><a href=\"https:\/\/news.google.com\/publications\/CAAqBwgKMPKZlQswq_mqAw?hl=pt-BR&amp;gl=BR&amp;ceid=BR%3Apt-419\" target=\"_blank\" rel=\"noreferrer noopener\"><em>\u00a0siga o Canal Rural no Google News!<\/em><\/a><\/li>\n<\/ul>\n<p>No Sul, os temporais continuam frequentes. J\u00e1 no Sudeste, a chuva ganha for\u00e7a principalmente entre as tardes e noites. No Centro-Oeste e no Norte, as instabilidades seguem caracter\u00edsticas do ver\u00e3o, mas com maior organiza\u00e7\u00e3o e potencial para volumes elevados em alguns pontos.<\/p>\n<h3 class=\"wp-block-heading\" id=\"h-calor-persiste-mas-sem-extremos\">Calor persiste, mas sem extremos<\/h3>\n<p>Apesar do aumento da nebulosidade e da chuva, o calor segue presente nesta \u00faltima semana do ano. As temperaturas, no entanto, n\u00e3o devem atingir os extremos observados na semana do Natal.<\/p>\n<p>A sensa\u00e7\u00e3o de abafamento permanece elevada, sobretudo nas \u00e1reas com maior umidade do ar. A combina\u00e7\u00e3o entre calor e umidade mant\u00e9m o risco de chuvas r\u00e1pidas e intensas, especialmente no per\u00edodo da tarde, exigindo aten\u00e7\u00e3o para poss\u00edveis transtornos causados por temporais.<\/p>\n<div data-icp-cta=\"1\" id=\"icp-cta-unique\">Voc\u00ea quer entender como usar o clima a seu favor?<b> <\/b><a href=\"https:\/\/climacampo.canalrural.com.br\/climacampo_-01\">Preparamos um e-book exclusivo<\/a> para ajudar produtores rurais a se antecipar \u00e0s mudan\u00e7as do tempo e planejar melhor suas a\u00e7\u00f5es. Com base em previs\u00f5es meteorol\u00f3gicas confi\u00e1veis, ele oferece orienta\u00e7\u00f5es pr\u00e1ticas para proteger sua lavoura e otimizar seus resultados.<\/div>\n<p>O post <a href=\"https:\/\/www.canalrural.com.br\/tempo\/apos-onda-de-calor-chuvas-retornam-na-maior-parte-do-pais-na-ultima-semana-do-ano\/\">Ap\u00f3s onda de calor, chuvas retornam na maior parte do pa\u00eds na \u00faltima semana do ano<\/a> apareceu primeiro em <a href=\"https:\/\/www.canalrural.com.br\">Canal Rural<\/a>.<\/p>\n<p><br \/>\n<br \/><a href=\"https:\/\/www.canalrural.com.br\/tempo\/apos-onda-de-calor-chuvas-retornam-na-maior-parte-do-pais-na-ultima-semana-do-ano\/\">Source link <\/a><\/p>\n","protected":false},"excerpt":{"rendered":"<p>A \u00faltima semana do ano ser\u00e1 marcada por uma mudan\u00e7a no padr\u00e3o do tempo em grande parte do Brasil, ap\u00f3s<\/p>\n","protected":false},"author":1,"featured_media":25623,"comment_status":"open","ping_status":"open","sticky":false,"template":"","format":"standard","meta":{"_monsterinsights_skip_tracking":false,"_monsterinsights_sitenote_active":false,"_monsterinsights_sitenote_note":"","_monsterinsights_sitenote_category":0,"_uf_show_specific_survey":0,"_uf_disable_surveys":false,"footnotes":""},"categories":[1],"tags":[],"class_list":["post-26467","post","type-post","status-publish","format-standard","has-post-thumbnail","hentry","category-news"],"_links":{"self":[{"href":"https:\/\/agromt.news\/index.php?rest_route=\/wp\/v2\/posts\/26467"}],"collection":[{"href":"https:\/\/agromt.news\/index.php?rest_route=\/wp\/v2\/posts"}],"about":[{"href":"https:\/\/agromt.news\/index.php?rest_route=\/wp\/v2\/types\/post"}],"author":[{"embeddable":true,"href":"https:\/\/agromt.news\/index.php?rest_route=\/wp\/v2\/users\/1"}],"replies":[{"embeddable":true,"href":"https:\/\/agromt.news\/index.php?rest_route=%2Fwp%2Fv2%2Fcomments&post=26467"}],"version-history":[{"count":0,"href":"https:\/\/agromt.news\/index.php?rest_route=\/wp\/v2\/posts\/26467\/revisions"}],"wp:featuredmedia":[{"embeddable":true,"href":"https:\/\/agromt.news\/index.php?rest_route=\/wp\/v2\/media\/25623"}],"wp:attachment":[{"href":"https:\/\/agromt.news\/index.php?rest_route=%2Fwp%2Fv2%2Fmedia&parent=26467"}],"wp:term":[{"taxonomy":"category","embeddable":true,"href":"https:\/\/agromt.news\/index.php?rest_route=%2Fwp%2Fv2%2Fcategories&post=26467"},{"taxonomy":"post_tag","embeddable":true,"href":"https:\/\/agromt.news\/index.php?rest_route=%2Fwp%2Fv2%2Ftags&post=26467"}],"curies":[{"name":"wp","href":"https:\/\/api.w.org\/{rel}","templated":true}]}}