{"id":26466,"date":"2025-12-27T12:40:08","date_gmt":"2025-12-27T16:40:08","guid":{"rendered":"https:\/\/agromt.news\/?p=26466"},"modified":"2025-12-27T12:40:08","modified_gmt":"2025-12-27T16:40:08","slug":"goias-amplia-vbp-da-suinocultura-apos-dois-anos-de-queda","status":"publish","type":"post","link":"https:\/\/agromt.news\/?p=26466","title":{"rendered":"Goi\u00e1s amplia VBP da suinocultura ap\u00f3s dois anos de queda"},"content":{"rendered":"<p> <br \/>\n<\/p>\n<div>\n<p style=\"text-align:justify\">A carne su\u00edna perdeu competitividade frente \u00e0 carne de frango em novembro, segundo dados do Centro de Estudos Avan\u00e7ados em Economia Aplicada (Cepea), analisados na edi\u00e7\u00e3o de dezembro do informativo mensal Agro em Dados, elaborado pela Secretaria de Estado de Agricultura, Pecu\u00e1ria e Abastecimento (Seapa). No per\u00edodo, a carca\u00e7a especial su\u00edna foi comercializada a R$ 12,63 por quilo, com alta de 0,7% em rela\u00e7\u00e3o a outubro. J\u00e1 o frango resfriado apresentou m\u00e9dia mensal de R$ 8,09 por quilo, queda de 0,9% na mesma base de compara\u00e7\u00e3o, resultando em uma diferen\u00e7a de R$ 4,54 por quilo entre as duas prote\u00ednas.&#13;\n<\/p>\n<p style=\"text-align:justify\">Apesar da perda de competitividade no comparativo mensal, a an\u00e1lise da Intelig\u00eancia de Mercado Agropecu\u00e1rio da Seapa indica perspectiva de valoriza\u00e7\u00e3o adicional da carne su\u00edna no encerramento do ano, em fun\u00e7\u00e3o do aumento da demanda associado \u00e0s festividades de fim de ano, tradicionalmente mais aquecida nesse per\u00edodo.<\/p>\n<p style=\"text-align:justify\">O informativo aponta ainda que a suinocultura brasileira retomou o crescimento do Valor Bruto da Produ\u00e7\u00e3o (VBP) entre 2023 e 2025, ap\u00f3s dois anos consecutivos de retra\u00e7\u00e3o. Goi\u00e1s acompanhou esse movimento, com destaque para 2024, quando registrou avan\u00e7o de 25,1% em rela\u00e7\u00e3o a 2023. O desempenho reflete a valoriza\u00e7\u00e3o da carne su\u00edna observada nos \u00faltimos tr\u00eas anos e estimulou a produ\u00e7\u00e3o no estado, que alcan\u00e7ou recorde no n\u00famero de carca\u00e7as abatidas em 2024.&#13;\n<\/p>\n<p style=\"text-align:justify\">O setor segue impulsionado, principalmente, pelo mercado externo. Em outubro, as exporta\u00e7\u00f5es goianas de carne su\u00edna cresceram 60,3% em valor e 39,5% em volume na compara\u00e7\u00e3o com o mesmo m\u00eas do ano anterior. O avan\u00e7o foi influenciado pelo aumento das compras de Singapura, principal parceiro comercial do estado, respons\u00e1vel por 51,1% do valor exportado no per\u00edodo, com embarques concentrados em carne su\u00edna in natura.<\/p>\n<p style=\"text-align:justify\">Esse desempenho refor\u00e7a a expectativa positiva da Companhia Nacional de Abastecimento (Conab) para as exporta\u00e7\u00f5es brasileiras de carne su\u00edna, projetadas para alcan\u00e7ar 1,4 milh\u00e3o de toneladas em 2025.<\/p>\n<\/p><\/div>\n<p><script data-cfasync=\"false\">\n    !function (f, b, e, v, n, t, s) {\n        if (f.fbq) return; n = f.fbq = function () {\n            n.callMethod ?\n                n.callMethod.apply(n, arguments) : n.queue.push(arguments)\n        };\n        if (!f._fbq) f._fbq = n; n.push = n; n.loaded = !0; n.version = '2.0';\n        n.queue = []; t = b.createElement(e); t.async = !0;\n        t.src = v; s = b.getElementsByTagName(e)[0];\n        s.parentNode.insertBefore(t, s)\n    }(window, document, 'script',\n        'https:\/\/connect.facebook.net\/en_US\/fbevents.js');\n    fbq('init', '522546078623747');\n    fbq('track', 'PageView');\n<\/script><br \/>\n<br \/><br \/>\n<br \/><a href=\"https:\/\/www.agrolink.com.br\/noticias\/goias-amplia-vbp-da-suinocultura-apos-dois-anos-de-queda_509324.html\">Source link <\/a><\/p>\n","protected":false},"excerpt":{"rendered":"<p>A carne su\u00edna perdeu competitividade frente \u00e0 carne de frango em novembro, segundo dados do Centro de Estudos Avan\u00e7ados em<\/p>\n","protected":false},"author":1,"featured_media":8168,"comment_status":"open","ping_status":"open","sticky":false,"template":"","format":"standard","meta":{"_monsterinsights_skip_tracking":false,"_monsterinsights_sitenote_active":false,"_monsterinsights_sitenote_note":"","_monsterinsights_sitenote_category":0,"_uf_show_specific_survey":0,"_uf_disable_surveys":false,"footnotes":""},"categories":[8,1,14],"tags":[],"class_list":["post-26466","post","type-post","status-publish","format-standard","has-post-thumbnail","hentry","category-agro","category-news","category-politica-agro"],"_links":{"self":[{"href":"https:\/\/agromt.news\/index.php?rest_route=\/wp\/v2\/posts\/26466"}],"collection":[{"href":"https:\/\/agromt.news\/index.php?rest_route=\/wp\/v2\/posts"}],"about":[{"href":"https:\/\/agromt.news\/index.php?rest_route=\/wp\/v2\/types\/post"}],"author":[{"embeddable":true,"href":"https:\/\/agromt.news\/index.php?rest_route=\/wp\/v2\/users\/1"}],"replies":[{"embeddable":true,"href":"https:\/\/agromt.news\/index.php?rest_route=%2Fwp%2Fv2%2Fcomments&post=26466"}],"version-history":[{"count":0,"href":"https:\/\/agromt.news\/index.php?rest_route=\/wp\/v2\/posts\/26466\/revisions"}],"wp:featuredmedia":[{"embeddable":true,"href":"https:\/\/agromt.news\/index.php?rest_route=\/wp\/v2\/media\/8168"}],"wp:attachment":[{"href":"https:\/\/agromt.news\/index.php?rest_route=%2Fwp%2Fv2%2Fmedia&parent=26466"}],"wp:term":[{"taxonomy":"category","embeddable":true,"href":"https:\/\/agromt.news\/index.php?rest_route=%2Fwp%2Fv2%2Fcategories&post=26466"},{"taxonomy":"post_tag","embeddable":true,"href":"https:\/\/agromt.news\/index.php?rest_route=%2Fwp%2Fv2%2Ftags&post=26466"}],"curies":[{"name":"wp","href":"https:\/\/api.w.org\/{rel}","templated":true}]}}