{"id":26464,"date":"2025-12-27T12:26:16","date_gmt":"2025-12-27T16:26:16","guid":{"rendered":"https:\/\/agromt.news\/?p=26464"},"modified":"2025-12-27T12:26:16","modified_gmt":"2025-12-27T16:26:16","slug":"producao-e-exportacao-de-carne-bovina-da-uniao-europeia-devem-cair-em-2026","status":"publish","type":"post","link":"https:\/\/agromt.news\/?p=26464","title":{"rendered":"Produ\u00e7\u00e3o e exporta\u00e7\u00e3o de carne bovina da Uni\u00e3o Europeia devem cair em 2026"},"content":{"rendered":"<p> <br \/>\n<\/p>\n<div>\n<figure><img decoding=\"async\" src=\"https:\/\/agromt.news\/wp-content\/uploads\/2025\/08\/Brasil-passara-a-exportar-carne-bovina-para-pais-do-Caribe.jpeg\" alt=\"carne bovina\" \/><figcaption>Foto: Divulga\u00e7\u00e3o Mapa<\/figcaption><\/figure>\n<\/div>\n<p>A produ\u00e7\u00e3o de carne bovina pela Uni\u00e3o Europeia em 2026 deve chegar a 6,425 milh\u00f5es de toneladas, em equivalente carca\u00e7a, conforme estimativa da consultoria Safras &amp; Mercado.<\/p>\n<p>A proje\u00e7\u00e3o toma como base os dados do Departamento de Agricultura dos Estados Unidos <strong><a href=\"https:\/\/www.canalrural.com.br\/tag\/usda\/\">(USDA)<\/a><\/strong> e do Departamento de Estat\u00edsticas da Uni\u00e3o Europeia (Eurostat) e mostra que o volume deve ficar 0,77% abaixo do estimado para 2025, de 6,475 milh\u00f5es de toneladas.<\/p>\n<pre class=\"wp-block-code\"><code>Quanto \u00e0s exporta\u00e7\u00f5es dos pa\u00edses membros do bloco, dever\u00e1 recuar 2,44% no ano que vem e atingir 600 mil toneladas de prote\u00edna bovina, em equivalente carca\u00e7a. Em 2025, os embarques foram indicados em 615 mil toneladas.<\/code><\/pre>\n<p>Da mesma forma, as importa\u00e7\u00f5es de carne bovina da Uni\u00e3o Europeia no pr\u00f3ximo ano dever\u00e3o somar 405 mil toneladas, em equivalente carca\u00e7a, 4,71% aqu\u00e9m das 425 mil toneladas previstas para serem adquiridas em 2025.<\/p>\n<ul class=\"wp-block-list\">\n<li><em>Veja em primeira m\u00e3o tudo sobre agricultura, pecu\u00e1ria, economia e previs\u00e3o do tempo:<\/em><a href=\"https:\/\/news.google.com\/publications\/CAAqBwgKMPKZlQswq_mqAw?hl=pt-BR&amp;gl=BR&amp;ceid=BR%3Apt-419\" target=\"_blank\" rel=\"noreferrer noopener\">\u00a0<em>siga o Canal Rural no Google News!<\/em><\/a><\/li>\n<\/ul>\n<p>Os dados ainda mostram que devem ser consumidas 6,230 milh\u00f5es de toneladas de carne bovina em 2026 pelo bloco, volume 0,88% inferior ao esperado para este ano, de 6,285 milh\u00f5es de toneladas.<\/p>\n<p>Quanto ao Brasil, a Associa\u00e7\u00e3o Brasileira de Prote\u00edna Animal <strong><a href=\"https:\/\/www.canalrural.com.br\/tag\/abpa\/\">(ABPA)<\/a><\/strong> estima que foram produzidas 12,3 milh\u00f5es de toneladas da prote\u00edna, recorde hist\u00f3rico. Para 2026, a entidade aponta que a tend\u00eancia \u00e9 de retra\u00e7\u00e3o global, visto que em 2025 o ritmo de abate foi acelerado entre as principais na\u00e7\u00f5es produtoras. <\/p>\n<p>Segundo o USDA, o pa\u00eds deve atingir 11,7 milh\u00f5es de toneladas e ficar em p\u00e9 de igualdade com os Estados Unidos, sendo que, em 2025, o Brasil superou os norte-americanos em produ\u00e7\u00e3o pela primeira vez, com cerca de 500 mil toneladas a mais.<\/p>\n<p><em>*Com informa\u00e7\u00f5es de Safras News<\/em><\/p>\n<p>O post <a href=\"https:\/\/www.canalrural.com.br\/internacional\/producao-e-exportacao-de-carne-bovina-da-uniao-europeia-devem-cair-em-2026\/\">Produ\u00e7\u00e3o e exporta\u00e7\u00e3o de carne bovina da Uni\u00e3o Europeia devem cair em 2026<\/a> apareceu primeiro em <a href=\"https:\/\/www.canalrural.com.br\">Canal Rural<\/a>.<\/p>\n<p><br \/>\n<br \/><a href=\"https:\/\/www.canalrural.com.br\/internacional\/producao-e-exportacao-de-carne-bovina-da-uniao-europeia-devem-cair-em-2026\/\">Source link <\/a><\/p>\n","protected":false},"excerpt":{"rendered":"<p>Foto: Divulga\u00e7\u00e3o Mapa A produ\u00e7\u00e3o de carne bovina pela Uni\u00e3o Europeia em 2026 deve chegar a 6,425 milh\u00f5es de toneladas,<\/p>\n","protected":false},"author":1,"featured_media":26465,"comment_status":"open","ping_status":"open","sticky":false,"template":"","format":"standard","meta":{"_monsterinsights_skip_tracking":false,"_monsterinsights_sitenote_active":false,"_monsterinsights_sitenote_note":"","_monsterinsights_sitenote_category":0,"_uf_show_specific_survey":0,"_uf_disable_surveys":false,"footnotes":""},"categories":[1],"tags":[],"class_list":["post-26464","post","type-post","status-publish","format-standard","has-post-thumbnail","hentry","category-news"],"_links":{"self":[{"href":"https:\/\/agromt.news\/index.php?rest_route=\/wp\/v2\/posts\/26464"}],"collection":[{"href":"https:\/\/agromt.news\/index.php?rest_route=\/wp\/v2\/posts"}],"about":[{"href":"https:\/\/agromt.news\/index.php?rest_route=\/wp\/v2\/types\/post"}],"author":[{"embeddable":true,"href":"https:\/\/agromt.news\/index.php?rest_route=\/wp\/v2\/users\/1"}],"replies":[{"embeddable":true,"href":"https:\/\/agromt.news\/index.php?rest_route=%2Fwp%2Fv2%2Fcomments&post=26464"}],"version-history":[{"count":0,"href":"https:\/\/agromt.news\/index.php?rest_route=\/wp\/v2\/posts\/26464\/revisions"}],"wp:featuredmedia":[{"embeddable":true,"href":"https:\/\/agromt.news\/index.php?rest_route=\/wp\/v2\/media\/26465"}],"wp:attachment":[{"href":"https:\/\/agromt.news\/index.php?rest_route=%2Fwp%2Fv2%2Fmedia&parent=26464"}],"wp:term":[{"taxonomy":"category","embeddable":true,"href":"https:\/\/agromt.news\/index.php?rest_route=%2Fwp%2Fv2%2Fcategories&post=26464"},{"taxonomy":"post_tag","embeddable":true,"href":"https:\/\/agromt.news\/index.php?rest_route=%2Fwp%2Fv2%2Ftags&post=26464"}],"curies":[{"name":"wp","href":"https:\/\/api.w.org\/{rel}","templated":true}]}}