{"id":26460,"date":"2025-12-27T09:38:09","date_gmt":"2025-12-27T13:38:09","guid":{"rendered":"https:\/\/agromt.news\/?p=26460"},"modified":"2025-12-27T09:38:09","modified_gmt":"2025-12-27T13:38:09","slug":"o-agro-nao-agrava-o-calor-extremo-ele-mitiga-a-seca","status":"publish","type":"post","link":"https:\/\/agromt.news\/?p=26460","title":{"rendered":"O agro n\u00e3o agrava o calor extremo, ele mitiga a seca"},"content":{"rendered":"<p> <br \/>\n<\/p>\n<div>\n<figure><img decoding=\"async\" src=\"https:\/\/agromt.news\/wp-content\/uploads\/2025\/08\/Frente-fria-se-afasta-e-temperaturas-sobem-veja-a-previsao.jpg\" alt=\"onda de calor, altas temperaturas\" \/><figcaption>Foto: Motion Array<\/figcaption><\/figure>\n<\/div>\n<p>Ondas de calor cada vez mais intensas voltam a colocar o agro no centro das cr\u00edticas ambientais. Mas, mais uma vez, o debate escorrega para a narrativa f\u00e1cil e ignora os fatos. O campo n\u00e3o compete com a popula\u00e7\u00e3o por \u00e1gua. Pelo contr\u00e1rio: o agro brasileiro ajuda a regular o ciclo h\u00eddrico e a reduzir os impactos da estiagem.<\/p>\n<p><strong>Calor extremo aumenta a evapora\u00e7\u00e3o e o risco de seca<\/strong><\/p>\n<p>Temperaturas elevadas aceleram a perda de umidade do solo e pressionam rios e reservat\u00f3rios. O problema n\u00e3o \u00e9 apenas quanto chove, mas como a \u00e1gua \u00e9 absorvida, armazenada e devolvida ao ambiente.<\/p>\n<p><strong>O agro sequestra a \u00e1gua da chuva no solo<\/strong>\u00a0<\/p>\n<p>Mais de 90% da \u00e1gua utilizada pela agropecu\u00e1ria brasileira vem da chuva. Essa \u00e1gua infiltra no solo, \u00e9 retida pela mat\u00e9ria org\u00e2nica, pelas ra\u00edzes e pela cobertura vegetal, reduzindo o escoamento superficial e ajudando a manter a umidade por mais tempo. Solo vivo funciona como esponja; solo exposto vira deserto.<\/p>\n<p><strong>A produ\u00e7\u00e3o rural n\u00e3o concorre com o uso humano da \u00e1gua<\/strong>\u00a0<\/p>\n<p>A legisla\u00e7\u00e3o brasileira \u00e9 clara: em situa\u00e7\u00f5es de escassez, a prioridade \u00e9 o consumo humano e o abastecimento de animais. A agricultura vem depois e depende de outorga. A ideia de que o agro \u201crouba\u201d \u00e1gua das cidades n\u00e3o resiste \u00e0 lei nem aos dados.<\/p>\n<p><strong>Vegeta\u00e7\u00e3o produtiva ajuda a resfriar o ambiente<\/strong>\u00a0<\/p>\n<p>Lavouras, pastagens bem manejadas e sistemas integrados aumentam a evapotranspira\u00e7\u00e3o equilibrada, reduzem ilhas de calor e melhoram o microclima. \u00c1reas agr\u00edcolas bem conduzidas podem ser mais eficientes na regula\u00e7\u00e3o t\u00e9rmica do que solos degradados ou \u00e1reas urbanas impermeabilizadas.<\/p>\n<p><strong>O produtor \u00e9 a primeira v\u00edtima da seca<\/strong>\u00a0<\/p>\n<p>Quando falta chuva, n\u00e3o h\u00e1 produ\u00e7\u00e3o, n\u00e3o h\u00e1 renda e n\u00e3o h\u00e1 alimento. N\u00e3o faz sentido imaginar que o produtor destruiria o pr\u00f3prio recurso do qual depende para sobreviver.<\/p>\n<p><strong>O verdadeiro colapso h\u00eddrico come\u00e7a fora do campo<\/strong>\u00a0<\/p>\n<p>Enquanto o agro usa majoritariamente \u00e1gua da chuva, mais de um ter\u00e7o da \u00e1gua tratada nas cidades se perde em vazamentos. \u00c1gua captada, tratada, bombeada e desperdi\u00e7ada, sem debate, sem indigna\u00e7\u00e3o e sem manchete.<\/p>\n<p>Demonizar o agro em meio ao calor extremo n\u00e3o ajuda a enfrentar a seca. Preservar \u00e1gua exige solo protegido, vegeta\u00e7\u00e3o viva, manejo correto e investimento em infraestrutura. O agro brasileiro n\u00e3o agrava o problema clim\u00e1tico: ele \u00e9 parte essencial da solu\u00e7\u00e3o.<\/p>\n<div class=\"wp-block-media-text is-stacked-on-mobile\">\n<figure class=\"wp-block-media-text__media\"><img fetchpriority=\"high\" decoding=\"async\" width=\"683\" height=\"1024\" src=\"https:\/\/agromt.news\/wp-content\/uploads\/2025\/12\/1766405079_938_Confusao-a-vista-petroleo-venezuelano-apreendido-pelos-EUA-pode-pertencer.jpg\" alt=\"Miguel Daoud\" class=\"wp-image-4095706 size-full\" \/><\/figure>\n<div class=\"wp-block-media-text__content\">\n<p class=\"has-text-align-center\">*<em><strong>Miguel Daoud<\/strong>&nbsp;\u00e9 comentarista de Economia e Pol\u00edtica&nbsp;do Canal Rural<\/em><\/p>\n<p><\/p>\n<\/div>\n<\/div>\n<hr class=\"wp-block-separator has-alpha-channel-opacity\" \/>\n<p><em>O&nbsp;<strong>Canal Rural<\/strong>&nbsp;n\u00e3o se responsabiliza pelas opini\u00f5es e conceitos emitidos nos textos desta sess\u00e3o, sendo os conte\u00fados de inteira responsabilidade de seus autores. A empresa se reserva o direito de fazer ajustes no texto para adequa\u00e7\u00e3o \u00e0s normas de publica\u00e7\u00e3o.<\/em><\/p>\n<\/p>\n<\/p>\n<p>O post <a href=\"https:\/\/www.canalrural.com.br\/opiniao-noticias\/o-agro-nao-agrava-o-calor-extremo-ele-mitiga-a-seca\/\">O agro n\u00e3o agrava o calor extremo, ele mitiga a seca<\/a> apareceu primeiro em <a href=\"https:\/\/www.canalrural.com.br\">Canal Rural<\/a>.<\/p>\n<p><br \/>\n<br \/><a href=\"https:\/\/www.canalrural.com.br\/opiniao-noticias\/o-agro-nao-agrava-o-calor-extremo-ele-mitiga-a-seca\/\">Source link <\/a><\/p>\n","protected":false},"excerpt":{"rendered":"<p>Foto: Motion Array Ondas de calor cada vez mais intensas voltam a colocar o agro no centro das cr\u00edticas ambientais.<\/p>\n","protected":false},"author":1,"featured_media":25470,"comment_status":"open","ping_status":"open","sticky":false,"template":"","format":"standard","meta":{"_monsterinsights_skip_tracking":false,"_monsterinsights_sitenote_active":false,"_monsterinsights_sitenote_note":"","_monsterinsights_sitenote_category":0,"_uf_show_specific_survey":0,"_uf_disable_surveys":false,"footnotes":""},"categories":[1],"tags":[],"class_list":["post-26460","post","type-post","status-publish","format-standard","has-post-thumbnail","hentry","category-news"],"_links":{"self":[{"href":"https:\/\/agromt.news\/index.php?rest_route=\/wp\/v2\/posts\/26460"}],"collection":[{"href":"https:\/\/agromt.news\/index.php?rest_route=\/wp\/v2\/posts"}],"about":[{"href":"https:\/\/agromt.news\/index.php?rest_route=\/wp\/v2\/types\/post"}],"author":[{"embeddable":true,"href":"https:\/\/agromt.news\/index.php?rest_route=\/wp\/v2\/users\/1"}],"replies":[{"embeddable":true,"href":"https:\/\/agromt.news\/index.php?rest_route=%2Fwp%2Fv2%2Fcomments&post=26460"}],"version-history":[{"count":0,"href":"https:\/\/agromt.news\/index.php?rest_route=\/wp\/v2\/posts\/26460\/revisions"}],"wp:featuredmedia":[{"embeddable":true,"href":"https:\/\/agromt.news\/index.php?rest_route=\/wp\/v2\/media\/25470"}],"wp:attachment":[{"href":"https:\/\/agromt.news\/index.php?rest_route=%2Fwp%2Fv2%2Fmedia&parent=26460"}],"wp:term":[{"taxonomy":"category","embeddable":true,"href":"https:\/\/agromt.news\/index.php?rest_route=%2Fwp%2Fv2%2Fcategories&post=26460"},{"taxonomy":"post_tag","embeddable":true,"href":"https:\/\/agromt.news\/index.php?rest_route=%2Fwp%2Fv2%2Ftags&post=26460"}],"curies":[{"name":"wp","href":"https:\/\/api.w.org\/{rel}","templated":true}]}}