{"id":26456,"date":"2025-12-27T08:45:38","date_gmt":"2025-12-27T12:45:38","guid":{"rendered":"https:\/\/agromt.news\/?p=26456"},"modified":"2025-12-27T08:45:38","modified_gmt":"2025-12-27T12:45:38","slug":"citricultura-enfrenta-queda-de-precos-e-alivio-nos-eua","status":"publish","type":"post","link":"https:\/\/agromt.news\/?p=26456","title":{"rendered":"Citricultura enfrenta queda de pre\u00e7os e al\u00edvio nos EUA"},"content":{"rendered":"<p> <br \/>\n<\/p>\n<div>\n<p style=\"text-align:justify\">A safra 2025 da <a href=\"https:\/\/www.agrolink.com.br\/culturas\/laranja?utm_source=agrolink-detalhe-noticia&amp;utm_medium=detalhe-noticia&amp;utm_campaign=links-internos\" target=\"_blank\" rel=\"noopener\">laranja<\/a> pera para ind\u00fastria come\u00e7ou com pre\u00e7os elevados, sustentados por uma combina\u00e7\u00e3o entre oferta limitada e demanda firme por frutas de boa qualidade. No entanto, ao longo do ano, esse cen\u00e1rio sofreu mudan\u00e7as importantes, impactando diretamente a rentabilidade do citricultor e o ritmo da ind\u00fastria.&#13;\n<\/p>\n<p style=\"text-align:justify\">Segundo dados divulgados pelo Cepea, o segundo trimestre foi marcado por uma revers\u00e3o nas cota\u00e7\u00f5es. Estoques de suco com padr\u00e3o inferior de qualidade e o menor interesse da ind\u00fastria por novos lotes pressionaram os valores pagos ao produtor. Esse movimento se intensificou com a divulga\u00e7\u00e3o, em maio, da estimativa do Fundecitrus, que projetava uma safra 2025\/26 com 314,6 milh\u00f5es de caixas de 40,8 kg, sugerindo um volume mais expressivo.<\/p>\n<p style=\"text-align:justify\">Na avalia\u00e7\u00e3o do setor industrial, a expectativa era de que a produ\u00e7\u00e3o se concentrasse na segunda florada, com colheita intensificada entre agosto e setembro. Do lado dos produtores, entretanto, houve frustra\u00e7\u00e3o com os pre\u00e7os propostos, em um cen\u00e1rio ainda marcado por elevada queda de frutos \u2014 reflexo do avan\u00e7o de doen\u00e7as como o greening e o cancro c\u00edtrico, al\u00e9m das condi\u00e7\u00f5es clim\u00e1ticas adversas.&#13;\n<\/p>\n<p style=\"text-align:justify\">Esses fatores levaram o Fundecitrus a revisar a proje\u00e7\u00e3o inicial. Em novo relat\u00f3rio, a estimativa da safra 2025\/26 foi reduzida para 294,81 milh\u00f5es de caixas, revelando perdas relevantes e reabrindo o debate sobre os desafios fitossanit\u00e1rios da citricultura.<\/p>\n<p style=\"text-align:justify\">Outro fator que trouxe instabilidade ao mercado foi o risco de uma tarifa adicional de 40% por parte dos Estados Unidos sobre o suco brasileiro. A possibilidade de um tarifa\u00e7o elevou a tens\u00e3o entre exportadores durante boa parte do primeiro semestre. Contudo, em julho, veio o al\u00edvio: o governo norte-americano optou por isentar o suco de laranja do Brasil da medida, uma decis\u00e3o considerada estrat\u00e9gica para manter o abastecimento no pa\u00eds.&#13;\n<\/p>\n<p style=\"text-align:justify\">Mesmo com a isen\u00e7\u00e3o, os embarques realizados entre julho e novembro de 2025 ficaram abaixo do volume exportado no mesmo per\u00edodo da safra anterior. Uma das mudan\u00e7as observadas foi a nova composi\u00e7\u00e3o dos destinos: Estados Unidos e Uni\u00e3o Europeia dividiram a lideran\u00e7a nas importa\u00e7\u00f5es, com participa\u00e7\u00f5es semelhantes \u2014 cerca de 48% cada.<\/p>\n<p style=\"text-align:justify\">A safra, que j\u00e1 se mostrava atrasada, tamb\u00e9m apresentou uma nova din\u00e2mica contratual. A formaliza\u00e7\u00e3o de contratos ocorreu mais tardiamente e em volumes menores, o que refor\u00e7ou a press\u00e3o sobre os pre\u00e7os no \u00faltimo trimestre do ano.<\/p>\n<p style=\"text-align:justify\">Com cen\u00e1rio ainda indefinido, a citricultura brasileira encerra 2025 entre a expectativa de recupera\u00e7\u00e3o produtiva, os desafios fitossanit\u00e1rios persistentes e a necessidade de reequilibrar as rela\u00e7\u00f5es comerciais com a ind\u00fastria.<\/p>\n<\/p><\/div>\n<p><script data-cfasync=\"false\">\n    !function (f, b, e, v, n, t, s) {\n        if (f.fbq) return; n = f.fbq = function () {\n            n.callMethod ?\n                n.callMethod.apply(n, arguments) : n.queue.push(arguments)\n        };\n        if (!f._fbq) f._fbq = n; n.push = n; n.loaded = !0; n.version = '2.0';\n        n.queue = []; t = b.createElement(e); t.async = !0;\n        t.src = v; s = b.getElementsByTagName(e)[0];\n        s.parentNode.insertBefore(t, s)\n    }(window, document, 'script',\n        'https:\/\/connect.facebook.net\/en_US\/fbevents.js');\n    fbq('init', '522546078623747');\n    fbq('track', 'PageView');\n<\/script><br \/>\n<br \/><br \/>\n<br \/><a href=\"https:\/\/www.agrolink.com.br\/noticias\/citricultura-enfrenta-queda-de-precos-e-alivio-nos-eua_509303.html\">Source link <\/a><\/p>\n","protected":false},"excerpt":{"rendered":"<p>A safra 2025 da laranja pera para ind\u00fastria come\u00e7ou com pre\u00e7os elevados, sustentados por uma combina\u00e7\u00e3o entre oferta limitada e<\/p>\n","protected":false},"author":1,"featured_media":26457,"comment_status":"open","ping_status":"open","sticky":false,"template":"","format":"standard","meta":{"_monsterinsights_skip_tracking":false,"_monsterinsights_sitenote_active":false,"_monsterinsights_sitenote_note":"","_monsterinsights_sitenote_category":0,"_uf_show_specific_survey":0,"_uf_disable_surveys":false,"footnotes":""},"categories":[8,1,14],"tags":[],"class_list":["post-26456","post","type-post","status-publish","format-standard","has-post-thumbnail","hentry","category-agro","category-news","category-politica-agro"],"_links":{"self":[{"href":"https:\/\/agromt.news\/index.php?rest_route=\/wp\/v2\/posts\/26456"}],"collection":[{"href":"https:\/\/agromt.news\/index.php?rest_route=\/wp\/v2\/posts"}],"about":[{"href":"https:\/\/agromt.news\/index.php?rest_route=\/wp\/v2\/types\/post"}],"author":[{"embeddable":true,"href":"https:\/\/agromt.news\/index.php?rest_route=\/wp\/v2\/users\/1"}],"replies":[{"embeddable":true,"href":"https:\/\/agromt.news\/index.php?rest_route=%2Fwp%2Fv2%2Fcomments&post=26456"}],"version-history":[{"count":0,"href":"https:\/\/agromt.news\/index.php?rest_route=\/wp\/v2\/posts\/26456\/revisions"}],"wp:featuredmedia":[{"embeddable":true,"href":"https:\/\/agromt.news\/index.php?rest_route=\/wp\/v2\/media\/26457"}],"wp:attachment":[{"href":"https:\/\/agromt.news\/index.php?rest_route=%2Fwp%2Fv2%2Fmedia&parent=26456"}],"wp:term":[{"taxonomy":"category","embeddable":true,"href":"https:\/\/agromt.news\/index.php?rest_route=%2Fwp%2Fv2%2Fcategories&post=26456"},{"taxonomy":"post_tag","embeddable":true,"href":"https:\/\/agromt.news\/index.php?rest_route=%2Fwp%2Fv2%2Ftags&post=26456"}],"curies":[{"name":"wp","href":"https:\/\/api.w.org\/{rel}","templated":true}]}}