{"id":26333,"date":"2025-12-24T11:18:49","date_gmt":"2025-12-24T15:18:49","guid":{"rendered":"https:\/\/agromt.news\/?p=26333"},"modified":"2025-12-24T11:18:49","modified_gmt":"2025-12-24T15:18:49","slug":"morre-paulo-garollo-o-papa-do-milho","status":"publish","type":"post","link":"https:\/\/agromt.news\/?p=26333","title":{"rendered":"Morre Paulo Garollo, o \u2018Papa do Milho\u2019"},"content":{"rendered":"<p> <br \/>\n<\/p>\n<div>\n<figure><img decoding=\"async\" src=\"https:\/\/agromt.news\/wp-content\/uploads\/2025\/12\/Morre-Paulo-Garollo-o-\u2018Papa-do-Milho.jpeg\" alt=\"\" \/><\/figure>\n<\/div>\n<p>Faleceu nesta quarta-feira (24), em decorr\u00eancia de um infarto, Paulo Garollo, refer\u00eancia nacional no setor agr\u00edcola e conhecido como o &#8220;Papa do Milho&#8221;.<\/p>\n<p>Paulo Garollo construiu uma trajet\u00f3ria profissional marcada pela dedica\u00e7\u00e3o ao desenvolvimento da cadeia produtiva do milho no Brasil. Reconhecido pelo profundo conhecimento t\u00e9cnico e pela atua\u00e7\u00e3o pr\u00f3xima a produtores, entidades e empresas do agroneg\u00f3cio, tornou-se uma das vozes mais respeitadas do setor, contribuindo para a dissemina\u00e7\u00e3o de informa\u00e7\u00f5es, inova\u00e7\u00e3o e fortalecimento da cultura do milho no pa\u00eds.<\/p>\n<p>Ao longo da carreira, Garollo participou ativamente de debates, eventos e iniciativas voltadas ao aumento da produtividade, sustentabilidade e valoriza\u00e7\u00e3o do cereal, deixando um legado relevante para o agro brasileiro.<\/p>\n<p>O post <a href=\"https:\/\/www.canalrural.com.br\/agricultura\/milho\/morre-paulo-garollo-o-papa-do-milho\/\">Morre Paulo Garollo, o &#8216;Papa do Milho&#8217;<\/a> apareceu primeiro em <a href=\"https:\/\/www.canalrural.com.br\">Canal Rural<\/a>.<\/p>\n<p><br \/>\n<br \/><a href=\"https:\/\/www.canalrural.com.br\/agricultura\/milho\/morre-paulo-garollo-o-papa-do-milho\/\">Source link <\/a><\/p>\n","protected":false},"excerpt":{"rendered":"<p>Faleceu nesta quarta-feira (24), em decorr\u00eancia de um infarto, Paulo Garollo, refer\u00eancia nacional no setor agr\u00edcola e conhecido como o<\/p>\n","protected":false},"author":1,"featured_media":26334,"comment_status":"open","ping_status":"open","sticky":false,"template":"","format":"standard","meta":{"_monsterinsights_skip_tracking":false,"_monsterinsights_sitenote_active":false,"_monsterinsights_sitenote_note":"","_monsterinsights_sitenote_category":0,"_uf_show_specific_survey":0,"_uf_disable_surveys":false,"footnotes":""},"categories":[1],"tags":[],"class_list":["post-26333","post","type-post","status-publish","format-standard","has-post-thumbnail","hentry","category-news"],"_links":{"self":[{"href":"https:\/\/agromt.news\/index.php?rest_route=\/wp\/v2\/posts\/26333"}],"collection":[{"href":"https:\/\/agromt.news\/index.php?rest_route=\/wp\/v2\/posts"}],"about":[{"href":"https:\/\/agromt.news\/index.php?rest_route=\/wp\/v2\/types\/post"}],"author":[{"embeddable":true,"href":"https:\/\/agromt.news\/index.php?rest_route=\/wp\/v2\/users\/1"}],"replies":[{"embeddable":true,"href":"https:\/\/agromt.news\/index.php?rest_route=%2Fwp%2Fv2%2Fcomments&post=26333"}],"version-history":[{"count":0,"href":"https:\/\/agromt.news\/index.php?rest_route=\/wp\/v2\/posts\/26333\/revisions"}],"wp:featuredmedia":[{"embeddable":true,"href":"https:\/\/agromt.news\/index.php?rest_route=\/wp\/v2\/media\/26334"}],"wp:attachment":[{"href":"https:\/\/agromt.news\/index.php?rest_route=%2Fwp%2Fv2%2Fmedia&parent=26333"}],"wp:term":[{"taxonomy":"category","embeddable":true,"href":"https:\/\/agromt.news\/index.php?rest_route=%2Fwp%2Fv2%2Fcategories&post=26333"},{"taxonomy":"post_tag","embeddable":true,"href":"https:\/\/agromt.news\/index.php?rest_route=%2Fwp%2Fv2%2Ftags&post=26333"}],"curies":[{"name":"wp","href":"https:\/\/api.w.org\/{rel}","templated":true}]}}