{"id":26332,"date":"2025-12-24T10:09:52","date_gmt":"2025-12-24T14:09:52","guid":{"rendered":"https:\/\/agromt.news\/?p=26332"},"modified":"2025-12-24T10:09:52","modified_gmt":"2025-12-24T14:09:52","slug":"cotacoes-atravessam-2025-em-forte-queda","status":"publish","type":"post","link":"https:\/\/agromt.news\/?p=26332","title":{"rendered":"Cota\u00e7\u00f5es atravessam 2025 em forte queda"},"content":{"rendered":"<p> <br \/>\n<\/p>\n<div>\n<div class=\"row\">\n<div class=\"col-lg col-infos mt-0 mt-lg-0\">\n<div class=\"section-sub-title\">\n<p itemprop=\"description\">&#13;<br \/>\n                                Em abril, os pre\u00e7os iniciaram uma trajet\u00f3ria descendente&#13;\n                            <\/p>\n<\/p><\/div>\n<div class=\"container\">\n<div class=\"row\">\n<div class=\"col-lg p-0 text-lg-end\">\n<div>\n<div id=\"mdEnviarPagina\" class=\"modal fade\" role=\"dialog\">\n<div class=\"modal-dialog\">\n<div class=\"modal-content\">\n<div class=\"modal-body\">\n<p><strong>Estimado usu\u00e1rio.<\/strong><br \/>Preencha o formul\u00e1rio abaixo para remeter a p\u00e1gina.<\/p>\n<\/p><\/div>\n<\/p><\/div>\n<\/p><\/div>\n<\/div><\/div>\n<\/p><\/div>\n<\/p><\/div>\n<\/p><\/div>\n<\/p><\/div>\n<\/p><\/div>\n<div class=\"row justify-content-md-center mt-3\">\n<div class=\"col-lg-auto col-image block-news-main-image\">\n<p>                                <img decoding=\"async\" src=\"https:\/\/www.agrolink.com.br\/upload\/imagens-resizes\/9a35558ae78843f09b0283d7edaf085a_858x483.jpg\" class=\"lazyload img-fluid\"\/><br \/>\n                                                <span class=\"publicity-photo d-block mt-1\">Foto: Pixabay<\/span><\/p><\/div>\n<\/p><\/div>\n<div class=\"section-description section-description-noticias mt-3\">\n<p style=\"text-align:justify\">Contrariando expectativas de pre\u00e7os elevados devido \u00e0 escassez global, o mercado de a\u00e7\u00facar registrou expressivas quedas ao longo de 2025, tanto internas como externas.\u00a0As cota\u00e7\u00f5es dom\u00e9sticas abriram o ano ainda em altos patamares, com o Indicador CEPEA\/ESALQ a R$ 154,98\/saca de 50 kg em janeiro. Com o in\u00edcio da safra 2025\/26, em abril, os pre\u00e7os iniciaram uma trajet\u00f3ria descendente, que se estenderia ao longo do ano.&#13;\n<\/p>\n<p style=\"text-align:justify\">A m\u00e9dia do Indicador recuou para R$ 141,36\/sc no come\u00e7o da moagem, caindo progressivamente at\u00e9 R$ 105\/sc no final de novembro, o menor patamar nominal desde abril\/21.\u00a0Segundo pesquisadores do Cepea, essa desvaloriza\u00e7\u00e3o, no entanto, n\u00e3o significou abund\u00e2ncia de produto. Pelo contr\u00e1rio, a disponibilidade permaneceu limitada, especialmente para o a\u00e7\u00facar de melhor qualidade (Icumsa 150), que foi direcionado, em grande parte, \u00e0s exporta\u00e7\u00f5es.\u00a0No balan\u00e7o da safra 2025\/26, segundo dados da Secex, o Brasil exportou 30,86 milh\u00f5es de toneladas de a\u00e7\u00facar (de janeiro\/25 a novembro\/25), praticamente o mesmo volume enviado no ciclo anterior, com a participa\u00e7\u00e3o nacional no com\u00e9rcio global se mantendo pr\u00f3xima dos 50%.&#13;\n<\/p>\n<p style=\"text-align:justify\">Contudo, a queda nos pre\u00e7os internacionais reduziu significativamente a receita: em novembro, o pre\u00e7o m\u00e9dio de exporta\u00e7\u00e3o foi de US$ 377,20\/tonelada, baixa de 21% sobre o mesmo m\u00eas de 2024.\u00a0Pesquisadores do Cepea destacam que um aspecto relevante foi a manuten\u00e7\u00e3o do pr\u00eamio do mercado dom\u00e9stico sobre as vendas externas. Em setembro, o spot paulista remunerava 9,17% a mais que os embarques, considerando os custos de fobiza\u00e7\u00e3o e o c\u00e2mbio vigente. Essa diferen\u00e7a incentivou as usinas a priorizar o abastecimento interno.\u00a0&#13;\n<\/p>\n<\/p><\/div>\n<\/p><\/div>\n<p><script data-cfasync=\"false\">\n    !function (f, b, e, v, n, t, s) {\n        if (f.fbq) return; n = f.fbq = function () {\n            n.callMethod ?\n                n.callMethod.apply(n, arguments) : n.queue.push(arguments)\n        };\n        if (!f._fbq) f._fbq = n; n.push = n; n.loaded = !0; n.version = '2.0';\n        n.queue = []; t = b.createElement(e); t.async = !0;\n        t.src = v; s = b.getElementsByTagName(e)[0];\n        s.parentNode.insertBefore(t, s)\n    }(window, document, 'script',\n        'https:\/\/connect.facebook.net\/en_US\/fbevents.js');\n    fbq('init', '522546078623747');\n    fbq('track', 'PageView');\n<\/script><br \/>\n<br \/><br \/>\n<br \/><a href=\"https:\/\/www.agrolink.com.br\/noticias\/cotacoes-atravessam-2025-em-forte-queda_509272.html\">Source link <\/a><\/p>\n","protected":false},"excerpt":{"rendered":"<p>&#13; Em abril, os pre\u00e7os iniciaram uma trajet\u00f3ria descendente&#13; Estimado usu\u00e1rio.Preencha o formul\u00e1rio abaixo para remeter a p\u00e1gina. Foto: Pixabay<\/p>\n","protected":false},"author":1,"featured_media":3924,"comment_status":"open","ping_status":"open","sticky":false,"template":"","format":"standard","meta":{"_monsterinsights_skip_tracking":false,"_monsterinsights_sitenote_active":false,"_monsterinsights_sitenote_note":"","_monsterinsights_sitenote_category":0,"_uf_show_specific_survey":0,"_uf_disable_surveys":false,"footnotes":""},"categories":[8,1,14],"tags":[],"class_list":["post-26332","post","type-post","status-publish","format-standard","has-post-thumbnail","hentry","category-agro","category-news","category-politica-agro"],"_links":{"self":[{"href":"https:\/\/agromt.news\/index.php?rest_route=\/wp\/v2\/posts\/26332"}],"collection":[{"href":"https:\/\/agromt.news\/index.php?rest_route=\/wp\/v2\/posts"}],"about":[{"href":"https:\/\/agromt.news\/index.php?rest_route=\/wp\/v2\/types\/post"}],"author":[{"embeddable":true,"href":"https:\/\/agromt.news\/index.php?rest_route=\/wp\/v2\/users\/1"}],"replies":[{"embeddable":true,"href":"https:\/\/agromt.news\/index.php?rest_route=%2Fwp%2Fv2%2Fcomments&post=26332"}],"version-history":[{"count":0,"href":"https:\/\/agromt.news\/index.php?rest_route=\/wp\/v2\/posts\/26332\/revisions"}],"wp:featuredmedia":[{"embeddable":true,"href":"https:\/\/agromt.news\/index.php?rest_route=\/wp\/v2\/media\/3924"}],"wp:attachment":[{"href":"https:\/\/agromt.news\/index.php?rest_route=%2Fwp%2Fv2%2Fmedia&parent=26332"}],"wp:term":[{"taxonomy":"category","embeddable":true,"href":"https:\/\/agromt.news\/index.php?rest_route=%2Fwp%2Fv2%2Fcategories&post=26332"},{"taxonomy":"post_tag","embeddable":true,"href":"https:\/\/agromt.news\/index.php?rest_route=%2Fwp%2Fv2%2Ftags&post=26332"}],"curies":[{"name":"wp","href":"https:\/\/api.w.org\/{rel}","templated":true}]}}