{"id":26325,"date":"2025-12-24T06:17:50","date_gmt":"2025-12-24T10:17:50","guid":{"rendered":"https:\/\/agromt.news\/?p=26325"},"modified":"2025-12-24T06:17:50","modified_gmt":"2025-12-24T10:17:50","slug":"soja-e-milho-puxam-exportacoes-em-terminal-de-graos-do-porto-de-itaqui-em-2025","status":"publish","type":"post","link":"https:\/\/agromt.news\/?p=26325","title":{"rendered":"Soja e milho puxam exporta\u00e7\u00f5es em terminal de gr\u00e3os do Porto de Itaqui em 2025"},"content":{"rendered":"<p> <br \/>\n<\/p>\n<div>\n<figure><img decoding=\"async\" src=\"https:\/\/agromt.news\/wp-content\/uploads\/2025\/12\/Soja-e-milho-puxam-exportacoes-em-terminal-de-graos-do.png\" alt=\"Porto de Itaqui\" \/><figcaption>Foto: Divulga\u00e7\u00e3o Emap<\/figcaption><\/figure>\n<\/div>\n<p>O Terminal de Gr\u00e3os do Maranh\u00e3o <a href=\"https:\/\/www.canalrural.com.br\/tag\/tegram\/\">(Tegram)<\/a> embarcou 13,5 milh\u00f5es de toneladas de gr\u00e3os em 2025 e se consolida como o principal hub log\u00edstico do agroneg\u00f3cio no Arco Norte. As cargas partiram do Porto do Itaqui, em S\u00e3o Lu\u00eds, com destino, principalmente, \u00e0 \u00c1sia e \u00e0 Europa.<\/p>\n<p>Ao longo do ano, 202 navios foram carregados com soja, milho e farelo de soja. Do total movimentado, 11,7 milh\u00f5es de toneladas foram de soja e 1,8 milh\u00e3o de toneladas de milho, atendendo produtores do MAPITO \u2014 Maranh\u00e3o, Piau\u00ed e Tocantins \u2014 al\u00e9m de \u00e1reas do Nordeste de Mato Grosso e da Bahia.<\/p>\n<ul class=\"wp-block-list\">\n<li><em>Veja em primeira m\u00e3o tudo sobre agricultura, pecu\u00e1ria, economia e previs\u00e3o do tempo:<\/em><a href=\"https:\/\/news.google.com\/publications\/CAAqBwgKMPKZlQswq_mqAw?hl=pt-BR&amp;gl=BR&amp;ceid=BR%3Apt-419\" target=\"_blank\" rel=\"noreferrer noopener\">\u00a0<em>siga o Canal Rural no Google News!<\/em><\/a><\/li>\n<\/ul>\n<p>Segundo o Cons\u00f3rcio Tegram-Itaqui, o desempenho posiciona o terminal de forma estrat\u00e9gica para atender a safra recorde 2025\/26, estimada em 354,8 milh\u00f5es de toneladas, conforme proje\u00e7\u00e3o divulgada em novembro pela Companhia Nacional de Abastecimento <a href=\"https:\/\/www.canalrural.com.br\/tag\/conab\/\">(Conab)<\/a>.<\/p>\n<p>\u201cO grande volume exportado indica que estamos em uma posi\u00e7\u00e3o relevante na cadeia do agroneg\u00f3cio brasileiro\u201d, afirma Marcos Pepe Bertoni, presidente do Cons\u00f3rcio Tegram-Itaqui. \u201cA infraestrutura e os processos foram desenhados para garantir embarques no ritmo que o setor exige\u201d, completa.<\/p>\n<h3 class=\"wp-block-heading\" id=\"h-infraestrutura-e-expansao\">Infraestrutura e expans\u00e3o<\/h3>\n<p>O Tegram opera h\u00e1 dez anos e \u00e9 apontado como um fator de redu\u00e7\u00e3o de custos log\u00edsticos e amplia\u00e7\u00e3o do acesso aos mercados internacionais. O terminal conta com quatro armaz\u00e9ns, com capacidade est\u00e1tica de 500 mil toneladas.<\/p>\n<p>A estrutura inclui moegas rodovi\u00e1rias capazes de receber mais de 900 caminh\u00f5es por dia, al\u00e9m de duas moegas ferrovi\u00e1rias que descarregam at\u00e9 oito vag\u00f5es simultaneamente.<\/p>\n<p>Atualmente, o terminal possui capacidade anual em torno de 15 milh\u00f5es de toneladas, operando em dois ber\u00e7os de atraca\u00e7\u00e3o, resultado das fases de expans\u00e3o conclu\u00eddas em 2015 e 2020.<\/p>\n<h3 class=\"wp-block-heading\" id=\"h-terceira-fase\">Terceira fase<\/h3>\n<p>O cons\u00f3rcio planeja a terceira fase de expans\u00e3o, com investimento estimado em R$ 1,161 bilh\u00e3o. O projeto prev\u00ea a constru\u00e7\u00e3o de um terceiro ber\u00e7o de atraca\u00e7\u00e3o, que deve acrescentar 8,5 milh\u00f5es de toneladas \u00e0 capacidade operacional anual.<\/p>\n<p>A amplia\u00e7\u00e3o tem como objetivo atender \u00e0 crescente demanda do agroneg\u00f3cio brasileiro e refor\u00e7ar o Porto do Itaqui como um dos principais complexos exportadores de gr\u00e3os do Arco Norte.<\/p>\n<p>O post <a href=\"https:\/\/www.canalrural.com.br\/agricultura\/agronegocio\/soja-e-milho-puxam-exportacoes-em-terminal-de-graos-do-porto-de-itaqui-em-2025\/\">Soja e milho puxam exporta\u00e7\u00f5es em terminal de gr\u00e3os do Porto de Itaqui em 2025<\/a> apareceu primeiro em <a href=\"https:\/\/www.canalrural.com.br\">Canal Rural<\/a>.<\/p>\n<p><br \/>\n<br \/><a href=\"https:\/\/www.canalrural.com.br\/agricultura\/agronegocio\/soja-e-milho-puxam-exportacoes-em-terminal-de-graos-do-porto-de-itaqui-em-2025\/\">Source link <\/a><\/p>\n","protected":false},"excerpt":{"rendered":"<p>Foto: Divulga\u00e7\u00e3o Emap O Terminal de Gr\u00e3os do Maranh\u00e3o (Tegram) embarcou 13,5 milh\u00f5es de toneladas de gr\u00e3os em 2025 e<\/p>\n","protected":false},"author":1,"featured_media":26326,"comment_status":"open","ping_status":"open","sticky":false,"template":"","format":"standard","meta":{"_monsterinsights_skip_tracking":false,"_monsterinsights_sitenote_active":false,"_monsterinsights_sitenote_note":"","_monsterinsights_sitenote_category":0,"_uf_show_specific_survey":0,"_uf_disable_surveys":false,"footnotes":""},"categories":[1],"tags":[],"class_list":["post-26325","post","type-post","status-publish","format-standard","has-post-thumbnail","hentry","category-news"],"_links":{"self":[{"href":"https:\/\/agromt.news\/index.php?rest_route=\/wp\/v2\/posts\/26325"}],"collection":[{"href":"https:\/\/agromt.news\/index.php?rest_route=\/wp\/v2\/posts"}],"about":[{"href":"https:\/\/agromt.news\/index.php?rest_route=\/wp\/v2\/types\/post"}],"author":[{"embeddable":true,"href":"https:\/\/agromt.news\/index.php?rest_route=\/wp\/v2\/users\/1"}],"replies":[{"embeddable":true,"href":"https:\/\/agromt.news\/index.php?rest_route=%2Fwp%2Fv2%2Fcomments&post=26325"}],"version-history":[{"count":0,"href":"https:\/\/agromt.news\/index.php?rest_route=\/wp\/v2\/posts\/26325\/revisions"}],"wp:featuredmedia":[{"embeddable":true,"href":"https:\/\/agromt.news\/index.php?rest_route=\/wp\/v2\/media\/26326"}],"wp:attachment":[{"href":"https:\/\/agromt.news\/index.php?rest_route=%2Fwp%2Fv2%2Fmedia&parent=26325"}],"wp:term":[{"taxonomy":"category","embeddable":true,"href":"https:\/\/agromt.news\/index.php?rest_route=%2Fwp%2Fv2%2Fcategories&post=26325"},{"taxonomy":"post_tag","embeddable":true,"href":"https:\/\/agromt.news\/index.php?rest_route=%2Fwp%2Fv2%2Ftags&post=26325"}],"curies":[{"name":"wp","href":"https:\/\/api.w.org\/{rel}","templated":true}]}}