{"id":26323,"date":"2025-12-24T04:23:12","date_gmt":"2025-12-24T08:23:12","guid":{"rendered":"https:\/\/agromt.news\/?p=26323"},"modified":"2025-12-24T04:23:12","modified_gmt":"2025-12-24T08:23:12","slug":"estados-de-tres-regioes-do-pais-devem-sofrer-com-temporais-nesta-vespera-de-natal","status":"publish","type":"post","link":"https:\/\/agromt.news\/?p=26323","title":{"rendered":"Estados de tr\u00eas regi\u00f5es do pa\u00eds devem sofrer com temporais nesta v\u00e9spera de Natal"},"content":{"rendered":"<p> <br \/>\n<\/p>\n<div>\n<figure><img decoding=\"async\" src=\"https:\/\/agromt.news\/wp-content\/uploads\/2025\/12\/Chuva-acima-de-100-mm-e-rajadas-de-mais-de.jpg\" alt=\"chuva forte e temporal na previs\u00e3o do tempo\" \/><figcaption>Foto: Pixabay<\/figcaption><\/figure>\n<\/div>\n<p>V\u00e9spera do Natal se divide entre tempo firme e calor em algumas \u00e1reas e risco de temporais em outras. Confira a previs\u00e3o da Climatempo:<\/p>\n<div data-icp-cta=\"1\" id=\"icp-cta-unique\">Voc\u00ea quer entender como usar o clima a seu favor?<b> <\/b><a href=\"https:\/\/climacampo.canalrural.com.br\/climacampo_-01\">Preparamos um e-book exclusivo<\/a> para ajudar produtores rurais a se antecipar \u00e0s mudan\u00e7as do tempo e planejar melhor suas a\u00e7\u00f5es. Com base em previs\u00f5es meteorol\u00f3gicas confi\u00e1veis, ele oferece orienta\u00e7\u00f5es pr\u00e1ticas para proteger sua lavoura e otimizar seus resultados.<\/div>\n<h2 class=\"wp-block-heading\" id=\"h-sul\">Sul<\/h2>\n<p>As pancadas de chuva continuam concentradas em grande parte do <strong><a href=\"https:\/\/www.canalrural.com.br\/nacional\/rio-grande-do-sul\/\">Rio Grande do Sul<\/a><\/strong> devido \u00e0 aproxima\u00e7\u00e3o de uma nova frente fria e a presen\u00e7a de calor e umidade na atmosfera. Assim, chove ao longo do dia de maneira moderada a forte intensidade, com <strong>chance de temporais<\/strong>, no estado. J\u00e1 em grande parte de Santa Catarina e no oeste do <strong><a href=\"https:\/\/www.canalrural.com.br\/nacional\/parana\/\">Paran\u00e1 <\/a><\/strong>tamb\u00e9m pode chover de maneira mais forte, enquanto no norte catarinense as precipita\u00e7\u00f5es s\u00e3o de fraca intensidade.<\/p>\n<h2 class=\"wp-block-heading\" id=\"h-sudeste\">Sudeste<\/h2>\n<p>O tempo segue mais est\u00e1vel na maior parte da Regi\u00e3o e as temperaturas continuam elevadas, com o sol predominando ao longo do dia. J\u00e1 em alguns pontos da faixa litor\u00e2nea, al\u00e9m do leste, nordeste, Zona da Mata Mineira e Tri\u00e2ngulo de Minas, pontos do Rio de Janeiro e em boa parte do Esp\u00edrito Santo, h\u00e1 chance de chuvas mais fracas. <\/p>\n<h2 class=\"wp-block-heading\" id=\"h-centro-oeste\">Centro-Oeste<\/h2>\n<p>Em Mato Grosso, a chuva segue mais concentrada pela manh\u00e3 em \u00e1reas do norte, noroeste e oeste do estado, com chance de pancadas fortes. Ao longo do dia, as instabilidades ganham for\u00e7a por grande parte do estado e h\u00e1 <strong>risco de temporais<\/strong> no noroeste do estado. Em algumas \u00e1reas de Goi\u00e1s e de Mato Grosso do Sul, tamb\u00e9m h\u00e1 chance de chuva, por\u00e9m com menor intensidade. J\u00e1 no leste sul mato-grossense e sul goiano, o tempo deve ficar mais firme ao longo do dia.<\/p>\n<h2 class=\"wp-block-heading\" id=\"h-nordeste\">Nordeste<\/h2>\n<p>As pancadas de chuva devem diminuir na Regi\u00e3o, mas h\u00e1 chance de chuva moderada em \u00e1reas do norte do Maranh\u00e3o e do Piau\u00ed. Pelo Cear\u00e1, oeste de Pernambuco, al\u00e9m do oeste e litoral da <strong><a href=\"https:\/\/www.canalrural.com.br\/nacional\/bahia\/\">Bahia<\/a><\/strong>, chove de maneira mais fraca, enquanto o tempo segue firme pelo restante da Regi\u00e3o, com o calor predominando.<\/p>\n<h2 class=\"wp-block-heading\" id=\"h-norte\">Norte<\/h2>\n<p>No Amazonas, Acre, em Rond\u00f4nia e no Amap\u00e1, as pancadas de chuva seguem ocorrendo, com chuva moderada a forte intensidade e <strong>risco de temporais<\/strong>. J\u00e1 no Par\u00e1 e no Tocantins, as chuvas ainda podem ocorrer de maneira irregular em algumas \u00e1reas, enquanto no sudoeste e noroeste do Par\u00e1 s\u00e3o esperadas pancadas mais fortes. Em Roraima, o tempo segue firme.<\/p>\n<p>O post <a href=\"https:\/\/www.canalrural.com.br\/tempo\/estados-de-tres-regioes-do-pais-devem-sofrer-com-temporais-nesta-vespera-de-natal\/\">Estados de tr\u00eas regi\u00f5es do pa\u00eds devem sofrer com temporais nesta v\u00e9spera de Natal<\/a> apareceu primeiro em <a href=\"https:\/\/www.canalrural.com.br\">Canal Rural<\/a>.<\/p>\n<p><br \/>\n<br \/><a href=\"https:\/\/www.canalrural.com.br\/tempo\/estados-de-tres-regioes-do-pais-devem-sofrer-com-temporais-nesta-vespera-de-natal\/\">Source link <\/a><\/p>\n","protected":false},"excerpt":{"rendered":"<p>Foto: Pixabay V\u00e9spera do Natal se divide entre tempo firme e calor em algumas \u00e1reas e risco de temporais em<\/p>\n","protected":false},"author":1,"featured_media":25577,"comment_status":"open","ping_status":"open","sticky":false,"template":"","format":"standard","meta":{"_monsterinsights_skip_tracking":false,"_monsterinsights_sitenote_active":false,"_monsterinsights_sitenote_note":"","_monsterinsights_sitenote_category":0,"_uf_show_specific_survey":0,"_uf_disable_surveys":false,"footnotes":""},"categories":[1],"tags":[],"class_list":["post-26323","post","type-post","status-publish","format-standard","has-post-thumbnail","hentry","category-news"],"_links":{"self":[{"href":"https:\/\/agromt.news\/index.php?rest_route=\/wp\/v2\/posts\/26323"}],"collection":[{"href":"https:\/\/agromt.news\/index.php?rest_route=\/wp\/v2\/posts"}],"about":[{"href":"https:\/\/agromt.news\/index.php?rest_route=\/wp\/v2\/types\/post"}],"author":[{"embeddable":true,"href":"https:\/\/agromt.news\/index.php?rest_route=\/wp\/v2\/users\/1"}],"replies":[{"embeddable":true,"href":"https:\/\/agromt.news\/index.php?rest_route=%2Fwp%2Fv2%2Fcomments&post=26323"}],"version-history":[{"count":0,"href":"https:\/\/agromt.news\/index.php?rest_route=\/wp\/v2\/posts\/26323\/revisions"}],"wp:featuredmedia":[{"embeddable":true,"href":"https:\/\/agromt.news\/index.php?rest_route=\/wp\/v2\/media\/25577"}],"wp:attachment":[{"href":"https:\/\/agromt.news\/index.php?rest_route=%2Fwp%2Fv2%2Fmedia&parent=26323"}],"wp:term":[{"taxonomy":"category","embeddable":true,"href":"https:\/\/agromt.news\/index.php?rest_route=%2Fwp%2Fv2%2Fcategories&post=26323"},{"taxonomy":"post_tag","embeddable":true,"href":"https:\/\/agromt.news\/index.php?rest_route=%2Fwp%2Fv2%2Ftags&post=26323"}],"curies":[{"name":"wp","href":"https:\/\/api.w.org\/{rel}","templated":true}]}}