{"id":26321,"date":"2025-12-24T04:18:00","date_gmt":"2025-12-24T08:18:00","guid":{"rendered":"https:\/\/agromt.news\/?p=26321"},"modified":"2025-12-24T04:18:00","modified_gmt":"2025-12-24T08:18:00","slug":"cuidados-para-ceia-segura-nas-festas-de-fim-de-ano","status":"publish","type":"post","link":"https:\/\/agromt.news\/?p=26321","title":{"rendered":"Cuidados para ceia segura nas festas de fim de ano"},"content":{"rendered":"<p> <br \/>\n<\/p>\n<div>\n<p><span><span>A ado\u00e7\u00e3o de boas pr\u00e1ticas no preparo e no armazenamento de alimentos no Natal e no Ano Novo \u00e9 necess\u00e1ria para evitar problemas de sa\u00fade nas celebra\u00e7\u00f5es. A extensionista e nutricionista da Empresa de Assist\u00eancia T\u00e9cnica e Extens\u00e3o Rural de Minas Gerais (Emater-MG), Samira Tanure Fonseca alerta que o consumo de \u00e1gua? Ou alimentos contaminados podem provocar intoxica\u00e7\u00f5es, sintomas de desidrata\u00e7\u00e3o mais comuns s\u00e3o v\u00f4mitos, diarreia, dores abdominais e at\u00e9 febre.\u00a0\u00a0<\/span><\/span>&#13;\n<\/p>\n<p><span><span>De acordo com Samira, altera\u00e7\u00f5es na apar\u00eancia, na cor, na textura ou no odor no alimento indicam que ele n\u00e3o \u00e9 seguro para consumo. &#8220;No entanto, \u00e9 preciso frisar que nem todo alimento contaminado apresenta altera\u00e7\u00e3o sensorial. Produtos com prazo de validade vencido, por exemplo, s\u00e3o considerados impr\u00f3prios para o consumo, independentemente das apar\u00eancias&#8221;, ressalta.\u00a0<\/span><\/span>&#13;\n<\/p>\n<p><span><span>Um nutricionista d\u00e1 algumas orienta\u00e7\u00f5es para evitar o desperd\u00edcio e garantir que os pratos n\u00e3o tornem um risco \u00e0 sa\u00fade:\u00a0<\/span><\/span><\/p>\n<p><span><span>planejamento das<\/span><\/span><\/p>\n<p><span><span>&#8211; Planeje o que ser\u00e1 servido e a quantidade de pessoas para calcular as por\u00e7\u00f5es corretamente e evitar desperd\u00edcios;<\/span><\/span><\/p>\n<p><span><span>&#8211; Observe se os produtos est\u00e3o?dentro da validade? e se os alimentos de origem animal apresentarem carimbo de inspe\u00e7\u00e3o sanit\u00e1ria como SIF, SISBI e SIM;<\/span><\/span><\/p>\n<p><span><span>&#8211; N\u00e3o compre produtos enlatados com embalagens estufadas, amassadas ou enferrujadas. As embalagens de pl\u00e1stico ou tetrapak n\u00e3o devem ser rasgadas, danificadas ou furadas;<\/span><\/span><\/p>\n<p><span><span>&#8211; Ao comprar carnes congeladas verifique se elas est\u00e3o firmes, sem gelo e sem \u00e1gua na embalagem.<\/span><\/span><\/p>\n<p><span><span>Transporte<\/span><\/span><\/p>\n<p><span><span>Samira Tanure alerta que as altas temperaturas favorecem a multiplica\u00e7\u00e3o de bact\u00e9rias, por isso os frios devem ser armazenados no freezer e na geladeira o mais r\u00e1pido poss\u00edvel ap\u00f3s a compra.\u00a0<\/span><\/span><\/p>\n<p><span><span>Preparar ea\u00e7\u00e3o\u00a0<\/span><\/span><\/p>\n<p><span><span>&#8211; Lave bem as m\u00e3os, as superf\u00edcies e os objetos antes do preparo.\u00a0<\/span><\/span><\/p>\n<p><span><span>&#8211; Utilize ferramentas diferentes ao preparar alimentos crus e cozidos.\u00a0<\/span><\/span><\/p>\n<p><span><span>&#8211; Higienizar e higienizar os vegetais e frutas.<\/span><\/span><\/p>\n<p><span><span>&#8211; As comidas cozidas que n\u00e3o foram consumidas de reuni\u00f5es imediatas de refrigera\u00e7\u00e3o.<\/span><\/span><\/p>\n<p><span><span>&#8211; O descongelamento deve ser realizado dentro do refrigerador.<\/span><\/span><\/p>\n<p><span><span>&#8211; Para ter certeza do cozimento completo das carnes, verifique a mudan\u00e7a na cor e na textura.\u00a0<\/span><\/span><\/p>\n<p><span><span>&#8211; Receitas com ovos crus, como maionese caseira ou musse, devem ser evitadas, pois s\u00e3o fontes potenciais para transmiss\u00e3o de salmonelose.<\/span><\/span><\/p>\n<p><span><span>Consumo<\/span><\/span><\/p>\n<p><span><span>&#8211; Evite preparar os alimentos com muita anteced\u00eancia antes do consumo\u00a0\u00a0\u00a0<\/span><\/span><\/p>\n<p><span><span>&#8211; Alimentos cozidos ou perec\u00edveis n\u00e3o devem ficar expostos por mais de duas horas em temperatura ambiente. Se a temperatura ambiente estiver acima de 30\u00b0C, esse tempo limite cai para apenas uma hora.<\/span><\/span><\/p>\n<p><span><span>Aproveitamento<\/span><\/span><\/p>\n<p><span><span>&#8211; Ap\u00f3s o fim da refei\u00e7\u00e3o, coloque o mais r\u00e1pido poss\u00edvel os alimentos n\u00e3o consumidos em recipientes com tampa para serem armazenados na geladeira por at\u00e9 4 dias.\u00a0<\/span><\/span><\/p>\n<p><span><span>&#8211; Sobremesas produzidas com leite e derivados devem ser armazenadas na geladeira por at\u00e9 3 dias.\u00a0<\/span><\/span><\/p>\n<p><span><span>&#8211; Congele os alimentos em pequenas por\u00e7\u00f5es e utilize etiquetas com os dados de preparo para melhor controle de validade. Se o alimento for descongelado, n\u00e3o deve ser congelado novamente.<\/span><\/span><\/p>\n<p>\u00a0<\/p>\n<\/p><\/div>\n<p><script data-cfasync=\"false\">\n    !function (f, b, e, v, n, t, s) {\n        if (f.fbq) return; n = f.fbq = function () {\n            n.callMethod ?\n                n.callMethod.apply(n, arguments) : n.queue.push(arguments)\n        };\n        if (!f._fbq) f._fbq = n; n.push = n; n.loaded = !0; n.version = '2.0';\n        n.queue = []; t = b.createElement(e); t.async = !0;\n        t.src = v; s = b.getElementsByTagName(e)[0];\n        s.parentNode.insertBefore(t, s)\n    }(window, document, 'script',\n        'https:\/\/connect.facebook.net\/en_US\/fbevents.js');\n    fbq('init', '522546078623747');\n    fbq('track', 'PageView');\n<\/script><br \/>\n<br \/><br \/>\n<br \/><a href=\"https:\/\/www.agrolink.com.br\/noticias\/boas-praticas-garantem-uma-ceia-segura--nas-confraternizacoes_509191.html\">Source link <\/a><\/p>\n","protected":false},"excerpt":{"rendered":"<p>A ado\u00e7\u00e3o de boas pr\u00e1ticas no preparo e no armazenamento de alimentos no Natal e no Ano Novo \u00e9 necess\u00e1ria<\/p>\n","protected":false},"author":1,"featured_media":26322,"comment_status":"open","ping_status":"open","sticky":false,"template":"","format":"standard","meta":{"_monsterinsights_skip_tracking":false,"_monsterinsights_sitenote_active":false,"_monsterinsights_sitenote_note":"","_monsterinsights_sitenote_category":0,"_uf_show_specific_survey":0,"_uf_disable_surveys":false,"footnotes":""},"categories":[8,1,14],"tags":[],"class_list":["post-26321","post","type-post","status-publish","format-standard","has-post-thumbnail","hentry","category-agro","category-news","category-politica-agro"],"_links":{"self":[{"href":"https:\/\/agromt.news\/index.php?rest_route=\/wp\/v2\/posts\/26321"}],"collection":[{"href":"https:\/\/agromt.news\/index.php?rest_route=\/wp\/v2\/posts"}],"about":[{"href":"https:\/\/agromt.news\/index.php?rest_route=\/wp\/v2\/types\/post"}],"author":[{"embeddable":true,"href":"https:\/\/agromt.news\/index.php?rest_route=\/wp\/v2\/users\/1"}],"replies":[{"embeddable":true,"href":"https:\/\/agromt.news\/index.php?rest_route=%2Fwp%2Fv2%2Fcomments&post=26321"}],"version-history":[{"count":0,"href":"https:\/\/agromt.news\/index.php?rest_route=\/wp\/v2\/posts\/26321\/revisions"}],"wp:featuredmedia":[{"embeddable":true,"href":"https:\/\/agromt.news\/index.php?rest_route=\/wp\/v2\/media\/26322"}],"wp:attachment":[{"href":"https:\/\/agromt.news\/index.php?rest_route=%2Fwp%2Fv2%2Fmedia&parent=26321"}],"wp:term":[{"taxonomy":"category","embeddable":true,"href":"https:\/\/agromt.news\/index.php?rest_route=%2Fwp%2Fv2%2Fcategories&post=26321"},{"taxonomy":"post_tag","embeddable":true,"href":"https:\/\/agromt.news\/index.php?rest_route=%2Fwp%2Fv2%2Ftags&post=26321"}],"curies":[{"name":"wp","href":"https:\/\/api.w.org\/{rel}","templated":true}]}}