{"id":26320,"date":"2025-12-24T02:19:24","date_gmt":"2025-12-24T06:19:24","guid":{"rendered":"https:\/\/agromt.news\/?p=26320"},"modified":"2025-12-24T02:19:24","modified_gmt":"2025-12-24T06:19:24","slug":"custos-de-producao-de-frangos-de-corte-e-de-suinos-aumentam-em-novembro","status":"publish","type":"post","link":"https:\/\/agromt.news\/?p=26320","title":{"rendered":"Custos de produ\u00e7\u00e3o de frangos de corte e de su\u00ednos aumentam em novembro"},"content":{"rendered":"<p> <br \/>\n<\/p>\n<div>\n<p style=\"text-align:justify\">Os custos de produ\u00e7\u00e3o de su\u00ednos e de frangos de corte subiram em novembro, na compara\u00e7\u00e3o com outubro, conforme levantamento da Embrapa Su\u00ednos e Aves por meio da Central de Intelig\u00eancia de Aves e Su\u00ednos (CIAS), dispon\u00edvel em embrapa.br\/suinos-e-aves\/cias.&#13;\n<\/p>\n<p style=\"text-align:justify\">No Paran\u00e1, o custo de produ\u00e7\u00e3o do quilo do frango de corte subiu 1,68% em novembro frente a outubro, passando para R$ 4,63 e com o ICPFrango atingindo 358,40 pontos. Apesar disso, no acumulado de 2025, a varia\u00e7\u00e3o \u00e9 negativa, de -3,30%. No comparativo de 12 meses o \u00edndice tamb\u00e9m registra queda: -2,17%. A ra\u00e7\u00e3o, que representou 62,41% do custo total em outubro, subiu 0,58% no m\u00eas. Os custos com aquisi\u00e7\u00e3o de pintos de 1 dia de vida (19,60% do total), aumentaram 7,66% no per\u00edodo.<\/p>\n<p style=\"text-align:justify\">Em Santa Catarina, o custo de produ\u00e7\u00e3o do quilo do su\u00edno vivo foi de R$ 6,42 em novembro, alta de 1,12% em rela\u00e7\u00e3o ao m\u00eas anterior, com o ICPSu\u00edno chegando aos 367,06 pontos. No acumulado de 2025, o \u00edndice tamb\u00e9m registra aumento (3,37%). Em 12 meses, a varia\u00e7\u00e3o \u00e9 de 2,92%. A ra\u00e7\u00e3o, respons\u00e1vel por 71,76% do custo total de produ\u00e7\u00e3o na modalidade de ciclo completo, subiu 1,74% no m\u00eas.&#13;\n<\/p>\n<p style=\"text-align:justify\">Santa Catarina e Paran\u00e1 s\u00e3o estados de refer\u00eancia nos c\u00e1lculos dos \u00cdndices de Custo de Produ\u00e7\u00e3o (ICPs) da CIAS, devido \u00e0 sua relev\u00e2ncia como maiores produtores nacionais de su\u00ednos e frangos de corte, respectivamente. A CIAS tamb\u00e9m disponibiliza estimativas de custos para os estados de GO, MG, MT e RS, fornecendo subs\u00eddios importantes para a gest\u00e3o t\u00e9cnica e econ\u00f4mica dos sistemas produtivos de su\u00ednos e aves de corte.\u00a0\u00a0<\/p>\n<\/p><\/div>\n<p><script data-cfasync=\"false\">\n    !function (f, b, e, v, n, t, s) {\n        if (f.fbq) return; n = f.fbq = function () {\n            n.callMethod ?\n                n.callMethod.apply(n, arguments) : n.queue.push(arguments)\n        };\n        if (!f._fbq) f._fbq = n; n.push = n; n.loaded = !0; n.version = '2.0';\n        n.queue = []; t = b.createElement(e); t.async = !0;\n        t.src = v; s = b.getElementsByTagName(e)[0];\n        s.parentNode.insertBefore(t, s)\n    }(window, document, 'script',\n        'https:\/\/connect.facebook.net\/en_US\/fbevents.js');\n    fbq('init', '522546078623747');\n    fbq('track', 'PageView');\n<\/script><br \/>\n<br \/><br \/>\n<br \/><a href=\"https:\/\/www.agrolink.com.br\/noticias\/custos-de-producao-de-frangos-de-corte-e-de-suinos-aumentam-em-novembro_509198.html\">Source link <\/a><\/p>\n","protected":false},"excerpt":{"rendered":"<p>Os custos de produ\u00e7\u00e3o de su\u00ednos e de frangos de corte subiram em novembro, na compara\u00e7\u00e3o com outubro, conforme levantamento<\/p>\n","protected":false},"author":1,"featured_media":14352,"comment_status":"open","ping_status":"open","sticky":false,"template":"","format":"standard","meta":{"_monsterinsights_skip_tracking":false,"_monsterinsights_sitenote_active":false,"_monsterinsights_sitenote_note":"","_monsterinsights_sitenote_category":0,"_uf_show_specific_survey":0,"_uf_disable_surveys":false,"footnotes":""},"categories":[8,1,14],"tags":[],"class_list":["post-26320","post","type-post","status-publish","format-standard","has-post-thumbnail","hentry","category-agro","category-news","category-politica-agro"],"_links":{"self":[{"href":"https:\/\/agromt.news\/index.php?rest_route=\/wp\/v2\/posts\/26320"}],"collection":[{"href":"https:\/\/agromt.news\/index.php?rest_route=\/wp\/v2\/posts"}],"about":[{"href":"https:\/\/agromt.news\/index.php?rest_route=\/wp\/v2\/types\/post"}],"author":[{"embeddable":true,"href":"https:\/\/agromt.news\/index.php?rest_route=\/wp\/v2\/users\/1"}],"replies":[{"embeddable":true,"href":"https:\/\/agromt.news\/index.php?rest_route=%2Fwp%2Fv2%2Fcomments&post=26320"}],"version-history":[{"count":0,"href":"https:\/\/agromt.news\/index.php?rest_route=\/wp\/v2\/posts\/26320\/revisions"}],"wp:featuredmedia":[{"embeddable":true,"href":"https:\/\/agromt.news\/index.php?rest_route=\/wp\/v2\/media\/14352"}],"wp:attachment":[{"href":"https:\/\/agromt.news\/index.php?rest_route=%2Fwp%2Fv2%2Fmedia&parent=26320"}],"wp:term":[{"taxonomy":"category","embeddable":true,"href":"https:\/\/agromt.news\/index.php?rest_route=%2Fwp%2Fv2%2Fcategories&post=26320"},{"taxonomy":"post_tag","embeddable":true,"href":"https:\/\/agromt.news\/index.php?rest_route=%2Fwp%2Fv2%2Ftags&post=26320"}],"curies":[{"name":"wp","href":"https:\/\/api.w.org\/{rel}","templated":true}]}}