{"id":26317,"date":"2025-12-23T22:20:18","date_gmt":"2025-12-24T02:20:18","guid":{"rendered":"https:\/\/agromt.news\/?p=26317"},"modified":"2025-12-23T22:20:18","modified_gmt":"2025-12-24T02:20:18","slug":"milho-safrinha-pode-bater-novo-recorde-no-parana","status":"publish","type":"post","link":"https:\/\/agromt.news\/?p=26317","title":{"rendered":"Milho safrinha pode bater novo recorde no Paran\u00e1"},"content":{"rendered":"<p> <br \/>\n<\/p>\n<div>\n<p style=\"text-align:justify\">O Departamento de Economia Rural (Deral), da Secretaria de Estado da Agricultura e do Abastecimento (Seab), divulgou nesta quinta-feira (18) as primeiras estimativas de plantio para a segunda safra de <a href=\"https:\/\/www.agrolink.com.br\/culturas\/milho?utm_source=agrolink-detalhe-noticia&amp;utm_medium=detalhe-noticia&amp;utm_campaign=links-internos&#9;\" target=\"_blank\" rel=\"noopener\">milho<\/a> 2025\/26 no Paran\u00e1. De acordo com o Boletim de Conjuntura Agropecu\u00e1ria, os n\u00fameros iniciais apontam para uma \u00e1rea ligeiramente superior \u00e0 do ciclo anterior, o que, em um primeiro momento, sinaliza a possibilidade de novo recorde hist\u00f3rico para a cultura no Estado.&#13;\n<\/p>\n<p style=\"text-align:justify\">Apesar da perspectiva de expans\u00e3o, o Deral destaca que o cen\u00e1rio ainda apresenta elevado grau de incerteza, especialmente na regi\u00e3o Oeste paranaense. Os efeitos das condi\u00e7\u00f5es clim\u00e1ticas sobre a safra de <a href=\"https:\/\/www.agrolink.com.br\/culturas\/soja?utm_source=agrolink-detalhe-noticia&amp;utm_medium=detalhe-noticia&amp;utm_campaign=links-internos\" target=\"_blank\" rel=\"noopener\">soja<\/a> podem ter prolongado o ciclo da oleaginosa, gerando d\u00favidas quanto ao cumprimento do calend\u00e1rio de colheita e, consequentemente, \u00e0 janela ideal para o plantio do milho segunda safra. Esse fator \u00e9 considerado determinante e pode influenciar diretamente o desempenho final da cultura.<\/p>\n<p style=\"text-align:justify\">Pelas estimativas preliminares, a \u00e1rea destinada ao milho safrinha deve alcan\u00e7ar 2,84 milh\u00f5es de hectares. Em condi\u00e7\u00f5es consideradas normais, a produ\u00e7\u00e3o pode chegar a 17,4 milh\u00f5es de toneladas. No entanto, o Deral ressalta que esse cen\u00e1rio dever\u00e1 ser melhor definido na pr\u00f3xima revis\u00e3o, prevista para janeiro, quando haver\u00e1 maior clareza sobre o ritmo e o per\u00edodo de colheita da soja.&#13;\n<\/p>\n<p style=\"text-align:justify\">Outro ponto de aten\u00e7\u00e3o destacado no boletim \u00e9 o aumento dos custos de produ\u00e7\u00e3o. Levantamento realizado em novembro de 2025 indica que o custo vari\u00e1vel por saca de 60 quilos atingiu R$ 38,74, ante R$ 37,16 registrados no mesmo per\u00edodo de 2024, o que representa um aumento aproximado de 4%.<\/p>\n<p style=\"text-align:justify\">Em sentido oposto, os pre\u00e7os pagos ao produtor apresentaram retra\u00e7\u00e3o. Em novembro de 2025, a saca de milho foi cotada, em m\u00e9dia, a R$ 53,44, valor cerca de 11% inferior ao praticado no mesmo per\u00edodo do ano anterior. A combina\u00e7\u00e3o entre custos mais elevados e pre\u00e7os em queda resulta em estreitamento das margens, o que acende um alerta quanto \u00e0 rentabilidade do produtor para a safra 2025\/26.&#13;\n<\/p>\n<\/p><\/div>\n<p><script data-cfasync=\"false\">\n    !function (f, b, e, v, n, t, s) {\n        if (f.fbq) return; n = f.fbq = function () {\n            n.callMethod ?\n                n.callMethod.apply(n, arguments) : n.queue.push(arguments)\n        };\n        if (!f._fbq) f._fbq = n; n.push = n; n.loaded = !0; n.version = '2.0';\n        n.queue = []; t = b.createElement(e); t.async = !0;\n        t.src = v; s = b.getElementsByTagName(e)[0];\n        s.parentNode.insertBefore(t, s)\n    }(window, document, 'script',\n        'https:\/\/connect.facebook.net\/en_US\/fbevents.js');\n    fbq('init', '522546078623747');\n    fbq('track', 'PageView');\n<\/script><br \/>\n<br \/><br \/>\n<br \/><a href=\"https:\/\/www.agrolink.com.br\/noticias\/milho-safrinha-pode-bater-novo-recorde-no-parana_509201.html\">Source link <\/a><\/p>\n","protected":false},"excerpt":{"rendered":"<p>O Departamento de Economia Rural (Deral), da Secretaria de Estado da Agricultura e do Abastecimento (Seab), divulgou nesta quinta-feira (18)<\/p>\n","protected":false},"author":1,"featured_media":3610,"comment_status":"open","ping_status":"open","sticky":false,"template":"","format":"standard","meta":{"_monsterinsights_skip_tracking":false,"_monsterinsights_sitenote_active":false,"_monsterinsights_sitenote_note":"","_monsterinsights_sitenote_category":0,"_uf_show_specific_survey":0,"_uf_disable_surveys":false,"footnotes":""},"categories":[8,1,14],"tags":[],"class_list":["post-26317","post","type-post","status-publish","format-standard","has-post-thumbnail","hentry","category-agro","category-news","category-politica-agro"],"_links":{"self":[{"href":"https:\/\/agromt.news\/index.php?rest_route=\/wp\/v2\/posts\/26317"}],"collection":[{"href":"https:\/\/agromt.news\/index.php?rest_route=\/wp\/v2\/posts"}],"about":[{"href":"https:\/\/agromt.news\/index.php?rest_route=\/wp\/v2\/types\/post"}],"author":[{"embeddable":true,"href":"https:\/\/agromt.news\/index.php?rest_route=\/wp\/v2\/users\/1"}],"replies":[{"embeddable":true,"href":"https:\/\/agromt.news\/index.php?rest_route=%2Fwp%2Fv2%2Fcomments&post=26317"}],"version-history":[{"count":0,"href":"https:\/\/agromt.news\/index.php?rest_route=\/wp\/v2\/posts\/26317\/revisions"}],"wp:featuredmedia":[{"embeddable":true,"href":"https:\/\/agromt.news\/index.php?rest_route=\/wp\/v2\/media\/3610"}],"wp:attachment":[{"href":"https:\/\/agromt.news\/index.php?rest_route=%2Fwp%2Fv2%2Fmedia&parent=26317"}],"wp:term":[{"taxonomy":"category","embeddable":true,"href":"https:\/\/agromt.news\/index.php?rest_route=%2Fwp%2Fv2%2Fcategories&post=26317"},{"taxonomy":"post_tag","embeddable":true,"href":"https:\/\/agromt.news\/index.php?rest_route=%2Fwp%2Fv2%2Ftags&post=26317"}],"curies":[{"name":"wp","href":"https:\/\/api.w.org\/{rel}","templated":true}]}}