{"id":26313,"date":"2025-12-23T19:27:46","date_gmt":"2025-12-23T23:27:46","guid":{"rendered":"https:\/\/agromt.news\/?p=26313"},"modified":"2025-12-23T19:27:46","modified_gmt":"2025-12-23T23:27:46","slug":"vai-preparar-a-ceia-atencao-aos-cuidados-essenciais-com-os-alimentos","status":"publish","type":"post","link":"https:\/\/agromt.news\/?p=26313","title":{"rendered":"Vai preparar a ceia? Aten\u00e7\u00e3o aos cuidados essenciais com os alimentos"},"content":{"rendered":"<p> <br \/>\n<\/p>\n<div>\n<figure><img decoding=\"async\" src=\"https:\/\/agromt.news\/wp-content\/uploads\/2025\/12\/Vai-preparar-a-ceia-Atencao-aos-cuidados-essenciais-com-os.jpg\" alt=\"Ceia de Natal\" \/><figcaption>Foto: Pixabay<\/figcaption><\/figure>\n<\/div>\n<p>Com a chegada das festas de fim de ano, aumenta tamb\u00e9m a aten\u00e7\u00e3o com o preparo das ceias que re\u00fanem fam\u00edlias e amigos. <\/p>\n<p>Para evitar riscos \u00e0 sa\u00fade e garantir a seguran\u00e7a sanit\u00e1ria dos alimentos, a Ag\u00eancia Nacional de Seguran\u00e7a Sanit\u00e1ria (<a href=\"https:\/\/www.canalrural.com.br\/tag\/anvisa\">Anvisa<\/a>) re\u00fane orienta\u00e7\u00f5es que v\u00e3o desde a escolha e a manipula\u00e7\u00e3o dos produtos at\u00e9 o armazenamento correto das sobras.<\/p>\n<ul class=\"wp-block-list\">\n<li><em>Veja em primeira m\u00e3o tudo sobre agricultura, pecu\u00e1ria, economia e previs\u00e3o do tempo:<\/em><a href=\"https:\/\/news.google.com\/publications\/CAAqBwgKMPKZlQswq_mqAw?hl=pt-BR&amp;gl=BR&amp;ceid=BR%3Apt-419\"><strong><em>siga o Canal Rural no Google News!<\/em><\/strong><\/a><\/li>\n<\/ul>\n<h2 class=\"wp-block-heading\" id=\"h-e-fake\"><strong>\u00c9 fake!<\/strong><\/h2>\n<p>O <strong>uso de vinagre para higienizar frutas, legumes e verduras<\/strong> <strong>n\u00e3o \u00e9 eficaz<\/strong>, j\u00e1 que ele n\u00e3o atua como desinfetante ou sanitizante. Apesar de conter \u00e1cido ac\u00e9tico, a subst\u00e2ncia \u00e9 muito dilu\u00edda e n\u00e3o elimina microrganismos.<\/p>\n<p>Para a higieniza\u00e7\u00e3o correta, frutas e verduras devem ser lavadas em \u00e1gua corrente para retirar sujeiras vis\u00edveis, como terra e insetos, e depois deixadas de molho em solu\u00e7\u00e3o pr\u00f3pria para sanitiza\u00e7\u00e3o, seguida de enx\u00e1gue.<\/p>\n<h2 class=\"wp-block-heading\" id=\"h-faca-da-lupa-sua-conselheira\"><strong>Fa\u00e7a da lupa sua conselheira<\/strong><\/h2>\n<p>A lupa nas embalagens dos alimentos alerta sobre os altos teores de a\u00e7\u00facares adicionados, gorduras saturadas e s\u00f3dio. O <strong>s\u00edmbolo aparece na parte frontal das embalagens<\/strong>, com o objetivo de chamar a aten\u00e7\u00e3o do consumidor para o fato de que o respectivo produto deve ser consumido com modera\u00e7\u00e3o. <\/p>\n<h2 class=\"wp-block-heading\" id=\"h-descongelamento-correto\"><strong>Descongelamento correto<\/strong><\/h2>\n<p>N\u00e3o descongele alimentos em temperatura ambiente. O <strong>descongelamento deve ser realizado em condi\u00e7\u00f5es de refrigera\u00e7\u00e3o,<\/strong> em temperatura inferior a 5\u00ba\u00a0C, ou em forno de micro-ondas, quando o alimento for submetido imediatamente ao cozimento.\u00a0<\/p>\n<p>N\u00e3o&nbsp;se&nbsp;deve tirar um alimento do freezer e colocar sobre a bancada da pia para degelar at\u00e9 a hora do preparo porque os micr\u00f3bios se multiplicam muito rapidamente. Mantendo a temperatura abaixo dos 5\u00ba C e acima dos 60\u00ba C, sua multiplica\u00e7\u00e3o \u00e9 retardada e at\u00e9 evitada.&nbsp;<\/p>\n<h2 class=\"wp-block-heading\" id=\"h-lavar-carnes-jamais\"><strong>Lavar carnes? Jamais!<\/strong><\/h2>\n<p>Lavar carnes com \u00e1gua n\u00e3o elimina microrganismos e ainda aumenta o risco de <strong>contamina\u00e7\u00e3o cruzada<\/strong>, ao espalhar bact\u00e9rias para superf\u00edcies, utens\u00edlios e outros alimentos. No caso do frango, por exemplo, o jato da torneira pode espalhar germes por bancadas, esponjas e lou\u00e7as, e mesmo o uso de uma tigela n\u00e3o impede essa dissemina\u00e7\u00e3o. <\/p>\n<p>Por isso, lavar carnes, sejam aves, carnes vermelhas ou peixes, \u00e9 um erro; a forma segura de eliminar bact\u00e9rias \u00e9 o cozimento em temperatura adequada, j\u00e1 que o calor intenso \u00e9 eficaz contra a maioria dos microrganismos.<\/p>\n<h2 class=\"wp-block-heading\" id=\"h-cozimento-das-carnes\"><strong>Cozimento das carnes<\/strong><\/h2>\n<p>Recomenda-se\u00a0cozinhar bem as carnes. Para ter certeza do completo cozimento, verifique a mudan\u00e7a na cor e a textura na parte interna do alimento. No caso de carnes bovinas e de aves, tome cuidado para que as partes internas n\u00e3o fiquem cruas (vermelhas). Os <strong>sucos dessas carnes devem ser claros e n\u00e3o rosados<\/strong>.\u00a0<\/p>\n<h2 class=\"wp-block-heading\" id=\"h-hora-do-rango\"><strong>Hora do rango<\/strong><\/h2>\n<p>Alimentos quentes devem ser mantidos,\u00a0<strong>at\u00e9 a hora de servir<\/strong>,\u00a0em temperatura alta (acima de 60\u00ba\u00a0C) e alimentos frios, em temperaturas mais baixas (abaixo de 5\u00ba\u00a0C).\u00a0Procure\u00a0diminuir ao m\u00e1ximo o tempo entre o\u00a0preparo\u00a0e\u00a0o consumo\u00a0dos alimentos.\u00a0N\u00e3o d\u00ea chance para que os micr\u00f3bios acabem com sua festa!\u00a0<\/p>\n<h2 class=\"wp-block-heading\" id=\"h-as-sobras\"><strong>As sobras<\/strong><\/h2>\n<p>Para evitar riscos \u00e0 sa\u00fade, as sobras da ceia n\u00e3o devem permanecer em temperatura ambiente por mais de duas horas e precisam ser armazenadas em recipientes <strong>bem<\/strong> <strong>vedados e refrigeradas. <\/strong><\/p>\n<p>O ideal \u00e9 retirar ossos de carnes grandes, como peru e pernil, para facilitar a refrigera\u00e7\u00e3o e a circula\u00e7\u00e3o do ar na geladeira. Mantidos abaixo de 4 \u00b0C, os alimentos podem ser consumidos em at\u00e9 tr\u00eas dias, com aten\u00e7\u00e3o especial aos preparos que levam maionese ou ovos crus, que exigem cuidados redobrados.<\/p>\n<p>O post <a href=\"https:\/\/www.canalrural.com.br\/seguranca\/vai-preparar-a-ceia-atencao-aos-cuidados-essenciais-com-os-alimentos\/\">Vai preparar a ceia? Aten\u00e7\u00e3o aos cuidados essenciais com os alimentos<\/a> apareceu primeiro em <a href=\"https:\/\/www.canalrural.com.br\">Canal Rural<\/a>.<\/p>\n<p><br \/>\n<br \/><a href=\"https:\/\/www.canalrural.com.br\/seguranca\/vai-preparar-a-ceia-atencao-aos-cuidados-essenciais-com-os-alimentos\/\">Source link <\/a><\/p>\n","protected":false},"excerpt":{"rendered":"<p>Foto: Pixabay Com a chegada das festas de fim de ano, aumenta tamb\u00e9m a aten\u00e7\u00e3o com o preparo das ceias<\/p>\n","protected":false},"author":1,"featured_media":26314,"comment_status":"open","ping_status":"open","sticky":false,"template":"","format":"standard","meta":{"_monsterinsights_skip_tracking":false,"_monsterinsights_sitenote_active":false,"_monsterinsights_sitenote_note":"","_monsterinsights_sitenote_category":0,"_uf_show_specific_survey":0,"_uf_disable_surveys":false,"footnotes":""},"categories":[1],"tags":[],"class_list":["post-26313","post","type-post","status-publish","format-standard","has-post-thumbnail","hentry","category-news"],"_links":{"self":[{"href":"https:\/\/agromt.news\/index.php?rest_route=\/wp\/v2\/posts\/26313"}],"collection":[{"href":"https:\/\/agromt.news\/index.php?rest_route=\/wp\/v2\/posts"}],"about":[{"href":"https:\/\/agromt.news\/index.php?rest_route=\/wp\/v2\/types\/post"}],"author":[{"embeddable":true,"href":"https:\/\/agromt.news\/index.php?rest_route=\/wp\/v2\/users\/1"}],"replies":[{"embeddable":true,"href":"https:\/\/agromt.news\/index.php?rest_route=%2Fwp%2Fv2%2Fcomments&post=26313"}],"version-history":[{"count":0,"href":"https:\/\/agromt.news\/index.php?rest_route=\/wp\/v2\/posts\/26313\/revisions"}],"wp:featuredmedia":[{"embeddable":true,"href":"https:\/\/agromt.news\/index.php?rest_route=\/wp\/v2\/media\/26314"}],"wp:attachment":[{"href":"https:\/\/agromt.news\/index.php?rest_route=%2Fwp%2Fv2%2Fmedia&parent=26313"}],"wp:term":[{"taxonomy":"category","embeddable":true,"href":"https:\/\/agromt.news\/index.php?rest_route=%2Fwp%2Fv2%2Fcategories&post=26313"},{"taxonomy":"post_tag","embeddable":true,"href":"https:\/\/agromt.news\/index.php?rest_route=%2Fwp%2Fv2%2Ftags&post=26313"}],"curies":[{"name":"wp","href":"https:\/\/api.w.org\/{rel}","templated":true}]}}