{"id":26308,"date":"2025-12-23T18:56:59","date_gmt":"2025-12-23T22:56:59","guid":{"rendered":"https:\/\/agromt.news\/?p=26308"},"modified":"2025-12-23T18:56:59","modified_gmt":"2025-12-23T22:56:59","slug":"precos-do-boi-gordo-hoje-veja-as-cotacoes-as-vesperas-do-natal","status":"publish","type":"post","link":"https:\/\/agromt.news\/?p=26308","title":{"rendered":"Pre\u00e7os do boi gordo hoje: veja as cota\u00e7\u00f5es \u00e0s v\u00e9speras do Natal"},"content":{"rendered":"<p> <br \/>\n<\/p>\n<div>\n<figure><img decoding=\"async\" src=\"https:\/\/agromt.news\/wp-content\/uploads\/2025\/12\/Precos-do-boi-gordo-hoje-veja-as-cotacoes-as-vesperas.jpg\" alt=\"boi gordo natal\" \/><figcaption>Imagem gerada por IA<\/figcaption><\/figure>\n<\/div>\n<p>O mercado f\u00edsico do boi gordo volta a se deparar com manuten\u00e7\u00e3o do padr\u00e3o das negocia\u00e7\u00f5es em uma semana em que a comercializa\u00e7\u00e3o flui de maneira bastante lenta. <\/p>\n<p>De acordo com o analista da consultoria Safras &amp; Mercado Fernando Henrique Iglesias, tanto frigor\u00edficos quanto pecuaristas se mostram menos participativos no mercado, o que \u00e9 bastante compreens\u00edvel nesta \u00e9poca do ano. <\/p>\n<p>&#8220;Ap\u00f3s o feriado de Natal o ritmo seguir\u00e1 lento, com melhora da fluidez das negocia\u00e7\u00f5es durante a primeira quinzena de janeiro. Por outro lado, as exporta\u00e7\u00f5es de carne bovina seguem como grande destaque.&#8221; <\/p>\n<h2 class=\"wp-block-heading\" id=\"h-media-de-precos-do-boi-gordo\">M\u00e9dia de pre\u00e7os do boi gordo<\/h2>\n<ul class=\"wp-block-list\">\n<li><strong>S\u00e3o Paulo:<\/strong> R$ 318,75 \u2014 ontem: R$ 318,50<\/li>\n<li><strong>Goi\u00e1s: <\/strong>R$ 311,39 \u2014 R$ 313,11<\/li>\n<li><strong>Minas Gerais:<\/strong> R$ 309,71 \u2014 R$ 308,53<\/li>\n<li><strong>Mato Grosso do Sul:<\/strong> R$ 311,02 \u2014 R$ 310,68<\/li>\n<li><strong>Mato Grosso: <\/strong>R$ 299,45 \u2014 R$ 299,26<\/li>\n<\/ul>\n<h2 class=\"wp-block-heading\" id=\"h-mercado-atacadista\">Mercado atacadista<\/h2>\n<p>O mercado atacadista ainda se depara com pre\u00e7os acomodados no decorrer da semana, com expectativa de manuten\u00e7\u00e3o dos pre\u00e7os no curt\u00edssimo prazo. <\/p>\n<ul class=\"wp-block-list\">\n<li><em>Veja em primeira m\u00e3o tudo sobre agricultura, pecu\u00e1ria, economia e previs\u00e3o do tempo:<\/em><a href=\"https:\/\/news.google.com\/publications\/CAAqBwgKMPKZlQswq_mqAw?hl=pt-BR&amp;gl=BR&amp;ceid=BR%3Apt-419\" target=\"_blank\" rel=\"noreferrer noopener\">\u00a0<em>siga o Canal Rural no Google News!<\/em><\/a><\/li>\n<\/ul>\n<p>&#8220;\u00c9 importante destacar que o perfil de consumo durante o primeiro trimestre do ano \u00e9 muito mais comedido, com a popula\u00e7\u00e3o \u00e0s voltas com despesas tradicionais, a exemplo da compra de material escolar, IPTU e IPVA, priorizando o consumo de prote\u00ednas mais acess\u00edveis&#8221;, assinalou Iglesias.<\/p>\n<ul class=\"wp-block-list\">\n<li><strong>Quarto traseiro:<\/strong> R$ 25,50 por quilo;<\/li>\n<li><strong>Quarto dianteiro:<\/strong> R$ 18,00 por quilo; <\/li>\n<li><strong>Ponta de agulha:<\/strong> R$ 17,50 por quilo<\/li>\n<\/ul>\n<h2 class=\"wp-block-heading\" id=\"h-cambio\">C\u00e2mbio<\/h2>\n<p>O d\u00f3lar comercial encerrou a sess\u00e3o em queda de 0,93%, sendo negociado a R$ 5,5312 para venda e a R$ 5,5292 para compra. Durante o dia, a moeda norte-americana oscilou entre a m\u00ednima de R$ 5,5293 e a m\u00e1xima de R$ 5,5968.<\/p>\n<p>O post <a href=\"https:\/\/www.canalrural.com.br\/pecuaria\/precos-do-boi-gordo-hoje-veja-as-cotacoes-as-vesperas-do-natal\/\">Pre\u00e7os do boi gordo hoje: veja as cota\u00e7\u00f5es \u00e0s v\u00e9speras do Natal<\/a> apareceu primeiro em <a href=\"https:\/\/www.canalrural.com.br\">Canal Rural<\/a>.<\/p>\n<p><br \/>\n<br \/><a href=\"https:\/\/www.canalrural.com.br\/pecuaria\/precos-do-boi-gordo-hoje-veja-as-cotacoes-as-vesperas-do-natal\/\">Source link <\/a><\/p>\n","protected":false},"excerpt":{"rendered":"<p>Imagem gerada por IA O mercado f\u00edsico do boi gordo volta a se deparar com manuten\u00e7\u00e3o do padr\u00e3o das negocia\u00e7\u00f5es<\/p>\n","protected":false},"author":1,"featured_media":26309,"comment_status":"open","ping_status":"open","sticky":false,"template":"","format":"standard","meta":{"_monsterinsights_skip_tracking":false,"_monsterinsights_sitenote_active":false,"_monsterinsights_sitenote_note":"","_monsterinsights_sitenote_category":0,"_uf_show_specific_survey":0,"_uf_disable_surveys":false,"footnotes":""},"categories":[1],"tags":[],"class_list":["post-26308","post","type-post","status-publish","format-standard","has-post-thumbnail","hentry","category-news"],"_links":{"self":[{"href":"https:\/\/agromt.news\/index.php?rest_route=\/wp\/v2\/posts\/26308"}],"collection":[{"href":"https:\/\/agromt.news\/index.php?rest_route=\/wp\/v2\/posts"}],"about":[{"href":"https:\/\/agromt.news\/index.php?rest_route=\/wp\/v2\/types\/post"}],"author":[{"embeddable":true,"href":"https:\/\/agromt.news\/index.php?rest_route=\/wp\/v2\/users\/1"}],"replies":[{"embeddable":true,"href":"https:\/\/agromt.news\/index.php?rest_route=%2Fwp%2Fv2%2Fcomments&post=26308"}],"version-history":[{"count":0,"href":"https:\/\/agromt.news\/index.php?rest_route=\/wp\/v2\/posts\/26308\/revisions"}],"wp:featuredmedia":[{"embeddable":true,"href":"https:\/\/agromt.news\/index.php?rest_route=\/wp\/v2\/media\/26309"}],"wp:attachment":[{"href":"https:\/\/agromt.news\/index.php?rest_route=%2Fwp%2Fv2%2Fmedia&parent=26308"}],"wp:term":[{"taxonomy":"category","embeddable":true,"href":"https:\/\/agromt.news\/index.php?rest_route=%2Fwp%2Fv2%2Fcategories&post=26308"},{"taxonomy":"post_tag","embeddable":true,"href":"https:\/\/agromt.news\/index.php?rest_route=%2Fwp%2Fv2%2Ftags&post=26308"}],"curies":[{"name":"wp","href":"https:\/\/api.w.org\/{rel}","templated":true}]}}