{"id":26307,"date":"2025-12-23T18:27:38","date_gmt":"2025-12-23T22:27:38","guid":{"rendered":"https:\/\/agromt.news\/?p=26307"},"modified":"2025-12-23T18:27:38","modified_gmt":"2025-12-23T22:27:38","slug":"chuva-recupera-lavouras-de-feijao-no-rs-e-preco-aumenta-39-aponta-emater","status":"publish","type":"post","link":"https:\/\/agromt.news\/?p=26307","title":{"rendered":"Chuva recupera lavouras de feij\u00e3o no RS e pre\u00e7o aumenta 3,9%, aponta Emater"},"content":{"rendered":"<p> <br \/>\n<\/p>\n<div>\n<figure><img decoding=\"async\" src=\"https:\/\/agromt.news\/wp-content\/uploads\/2025\/12\/Feijao-vagem-com-colheita-concentrada-ganha-espaco-entre-produtores.jpeg\" alt=\"Feij\u00e3o-vagem\" \/><figcaption>Foto: Agristar do Brasil<\/figcaption><\/figure>\n<\/div>\n<p>No <strong><a href=\"https:\/\/www.canalrural.com.br\/nacional\/rio-grande-do-sul\/\">Rio Grande do Sul<\/a><\/strong>, as chuvas ocorridas entre 8 e 21 de dezembro favoreceram a recupera\u00e7\u00e3o fisiol\u00f3gica e o desenvolvimento do feij\u00e3o, aponta o relat\u00f3rio semanal da Emater-RS, divulgado nesta ter\u00e7a-feira (23).<\/p>\n<p>Entretanto, as lavouras afetadas pela restri\u00e7\u00e3o h\u00eddrica durante as fases de forma\u00e7\u00e3o e enchimento de gr\u00e3os mant\u00eam potencial produtivo reduzido, com menor emiss\u00e3o de vagens e n\u00famero de gr\u00e3os. <\/p>\n<p>&#8220;J\u00e1 as \u00e1reas em fase de colheita n\u00e3o foram impactadas pela diminui\u00e7\u00e3o das chuvas e apresentam boa qualidade, com gr\u00e3os de maior calibre&#8221;, destaca o documento.<\/p>\n<ul class=\"wp-block-list\">\n<li><em>Veja em primeira m\u00e3o tudo sobre agricultura, pecu\u00e1ria, economia e previs\u00e3o do tempo:<\/em><a href=\"https:\/\/news.google.com\/publications\/CAAqBwgKMPKZlQswq_mqAw?hl=pt-BR&amp;gl=BR&amp;ceid=BR%3Apt-419\" target=\"_blank\" rel=\"noreferrer noopener\">\u00a0<em>siga o Canal Rural no Google News!<\/em><\/a><\/li>\n<\/ul>\n<p>Segundo a Emater-RS, a situa\u00e7\u00e3o fitossanit\u00e1ria da cultura no estado \u00e9 considerada satisfat\u00f3ria, com monitoramento constante de doen\u00e7as e pragas e aplica\u00e7\u00f5es de controle sempre que necess\u00e1rio. <\/p>\n<p>A \u00e1rea projetada \u00e9 de 26.096 hectares, com produtividade m\u00e9dia estimada em 1.779 kg\/ha. O pre\u00e7o (saca de 60 quilos) aumentou 3,89%, quando comparado \u00e0 semana anterior, passando de R$ 115,30 para R$ 119,78.<\/p>\n<p>O post <a href=\"https:\/\/www.canalrural.com.br\/agricultura\/chuva-recupera-lavouras-de-feijao-no-rs-e-preco-aumenta-39-aponta-emater\/\">Chuva recupera lavouras de feij\u00e3o no RS e pre\u00e7o aumenta 3,9%, aponta Emater<\/a> apareceu primeiro em <a href=\"https:\/\/www.canalrural.com.br\">Canal Rural<\/a>.<\/p>\n<p><br \/>\n<br \/><a href=\"https:\/\/www.canalrural.com.br\/agricultura\/chuva-recupera-lavouras-de-feijao-no-rs-e-preco-aumenta-39-aponta-emater\/\">Source link <\/a><\/p>\n","protected":false},"excerpt":{"rendered":"<p>Foto: Agristar do Brasil No Rio Grande do Sul, as chuvas ocorridas entre 8 e 21 de dezembro favoreceram a<\/p>\n","protected":false},"author":1,"featured_media":25729,"comment_status":"open","ping_status":"open","sticky":false,"template":"","format":"standard","meta":{"_monsterinsights_skip_tracking":false,"_monsterinsights_sitenote_active":false,"_monsterinsights_sitenote_note":"","_monsterinsights_sitenote_category":0,"_uf_show_specific_survey":0,"_uf_disable_surveys":false,"footnotes":""},"categories":[1],"tags":[],"class_list":["post-26307","post","type-post","status-publish","format-standard","has-post-thumbnail","hentry","category-news"],"_links":{"self":[{"href":"https:\/\/agromt.news\/index.php?rest_route=\/wp\/v2\/posts\/26307"}],"collection":[{"href":"https:\/\/agromt.news\/index.php?rest_route=\/wp\/v2\/posts"}],"about":[{"href":"https:\/\/agromt.news\/index.php?rest_route=\/wp\/v2\/types\/post"}],"author":[{"embeddable":true,"href":"https:\/\/agromt.news\/index.php?rest_route=\/wp\/v2\/users\/1"}],"replies":[{"embeddable":true,"href":"https:\/\/agromt.news\/index.php?rest_route=%2Fwp%2Fv2%2Fcomments&post=26307"}],"version-history":[{"count":0,"href":"https:\/\/agromt.news\/index.php?rest_route=\/wp\/v2\/posts\/26307\/revisions"}],"wp:featuredmedia":[{"embeddable":true,"href":"https:\/\/agromt.news\/index.php?rest_route=\/wp\/v2\/media\/25729"}],"wp:attachment":[{"href":"https:\/\/agromt.news\/index.php?rest_route=%2Fwp%2Fv2%2Fmedia&parent=26307"}],"wp:term":[{"taxonomy":"category","embeddable":true,"href":"https:\/\/agromt.news\/index.php?rest_route=%2Fwp%2Fv2%2Fcategories&post=26307"},{"taxonomy":"post_tag","embeddable":true,"href":"https:\/\/agromt.news\/index.php?rest_route=%2Fwp%2Fv2%2Ftags&post=26307"}],"curies":[{"name":"wp","href":"https:\/\/api.w.org\/{rel}","templated":true}]}}