{"id":26277,"date":"2025-12-23T12:37:22","date_gmt":"2025-12-23T16:37:22","guid":{"rendered":"https:\/\/agromt.news\/?p=26277"},"modified":"2025-12-23T12:37:22","modified_gmt":"2025-12-23T16:37:22","slug":"uso-de-sementes-irregulares-preocupa-mercado-da-soja","status":"publish","type":"post","link":"https:\/\/agromt.news\/?p=26277","title":{"rendered":"Uso de sementes irregulares preocupa mercado da soja"},"content":{"rendered":"<p> <br \/>\n<\/p>\n<div>\n<p style=\"text-align:justify\">Os pre\u00e7os da <a href=\"https:\/\/www.agrolink.com.br\/culturas\/soja?utm_source=agrolink-detalhe-noticia&amp;utm_medium=detalhe-noticia&amp;utm_campaign=links-internos\" target=\"_blank\" rel=\"noopener\">soja<\/a> mantiveram relativa estabilidade no mercado brasileiro ao longo da semana de 12 a 18 de dezembro, segundo an\u00e1lise da Central Internacional de An\u00e1lises Econ\u00f4micas e de Estudos de Mercado Agropecu\u00e1rio (Ceema), divulgada na quinta-feira (18). Sustentadas por um c\u00e2mbio que chegou a atingir R$ 5,52 por d\u00f3lar em alguns momentos e por pr\u00eamios de exporta\u00e7\u00e3o mais firmes, as cota\u00e7\u00f5es ficaram entre R$ 124,00 e R$ 125,00 por saca nas principais pra\u00e7as do Rio Grande do Sul. Nas demais regi\u00f5es do pa\u00eds, os pre\u00e7os variaram de R$ 116,00 a R$ 123,50 por saca.&#13;\n<\/p>\n<p style=\"text-align:justify\">De acordo com a Ceema, em compara\u00e7\u00e3o com o mesmo per\u00edodo do ano anterior, os valores mostram retra\u00e7\u00e3o fora do Sul. H\u00e1 um ano, o mercado ga\u00facho trabalhava pr\u00f3ximo de R$ 125,00 por saca, enquanto em outras regi\u00f5es os pre\u00e7os oscilavam entre R$ 125,00 e R$ 132,00. Ainda conforme a an\u00e1lise, ao longo da semana diversas pra\u00e7as ficaram sem refer\u00eancia de pre\u00e7o, em fun\u00e7\u00e3o das incertezas cambiais e do movimento de baixa observado na Bolsa de Chicago.<\/p>\n<p style=\"text-align:justify\">A colheita da nova safra brasileira ainda n\u00e3o come\u00e7ou e deve ter in\u00edcio apenas no final de janeiro, pelos estados do Norte do pa\u00eds. At\u00e9 o in\u00edcio da semana analisada, a \u00e1rea semeada alcan\u00e7ava 94,6% do total previsto no Brasil, percentual levemente acima da m\u00e9dia hist\u00f3rica de 94,4% para o per\u00edodo, segundo dados da P\u00e1tria AgroNeg\u00f3cios.<\/p>\n<p style=\"text-align:justify\">No mercado spot, houve maior volume de neg\u00f3cios em raz\u00e3o do aumento da demanda para completar cargas nos portos brasileiros. Esse movimento ajudou a sustentar os pre\u00e7os internos, uma vez que valorizou os pr\u00eamios de exporta\u00e7\u00e3o. Segundo o Centro de Estudos Avan\u00e7ados em Economia Aplicada (Cepea), citado pela Ceema, o cen\u00e1rio \u201cvalorizou os pr\u00eamios de exporta\u00e7\u00e3o no Brasil e ajudou a segurar os pre\u00e7os internos\u201d.&#13;\n<\/p>\n<p style=\"text-align:justify\">Apesar do comportamento dos pre\u00e7os, a an\u00e1lise chama aten\u00e7\u00e3o para a preocupa\u00e7\u00e3o crescente com o uso de sementes de soja n\u00e3o certificadas na safra atual. A pr\u00e1tica inclui sementes piratas e sementes salvas que est\u00e3o sendo comercializadas de forma irregular, impulsionadas pela crise enfrentada pelos produtores, marcada por custos elevados, pre\u00e7os mais baixos e cr\u00e9dito restrito. Segundo a C\u00e9leres Consultoria e a Associa\u00e7\u00e3o Brasileira dos Produtores de Sementes de Soja (Abrass), citadas no estudo, na safra 2025\/26 cerca de 27% da \u00e1rea cultivada no pa\u00eds dever\u00e1 utilizar sementes n\u00e3o certificadas, o equivalente a aproximadamente 13 milh\u00f5es de hectares.<\/p>\n<p style=\"text-align:justify\">Ainda conforme a an\u00e1lise, parte das sementes salvas, que deveria ser utilizada exclusivamente pelo produtor que as colheu, acaba sendo comercializada ilegalmente, caracterizando-se como semente pirata. Estudos indicam que o uso desse material reduz a produtividade m\u00e9dia em cerca de quatro sacas por hectare. Aplicado \u00e0 \u00e1rea estimada, o impacto pode representar uma redu\u00e7\u00e3o de aproximadamente 2,8 milh\u00f5es de toneladas na pr\u00f3xima colheita de soja.<\/p>\n<p style=\"text-align:justify\">Esse cen\u00e1rio tamb\u00e9m pode afetar o desempenho comercial do pa\u00eds, com perda estimada de cerca de 1,9 milh\u00e3o de toneladas nas exporta\u00e7\u00f5es e 900 mil toneladas no consumo interno. Do ponto de vista econ\u00f4mico, a Ceema destaca que aproximadamente 16,4 milh\u00f5es de sacas de sementes certificadas deixam de ser comercializadas, o que representa um preju\u00edzo de cerca de R$ 8 bilh\u00f5es para o setor sementeiro. As perdas em royalties gen\u00e9ticos somariam cerca de R$ 590 milh\u00f5es, o que, segundo o estudo, \u201ccompromete investimentos em pesquisa, inova\u00e7\u00e3o e desenvolvimento de novas cultivares\u201d, al\u00e9m de impactar a gera\u00e7\u00e3o de empregos qualificados, com estimativa de redu\u00e7\u00e3o de cerca de 4.500 postos diretos.&#13;\n<\/p>\n<\/p><\/div>\n<p><script data-cfasync=\"false\">\n    !function (f, b, e, v, n, t, s) {\n        if (f.fbq) return; n = f.fbq = function () {\n            n.callMethod ?\n                n.callMethod.apply(n, arguments) : n.queue.push(arguments)\n        };\n        if (!f._fbq) f._fbq = n; n.push = n; n.loaded = !0; n.version = '2.0';\n        n.queue = []; t = b.createElement(e); t.async = !0;\n        t.src = v; s = b.getElementsByTagName(e)[0];\n        s.parentNode.insertBefore(t, s)\n    }(window, document, 'script',\n        'https:\/\/connect.facebook.net\/en_US\/fbevents.js');\n    fbq('init', '522546078623747');\n    fbq('track', 'PageView');\n<\/script><br \/>\n<br \/><br \/>\n<br \/><a href=\"https:\/\/www.agrolink.com.br\/noticias\/uso-de-sementes-irregulares-preocupa-mercado-da-soja_509207.html\">Source link <\/a><\/p>\n","protected":false},"excerpt":{"rendered":"<p>Os pre\u00e7os da soja mantiveram relativa estabilidade no mercado brasileiro ao longo da semana de 12 a 18 de dezembro,<\/p>\n","protected":false},"author":1,"featured_media":3456,"comment_status":"open","ping_status":"open","sticky":false,"template":"","format":"standard","meta":{"_monsterinsights_skip_tracking":false,"_monsterinsights_sitenote_active":false,"_monsterinsights_sitenote_note":"","_monsterinsights_sitenote_category":0,"_uf_show_specific_survey":0,"_uf_disable_surveys":false,"footnotes":""},"categories":[8,1,14],"tags":[],"class_list":["post-26277","post","type-post","status-publish","format-standard","has-post-thumbnail","hentry","category-agro","category-news","category-politica-agro"],"_links":{"self":[{"href":"https:\/\/agromt.news\/index.php?rest_route=\/wp\/v2\/posts\/26277"}],"collection":[{"href":"https:\/\/agromt.news\/index.php?rest_route=\/wp\/v2\/posts"}],"about":[{"href":"https:\/\/agromt.news\/index.php?rest_route=\/wp\/v2\/types\/post"}],"author":[{"embeddable":true,"href":"https:\/\/agromt.news\/index.php?rest_route=\/wp\/v2\/users\/1"}],"replies":[{"embeddable":true,"href":"https:\/\/agromt.news\/index.php?rest_route=%2Fwp%2Fv2%2Fcomments&post=26277"}],"version-history":[{"count":0,"href":"https:\/\/agromt.news\/index.php?rest_route=\/wp\/v2\/posts\/26277\/revisions"}],"wp:featuredmedia":[{"embeddable":true,"href":"https:\/\/agromt.news\/index.php?rest_route=\/wp\/v2\/media\/3456"}],"wp:attachment":[{"href":"https:\/\/agromt.news\/index.php?rest_route=%2Fwp%2Fv2%2Fmedia&parent=26277"}],"wp:term":[{"taxonomy":"category","embeddable":true,"href":"https:\/\/agromt.news\/index.php?rest_route=%2Fwp%2Fv2%2Fcategories&post=26277"},{"taxonomy":"post_tag","embeddable":true,"href":"https:\/\/agromt.news\/index.php?rest_route=%2Fwp%2Fv2%2Ftags&post=26277"}],"curies":[{"name":"wp","href":"https:\/\/api.w.org\/{rel}","templated":true}]}}