{"id":26275,"date":"2025-12-23T12:12:10","date_gmt":"2025-12-23T16:12:10","guid":{"rendered":"https:\/\/agromt.news\/?p=26275"},"modified":"2025-12-23T12:12:10","modified_gmt":"2025-12-23T16:12:10","slug":"programa-jovem-aprendiz-rural-certifica-184-jovens-em-2025-e-reforca-a-importancia-do-cumprimento-da-lei-da-aprendizagem","status":"publish","type":"post","link":"https:\/\/agromt.news\/?p=26275","title":{"rendered":"Programa Jovem Aprendiz Rural certifica 184 jovens, em 2025, e refor\u00e7a a import\u00e2ncia do cumprimento da Lei da Aprendizagem"},"content":{"rendered":"<p> <br \/>\n<\/p>\n<div>\n<figure><img decoding=\"async\" src=\"https:\/\/agromt.news\/wp-content\/uploads\/2025\/12\/Programa-Jovem-Aprendiz-Rural-certifica-184-jovens-em-2025-e.png\" alt=\"\" \/><figcaption>Foto: Divulga\u00e7\u00e3o<\/figcaption><\/figure>\n<\/div>\n<p id=\"h-\">O Programa Jovem Aprendiz Rural do Senar concluiu mais um ciclo de forma\u00e7\u00e3o profissional em 2025, certificando 124 jovens na Fazenda Modelo e 60 jovens na Fazenda Escola DNR, totalizando 184 aprendizes qualificados para ingresso no mercado de trabalho rural. A iniciativa \u00e9 promovida pelo Sindicato dos Produtores Rurais de Barreiras (SPRB), em parceria com a Associa\u00e7\u00e3o de Agricultores e Irrigantes da Bahia (Aiba), por meio do Instituto Aiba (IAiba), com o Servi\u00e7o Nacional de Aprendizagem Rural (Senar Bahia), Prefeitura de Barreiras e de Riach\u00e3o das Neves e Codevasf.<\/p>\n<figure class=\"wp-block-image size-full\"><img fetchpriority=\"high\" decoding=\"async\" width=\"449\" height=\"524\" src=\"https:\/\/agromt.news\/wp-content\/uploads\/2025\/12\/1766506330_883_Programa-Jovem-Aprendiz-Rural-certifica-184-jovens-em-2025-e.png\" alt=\"\" class=\"wp-image-4146667\" \/><\/figure>\n<figure class=\"wp-block-image size-full\"><img decoding=\"async\" width=\"567\" height=\"360\" src=\"https:\/\/agromt.news\/wp-content\/uploads\/2025\/12\/Programa-Jovem-Aprendiz-Rural-certifica-184-jovens-em-2025-e.png\" alt=\"\" class=\"wp-image-4146668\" \/><\/figure>\n<p>O programa oferta forma\u00e7\u00e3o te\u00f3rica, aulas pr\u00e1ticas e atividades orientadas ao desenvolvimento de compet\u00eancias profissionais voltadas \u00e0s demandas do agroneg\u00f3cio regional.<\/p>\n<figure class=\"wp-block-image size-full\"><img decoding=\"async\" width=\"486\" height=\"365\" src=\"https:\/\/agromt.news\/wp-content\/uploads\/2025\/12\/Programa-Jovem-Aprendiz-Rural-certifica-184-jovens-em-2025-e.jpeg\" alt=\"\" class=\"wp-image-4146666\" \/><\/figure>\n<h2 class=\"wp-block-heading\" id=\"h-parcerias-institucionais\"><strong>Parcerias institucionais<\/strong><\/h2>\n<p>A coordenadora do SPRB, <strong>Silvia Dayube<\/strong>, ressaltou o potencial de empregabilidade das turmas concluintes: <strong>\u201cOs jovens est\u00e3o preparados para atuar em diferentes \u00e1reas do setor produtivo, o que refor\u00e7a a import\u00e2ncia da forma\u00e7\u00e3o continuada.\u201d<\/strong><\/p>\n<p>O gerente do Senar Bahia, <strong>Ivanir Maia<\/strong>, enfatizou o impacto regional do programa: <strong>\u201cTrata-se de uma a\u00e7\u00e3o conjunta que amplia o acesso \u00e0 educa\u00e7\u00e3o profissional e fortalece a inser\u00e7\u00e3o de jovens no mercado de trabalho.\u201d<\/strong><\/p>\n<p>O gerente geral do Instituto Aiba, <strong>Sunny Aaron<\/strong>, destacou a relev\u00e2ncia da articula\u00e7\u00e3o entre as entidades envolvidas e o setor produtivo: <strong>\u201cO apoio dos parceiros e o empenho dos produtores rurais, principais mantenedores do curso, foram determinantes para a qualifica\u00e7\u00e3o destes jovens.\u201d<\/strong><\/p>\n<p>Entre os concluintes, a jovem aprendiz <strong>Beatriz Gomes<\/strong> avaliou positivamente a experi\u00eancia: <strong>\u201cO programa proporcionou conhecimento e pr\u00e1tica fundamentais para meu in\u00edcio no setor.\u201d<\/strong><\/p>\n<h2 class=\"wp-block-heading\" id=\"h-marco-legal-e-relevancia-para-o-setor-rural\"><strong>Marco legal e relev\u00e2ncia para o setor rural<\/strong><strong><\/strong><\/h2>\n<p>Institu\u00edda pela <strong>Lei 10.097\/00<\/strong>, a Lei da Aprendizagem estabelece que empresas e propriedades de m\u00e9dio e grande porte devem manter um percentual entre <strong>5% e 15%<\/strong> de aprendizes em fun\u00e7\u00f5es que demandam forma\u00e7\u00e3o profissional. No contexto rural, a norma tem contribu\u00eddo para a qualifica\u00e7\u00e3o de m\u00e3o de obra, a inclus\u00e3o produtiva de jovens e o fortalecimento das equipes das propriedades.<\/p>\n<p>As entidades envolvidas destacam que o atendimento \u00e0 legisla\u00e7\u00e3o representa n\u00e3o apenas cumprimento de exig\u00eancia legal, mas tamb\u00e9m investimento direto na sustentabilidade e moderniza\u00e7\u00e3o do setor agr\u00edcola.<\/p>\n<h3 class=\"wp-block-heading\" id=\"h-organizacao-das-novas-turmas\"><strong>Organiza\u00e7\u00e3o das novas turmas<\/strong><strong><\/strong><\/h3>\n<p>Com o encerramento do ciclo atual, o <strong>Sindicato dos Produtores Rurais de Barreiras (SPRB)<\/strong> informa que j\u00e1 iniciou o planejamento das turmas previstas para <strong>ingressar em fevereiro de 2026<\/strong>.<\/p>\n<p>Os produtores rurais que ainda n\u00e3o solicitaram sua cota de aprendizes devem procurar o sindicato para alinhamento e distribui\u00e7\u00e3o das vagas, conforme determina a Lei da Aprendizagem.<\/p>\n<h3 class=\"wp-block-heading\" id=\"h-historico-e-resultados\"><strong>Hist\u00f3rico e resultados<\/strong><strong><\/strong><\/h3>\n<p>Desde 2013, o Programa Jovem Aprendiz Rural j\u00e1 formou <strong>mais de 30 turmas<\/strong> e certificou <strong>mais de 1.300 jovens<\/strong>, consolidando-se como uma das principais iniciativas de forma\u00e7\u00e3o profissional do Oeste da Bahia.<\/p>\n<hr class=\"wp-block-separator has-alpha-channel-opacity\" \/>\n<p><em><em>Voc\u00ea tamb\u00e9m pode participar deixando uma sugest\u00e3o de pauta. Siga o&nbsp;<a href=\"https:\/\/www.instagram.com\/canalruralbahia\/\">Canal Rural Bahia no Instagram<\/a>&nbsp;e nos envie uma mensagem<\/em>.<\/em><\/p>\n<p>O post <a href=\"https:\/\/www.canalrural.com.br\/nacional\/bahia\/programa-jovem-aprendiz-rural-certifica-184-jovens-em-2025-e-reforca-a-importancia-do-cumprimento-da-lei-da-aprendizagem\/\">Programa Jovem Aprendiz Rural certifica 184 jovens, em 2025, e refor\u00e7a a import\u00e2ncia do cumprimento da Lei da Aprendizagem<\/a> apareceu primeiro em <a href=\"https:\/\/www.canalrural.com.br\">Canal Rural<\/a>.<\/p>\n<p><script async src=\"\/\/www.instagram.com\/embed.js\"><\/script><br \/>\n<br \/><br \/>\n<br \/><a href=\"https:\/\/www.canalrural.com.br\/nacional\/bahia\/programa-jovem-aprendiz-rural-certifica-184-jovens-em-2025-e-reforca-a-importancia-do-cumprimento-da-lei-da-aprendizagem\/\">Source link <\/a><\/p>\n","protected":false},"excerpt":{"rendered":"<p>Foto: Divulga\u00e7\u00e3o O Programa Jovem Aprendiz Rural do Senar concluiu mais um ciclo de forma\u00e7\u00e3o profissional em 2025, certificando 124<\/p>\n","protected":false},"author":1,"featured_media":26276,"comment_status":"open","ping_status":"open","sticky":false,"template":"","format":"standard","meta":{"_monsterinsights_skip_tracking":false,"_monsterinsights_sitenote_active":false,"_monsterinsights_sitenote_note":"","_monsterinsights_sitenote_category":0,"_uf_show_specific_survey":0,"_uf_disable_surveys":false,"footnotes":""},"categories":[1],"tags":[],"class_list":["post-26275","post","type-post","status-publish","format-standard","has-post-thumbnail","hentry","category-news"],"_links":{"self":[{"href":"https:\/\/agromt.news\/index.php?rest_route=\/wp\/v2\/posts\/26275"}],"collection":[{"href":"https:\/\/agromt.news\/index.php?rest_route=\/wp\/v2\/posts"}],"about":[{"href":"https:\/\/agromt.news\/index.php?rest_route=\/wp\/v2\/types\/post"}],"author":[{"embeddable":true,"href":"https:\/\/agromt.news\/index.php?rest_route=\/wp\/v2\/users\/1"}],"replies":[{"embeddable":true,"href":"https:\/\/agromt.news\/index.php?rest_route=%2Fwp%2Fv2%2Fcomments&post=26275"}],"version-history":[{"count":0,"href":"https:\/\/agromt.news\/index.php?rest_route=\/wp\/v2\/posts\/26275\/revisions"}],"wp:featuredmedia":[{"embeddable":true,"href":"https:\/\/agromt.news\/index.php?rest_route=\/wp\/v2\/media\/26276"}],"wp:attachment":[{"href":"https:\/\/agromt.news\/index.php?rest_route=%2Fwp%2Fv2%2Fmedia&parent=26275"}],"wp:term":[{"taxonomy":"category","embeddable":true,"href":"https:\/\/agromt.news\/index.php?rest_route=%2Fwp%2Fv2%2Fcategories&post=26275"},{"taxonomy":"post_tag","embeddable":true,"href":"https:\/\/agromt.news\/index.php?rest_route=%2Fwp%2Fv2%2Ftags&post=26275"}],"curies":[{"name":"wp","href":"https:\/\/api.w.org\/{rel}","templated":true}]}}