{"id":26273,"date":"2025-12-23T11:56:42","date_gmt":"2025-12-23T15:56:42","guid":{"rendered":"https:\/\/agromt.news\/?p=26273"},"modified":"2025-12-23T11:56:42","modified_gmt":"2025-12-23T15:56:42","slug":"proprietario-da-stara-gilson-trennepohl-e-resgatado-de-sequestro","status":"publish","type":"post","link":"https:\/\/agromt.news\/?p=26273","title":{"rendered":"Propriet\u00e1rio da Stara, Gilson Trennepohl \u00e9 resgatado de sequestro"},"content":{"rendered":"<p> <br \/>\n<\/p>\n<div>\n<figure><img decoding=\"async\" src=\"https:\/\/agromt.news\/wp-content\/uploads\/2025\/12\/Proprietario-da-Stara-Gilson-Trennepohl-e-resgatado-de-sequestro.jpg\" alt=\"Gilson Trennepohl - propriet\u00e1rio Stara sequestro\" \/><figcaption>Foto: Divulga\u00e7\u00e3o\/Brigada Militar<\/figcaption><\/figure>\n<\/div>\n<p>O propriet\u00e1rio da fabricante brasileira de m\u00e1quinas agr\u00edcolas Stara, o empres\u00e1rio Gilson Trennepohl, de 65 anos, foi resgatado pela Brigada Militar na madrugada desta segunda-feira (22) ap\u00f3s ser v\u00edtima de sequestro e ficar por dois dias em posse dos criminosos. <\/p>\n<p>De acordo com informa\u00e7\u00f5es dos investigadores, ele foi localizado sem ferimentos em uma \u00e1rea de mata em Marau, no <strong><a href=\"https:\/\/www.canalrural.com.br\/nacional\/rio-grande-do-sul\/\">Rio Grande do Sul<\/a><\/strong>, a cerca de 95 km de N\u00e3o-Me-Toque, munic\u00edpio do qual tamb\u00e9m \u00e9 vice-prefeito. <\/p>\n<ul class=\"wp-block-list\">\n<li><em>Veja em primeira m\u00e3o tudo sobre agricultura, pecu\u00e1ria, economia e previs\u00e3o do tempo:<\/em><a href=\"https:\/\/news.google.com\/publications\/CAAqBwgKMPKZlQswq_mqAw?hl=pt-BR&amp;gl=BR&amp;ceid=BR%3Apt-419\" target=\"_blank\" rel=\"noreferrer noopener\">\u00a0<em>siga o Canal Rural no Google News!<\/em><\/a><\/li>\n<\/ul>\n<p>O empres\u00e1rio foi abordado pelos sequestradores quando retornava para sua resid\u00eancia ap\u00f3s ter participado de um evento promovido por sua empresa.<\/p>\n<p>Ele foi localizado a partir de informa\u00e7\u00f5es recebidas pela Brigada no fim da tarde de domingo (21). Assim, com a mobiliza\u00e7\u00e3o do 3\u00ba Batalh\u00e3o de Pol\u00edcia de Choque e do Bope, o local foi cercado. At\u00e9 o momento, uma pessoa foi detida e um ve\u00edculo apreendido. Os policiais fazem buscas por outros suspeitos. Trennpohl foi encaminhado a um hospital da regi\u00e3o para avalia\u00e7\u00e3o m\u00e9dica.<\/p>\n<\/p>\n<p>O post <a href=\"https:\/\/www.canalrural.com.br\/seguranca\/proprietario-da-stara-gilson-trennepohl-e-resgatado-de-sequestro\/\">Propriet\u00e1rio da Stara, Gilson Trennepohl \u00e9 resgatado de sequestro<\/a> apareceu primeiro em <a href=\"https:\/\/www.canalrural.com.br\">Canal Rural<\/a>.<\/p>\n<p><br \/>\n<br \/><a href=\"https:\/\/www.canalrural.com.br\/seguranca\/proprietario-da-stara-gilson-trennepohl-e-resgatado-de-sequestro\/\">Source link <\/a><\/p>\n","protected":false},"excerpt":{"rendered":"<p>Foto: Divulga\u00e7\u00e3o\/Brigada Militar O propriet\u00e1rio da fabricante brasileira de m\u00e1quinas agr\u00edcolas Stara, o empres\u00e1rio Gilson Trennepohl, de 65 anos, foi<\/p>\n","protected":false},"author":1,"featured_media":26274,"comment_status":"open","ping_status":"open","sticky":false,"template":"","format":"standard","meta":{"_monsterinsights_skip_tracking":false,"_monsterinsights_sitenote_active":false,"_monsterinsights_sitenote_note":"","_monsterinsights_sitenote_category":0,"_uf_show_specific_survey":0,"_uf_disable_surveys":false,"footnotes":""},"categories":[1],"tags":[],"class_list":["post-26273","post","type-post","status-publish","format-standard","has-post-thumbnail","hentry","category-news"],"_links":{"self":[{"href":"https:\/\/agromt.news\/index.php?rest_route=\/wp\/v2\/posts\/26273"}],"collection":[{"href":"https:\/\/agromt.news\/index.php?rest_route=\/wp\/v2\/posts"}],"about":[{"href":"https:\/\/agromt.news\/index.php?rest_route=\/wp\/v2\/types\/post"}],"author":[{"embeddable":true,"href":"https:\/\/agromt.news\/index.php?rest_route=\/wp\/v2\/users\/1"}],"replies":[{"embeddable":true,"href":"https:\/\/agromt.news\/index.php?rest_route=%2Fwp%2Fv2%2Fcomments&post=26273"}],"version-history":[{"count":0,"href":"https:\/\/agromt.news\/index.php?rest_route=\/wp\/v2\/posts\/26273\/revisions"}],"wp:featuredmedia":[{"embeddable":true,"href":"https:\/\/agromt.news\/index.php?rest_route=\/wp\/v2\/media\/26274"}],"wp:attachment":[{"href":"https:\/\/agromt.news\/index.php?rest_route=%2Fwp%2Fv2%2Fmedia&parent=26273"}],"wp:term":[{"taxonomy":"category","embeddable":true,"href":"https:\/\/agromt.news\/index.php?rest_route=%2Fwp%2Fv2%2Fcategories&post=26273"},{"taxonomy":"post_tag","embeddable":true,"href":"https:\/\/agromt.news\/index.php?rest_route=%2Fwp%2Fv2%2Ftags&post=26273"}],"curies":[{"name":"wp","href":"https:\/\/api.w.org\/{rel}","templated":true}]}}