{"id":26268,"date":"2025-12-23T11:12:11","date_gmt":"2025-12-23T15:12:11","guid":{"rendered":"https:\/\/agromt.news\/?p=26268"},"modified":"2025-12-23T11:12:11","modified_gmt":"2025-12-23T15:12:11","slug":"chuva-pode-ultrapassar-os-200-mm-em-algumas-regioes-do-pais-esta-semana-alerta-inmet","status":"publish","type":"post","link":"https:\/\/agromt.news\/?p=26268","title":{"rendered":"Chuva pode ultrapassar os 200 mm em algumas regi\u00f5es do pa\u00eds esta semana, alerta Inmet"},"content":{"rendered":"<p> <br \/>\n<\/p>\n<div>\n<figure><img decoding=\"async\" src=\"https:\/\/agromt.news\/wp-content\/uploads\/2025\/11\/Semana-finaliza-com-frente-fria-e-pancadas-fortes-de-chuva.jpg\" alt=\"chuva frente fria\" \/><figcaption>Foto: Pixabay<\/figcaption><\/figure>\n<\/div>\n<p>A previs\u00e3o do Instituto Nacional de Meteorologia (Inmet) indica que a semana ser\u00e1 marcada por extremos clim\u00e1ticos no Brasil, com destaque para chuvas intensas no Sul e acumulados elevados em \u00e1reas do Norte e do Centro-Oeste, enquanto grande parte do Nordeste e do Sudeste segue sob tempo seco e baixa umidade do ar.<\/p>\n<div data-icp-cta=\"1\" id=\"icp-cta-unique\">Voc\u00ea quer entender como usar o clima a seu favor?<b> <\/b><a href=\"https:\/\/climacampo.canalrural.com.br\/climacampo_-01\">Preparamos um e-book exclusivo<\/a> para ajudar produtores rurais a se antecipar \u00e0s mudan\u00e7as do tempo e planejar melhor suas a\u00e7\u00f5es. Com base em previs\u00f5es meteorol\u00f3gicas confi\u00e1veis, ele oferece orienta\u00e7\u00f5es pr\u00e1ticas para proteger sua lavoura e otimizar seus resultados.<\/div>\n<p>No Sul do pa\u00eds, a passagem frequente de sistemas transientes deve provocar tempestades ao longo de toda a semana. No Rio Grande do Sul, especialmente nas faixas oeste e central do estado, os acumulados de chuva podem ultrapassar os 200 mm em sete dias, com possibilidade de volumes ainda maiores em pontos isolados. Santa Catarina tamb\u00e9m deve registrar chuvas significativas, com acumulados que podem chegar a 150 mm no per\u00edodo. O Inmet alerta para o risco de tempo severo, com raios, rajadas de vento, trovoadas e queda de granizo, principalmente entre os dias 23, 25 e 26, quando h\u00e1 previs\u00e3o de acumulados superiores a 100 mm em poucas horas em \u00e1reas do territ\u00f3rio ga\u00facho. No Paran\u00e1, o cen\u00e1rio \u00e9 mais seco, com chuva fraca e isolada.<\/p>\n<p><strong>Norte e Centro-Norte<\/strong><\/p>\n<p>Na Regi\u00e3o Norte, a conflu\u00eancia de umidade favorece chuvas volumosas principalmente no sul e leste do Amazonas, sudoeste do Par\u00e1, norte do Amap\u00e1 e \u00e1reas de transi\u00e7\u00e3o entre Amazonas, Mato Grosso e Par\u00e1. Nessas regi\u00f5es, os acumulados podem variar entre 80 mm e 150 mm em sete dias, com destaque para o sudeste do Amazonas e o sudoeste do Par\u00e1. No nordeste do Amap\u00e1, a proximidade da Zona de Converg\u00eancia Intertropical (ZCIT) tamb\u00e9m contribui para volumes elevados.<\/p>\n<ul class=\"wp-block-list\">\n<li><em>Veja em primeira m\u00e3o tudo sobre agricultura, pecu\u00e1ria, economia e previs\u00e3o do tempo:<\/em><a href=\"https:\/\/news.google.com\/publications\/CAAqBwgKMPKZlQswq_mqAw?hl=pt-BR&amp;gl=BR&amp;ceid=BR%3Apt-419\" target=\"_blank\" rel=\"noreferrer noopener\"><em>\u00a0siga o Canal Rural no Google News!<\/em><\/a><\/li>\n<\/ul>\n<p>Por outro lado, no sul do Amap\u00e1, norte do Par\u00e1 e em Roraima, a previs\u00e3o \u00e9 de pouca chuva ao longo da semana, com apenas pancadas r\u00e1pidas e localizadas. A umidade relativa do ar permanece elevada na maior parte da Regi\u00e3o Norte, acima de 60%, mas pode cair para n\u00edveis entre 40% e 50% no norte do Par\u00e1 e em Roraima.<\/p>\n<p><strong>Nordeste segue com tempo seco<\/strong><\/p>\n<p>Em praticamente todo o Nordeste, a semana ser\u00e1 de aus\u00eancia de chuvas, com exce\u00e7\u00e3o de \u00e1reas do Maranh\u00e3o, Piau\u00ed e do centro-sul da Bahia, onde podem ocorrer pancadas isoladas e de baixo volume. A regi\u00e3o tamb\u00e9m deve enfrentar baixos \u00edndices de umidade relativa do ar, especialmente no interior do Piau\u00ed, Cear\u00e1, Para\u00edba e Pernambuco, com valores entre 15% e 30% e, pontualmente, abaixo de 15%, o que exige aten\u00e7\u00e3o para a sa\u00fade e para o risco de inc\u00eandios.<\/p>\n<p><strong>Centro-Oeste<\/strong><\/p>\n<p>No Centro-Oeste, a previs\u00e3o aponta para chuvas mais volumosas em Mato Grosso, sobretudo no norte do estado e em \u00e1reas pr\u00f3ximas \u00e0 divisa com o Amazonas e o Par\u00e1, onde os acumulados podem superar 100 mm em sete dias. Tamb\u00e9m h\u00e1 previs\u00e3o de chuva significativa no oeste de Goi\u00e1s, principalmente nos primeiros dias da semana. Nas demais \u00e1reas de Mato Grosso e Goi\u00e1s, os volumes devem ficar entre 20 mm e 50 mm. Em Mato Grosso do Sul, o tempo segue mais seco, sem previs\u00e3o de chuva expressiva.<\/p>\n<p>A umidade relativa do ar tende a ficar mais elevada nas \u00e1reas com chuva, entre 70% e 85%, enquanto em Mato Grosso do Sul e no sudeste de Goi\u00e1s, incluindo o Distrito Federal, os \u00edndices podem cair para a faixa de 30% a 50%.<\/p>\n<p><strong>Sudeste com calor e baixa umidade<\/strong><\/p>\n<p>No Sudeste, o Inmet prev\u00ea predom\u00ednio de tempo seco ao longo da semana, com aus\u00eancia de chuvas significativas, exceto por pancadas isoladas e de curta dura\u00e7\u00e3o. A atua\u00e7\u00e3o de uma \u00e1rea de alta press\u00e3o em n\u00edveis m\u00e9dios e altos da atmosfera dificulta o avan\u00e7o de frentes frias e inibe a forma\u00e7\u00e3o de nuvens de grande desenvolvimento vertical.<\/p>\n<p>Esse padr\u00e3o favorece a eleva\u00e7\u00e3o das temperaturas e a redu\u00e7\u00e3o da umidade relativa do ar, que deve variar entre 30% e 45% na maior parte da regi\u00e3o. Apenas o extremo norte do Esp\u00edrito Santo pode registrar \u00edndices acima de 50% nos primeiros dias da semana.<\/p>\n<p>A recomenda\u00e7\u00e3o do Inmet \u00e9 de aten\u00e7\u00e3o redobrada nas \u00e1reas com previs\u00e3o de chuvas intensas, especialmente no Sul do pa\u00eds, e de cuidados com a baixa umidade do ar nas regi\u00f5es mais secas.<\/p>\n<p>O post <a href=\"https:\/\/www.canalrural.com.br\/tempo\/chuva-pode-ultrapassar-os-200-mm-em-algumas-regioes-do-pais-esta-semana-alerta-inmet\/\">Chuva pode ultrapassar os 200 mm em algumas regi\u00f5es do pa\u00eds esta semana, alerta Inmet<\/a> apareceu primeiro em <a href=\"https:\/\/www.canalrural.com.br\">Canal Rural<\/a>.<\/p>\n<p><br \/>\n<br \/><a href=\"https:\/\/www.canalrural.com.br\/tempo\/chuva-pode-ultrapassar-os-200-mm-em-algumas-regioes-do-pais-esta-semana-alerta-inmet\/\">Source link <\/a><\/p>\n","protected":false},"excerpt":{"rendered":"<p>Foto: Pixabay A previs\u00e3o do Instituto Nacional de Meteorologia (Inmet) indica que a semana ser\u00e1 marcada por extremos clim\u00e1ticos no<\/p>\n","protected":false},"author":1,"featured_media":25699,"comment_status":"open","ping_status":"open","sticky":false,"template":"","format":"standard","meta":{"_monsterinsights_skip_tracking":false,"_monsterinsights_sitenote_active":false,"_monsterinsights_sitenote_note":"","_monsterinsights_sitenote_category":0,"_uf_show_specific_survey":0,"_uf_disable_surveys":false,"footnotes":""},"categories":[1],"tags":[],"class_list":["post-26268","post","type-post","status-publish","format-standard","has-post-thumbnail","hentry","category-news"],"_links":{"self":[{"href":"https:\/\/agromt.news\/index.php?rest_route=\/wp\/v2\/posts\/26268"}],"collection":[{"href":"https:\/\/agromt.news\/index.php?rest_route=\/wp\/v2\/posts"}],"about":[{"href":"https:\/\/agromt.news\/index.php?rest_route=\/wp\/v2\/types\/post"}],"author":[{"embeddable":true,"href":"https:\/\/agromt.news\/index.php?rest_route=\/wp\/v2\/users\/1"}],"replies":[{"embeddable":true,"href":"https:\/\/agromt.news\/index.php?rest_route=%2Fwp%2Fv2%2Fcomments&post=26268"}],"version-history":[{"count":0,"href":"https:\/\/agromt.news\/index.php?rest_route=\/wp\/v2\/posts\/26268\/revisions"}],"wp:featuredmedia":[{"embeddable":true,"href":"https:\/\/agromt.news\/index.php?rest_route=\/wp\/v2\/media\/25699"}],"wp:attachment":[{"href":"https:\/\/agromt.news\/index.php?rest_route=%2Fwp%2Fv2%2Fmedia&parent=26268"}],"wp:term":[{"taxonomy":"category","embeddable":true,"href":"https:\/\/agromt.news\/index.php?rest_route=%2Fwp%2Fv2%2Fcategories&post=26268"},{"taxonomy":"post_tag","embeddable":true,"href":"https:\/\/agromt.news\/index.php?rest_route=%2Fwp%2Fv2%2Ftags&post=26268"}],"curies":[{"name":"wp","href":"https:\/\/api.w.org\/{rel}","templated":true}]}}