{"id":26263,"date":"2025-12-23T10:38:39","date_gmt":"2025-12-23T14:38:39","guid":{"rendered":"https:\/\/agromt.news\/?p=26263"},"modified":"2025-12-23T10:38:39","modified_gmt":"2025-12-23T14:38:39","slug":"safra-de-trigo-cresce-em-produtividade-mas-perde-area","status":"publish","type":"post","link":"https:\/\/agromt.news\/?p=26263","title":{"rendered":"Safra de trigo cresce em produtividade, mas perde \u00e1rea"},"content":{"rendered":"<p> <br \/>\n<\/p>\n<div>\n<p style=\"text-align:justify\">Os pre\u00e7os do <a href=\"https:\/\/www.agrolink.com.br\/culturas\/trigo\/?utm_source=agrolink-detalhe-noticia&amp;utm_medium=detalhe-noticia&amp;utm_campaign=links-internos\" target=\"_blank\" rel=\"noopener\">trigo<\/a> no mercado brasileiro permaneceram est\u00e1veis ao longo da semana de 12 a 18 de dezembro, segundo an\u00e1lise da Central Internacional de An\u00e1lises Econ\u00f4micas e de Estudos de Mercado Agropecu\u00e1rio (Ceema), divulgada na quinta-feira (18). No Rio Grande do Sul, as principais pra\u00e7as continuaram negociando o cereal entre R$ 54,00 e R$ 55,00 por saca, enquanto no Paran\u00e1 os valores oscilaram de R$ 64,00 a R$ 66,00. No mesmo per\u00edodo do ano passado, o <a href=\"https:\/\/www.agrolink.com.br\/culturas\/trigo\/?utm_source=agrolink-detalhe-noticia&amp;utm_medium=detalhe-noticia&amp;utm_campaign=links-internos\" target=\"_blank\" rel=\"noopener\">trigo<\/a> ga\u00facho era comercializado entre R$ 65,00 e R$ 66,00, e o paranaense, em torno de R$ 72,00 por saca.&#13;\n<\/p>\n<p style=\"text-align:justify\">O cen\u00e1rio internacional segue pressionando as cota\u00e7\u00f5es. A Ceema aponta uma tend\u00eancia de ampla disponibilidade de trigo no mercado mundial para a safra 2025\/26, o que dificulta movimentos de alta nos pre\u00e7os externos. Al\u00e9m disso, o crescimento do consumo ocorre em ritmo mais lento, contribuindo para a eleva\u00e7\u00e3o dos estoques globais.<\/p>\n<p style=\"text-align:justify\">No mercado interno, o relat\u00f3rio de dezembro da Companhia Nacional de Abastecimento (Conab) revisou levemente para cima a estimativa da colheita brasileira rec\u00e9m-encerrada, que passou para 7,9 milh\u00f5es de toneladas. A \u00e1rea cultivada no pa\u00eds totalizou 2,444 milh\u00f5es de hectares, o que representa uma redu\u00e7\u00e3o de 20,1% em rela\u00e7\u00e3o \u00e0 safra anterior. Em contrapartida, a produtividade m\u00e9dia avan\u00e7ou 26,3%, alcan\u00e7ando 3.257 quilos por hectare, o equivalente a 54,3 sacas por hectare.&#13;\n<\/p>\n<p style=\"text-align:justify\">De acordo com a Conab, a produ\u00e7\u00e3o de trigo no Rio Grande do Sul atingiu 3,66 milh\u00f5es de toneladas, queda de 6% em compara\u00e7\u00e3o com a safra passada. A \u00e1rea semeada no estado foi de 1,155 milh\u00e3o de hectares, recuo de 13,7%, enquanto a produtividade m\u00e9dia chegou a 3.172 quilos por hectare, ou 52,9 sacas, crescimento de 8,5% sobre o ciclo anterior. No Paran\u00e1, a produ\u00e7\u00e3o finalizou em 2,778 milh\u00f5es de toneladas, volume 16% superior ao registrado na safra de 2024. A \u00e1rea cultivada foi de 819 mil hectares, com retra\u00e7\u00e3o de 28,6%, mas a produtividade saltou 62,5%, atingindo 3.392 quilos por hectare, ou 56,5 sacas.<\/p>\n<p style=\"text-align:justify\">Apesar da melhora nos rendimentos, a Ceema ressalta que parte do trigo colhido nesta safra apresenta novamente problemas de qualidade, o que limita seu uso para panifica\u00e7\u00e3o e impacta a forma\u00e7\u00e3o de pre\u00e7os em determinados mercados.<\/p>\n<\/p><\/div>\n<p><script data-cfasync=\"false\">\n    !function (f, b, e, v, n, t, s) {\n        if (f.fbq) return; n = f.fbq = function () {\n            n.callMethod ?\n                n.callMethod.apply(n, arguments) : n.queue.push(arguments)\n        };\n        if (!f._fbq) f._fbq = n; n.push = n; n.loaded = !0; n.version = '2.0';\n        n.queue = []; t = b.createElement(e); t.async = !0;\n        t.src = v; s = b.getElementsByTagName(e)[0];\n        s.parentNode.insertBefore(t, s)\n    }(window, document, 'script',\n        'https:\/\/connect.facebook.net\/en_US\/fbevents.js');\n    fbq('init', '522546078623747');\n    fbq('track', 'PageView');\n<\/script><br \/>\n<br \/><br \/>\n<br \/><a href=\"https:\/\/www.agrolink.com.br\/noticias\/safra-de-trigo-cresce-em-produtividade--mas-perde-area_509210.html\">Source link <\/a><\/p>\n","protected":false},"excerpt":{"rendered":"<p>Os pre\u00e7os do trigo no mercado brasileiro permaneceram est\u00e1veis ao longo da semana de 12 a 18 de dezembro, segundo<\/p>\n","protected":false},"author":1,"featured_media":5061,"comment_status":"open","ping_status":"open","sticky":false,"template":"","format":"standard","meta":{"_monsterinsights_skip_tracking":false,"_monsterinsights_sitenote_active":false,"_monsterinsights_sitenote_note":"","_monsterinsights_sitenote_category":0,"_uf_show_specific_survey":0,"_uf_disable_surveys":false,"footnotes":""},"categories":[8,1,14],"tags":[],"class_list":["post-26263","post","type-post","status-publish","format-standard","has-post-thumbnail","hentry","category-agro","category-news","category-politica-agro"],"_links":{"self":[{"href":"https:\/\/agromt.news\/index.php?rest_route=\/wp\/v2\/posts\/26263"}],"collection":[{"href":"https:\/\/agromt.news\/index.php?rest_route=\/wp\/v2\/posts"}],"about":[{"href":"https:\/\/agromt.news\/index.php?rest_route=\/wp\/v2\/types\/post"}],"author":[{"embeddable":true,"href":"https:\/\/agromt.news\/index.php?rest_route=\/wp\/v2\/users\/1"}],"replies":[{"embeddable":true,"href":"https:\/\/agromt.news\/index.php?rest_route=%2Fwp%2Fv2%2Fcomments&post=26263"}],"version-history":[{"count":0,"href":"https:\/\/agromt.news\/index.php?rest_route=\/wp\/v2\/posts\/26263\/revisions"}],"wp:featuredmedia":[{"embeddable":true,"href":"https:\/\/agromt.news\/index.php?rest_route=\/wp\/v2\/media\/5061"}],"wp:attachment":[{"href":"https:\/\/agromt.news\/index.php?rest_route=%2Fwp%2Fv2%2Fmedia&parent=26263"}],"wp:term":[{"taxonomy":"category","embeddable":true,"href":"https:\/\/agromt.news\/index.php?rest_route=%2Fwp%2Fv2%2Fcategories&post=26263"},{"taxonomy":"post_tag","embeddable":true,"href":"https:\/\/agromt.news\/index.php?rest_route=%2Fwp%2Fv2%2Ftags&post=26263"}],"curies":[{"name":"wp","href":"https:\/\/api.w.org\/{rel}","templated":true}]}}