{"id":26262,"date":"2025-12-23T09:03:15","date_gmt":"2025-12-23T13:03:15","guid":{"rendered":"https:\/\/agromt.news\/?p=26262"},"modified":"2025-12-23T09:03:15","modified_gmt":"2025-12-23T13:03:15","slug":"com-avanco-de-025-em-dezembro-previa-da-inflacao-encerra-o-ano-dentro-da-meta","status":"publish","type":"post","link":"https:\/\/agromt.news\/?p=26262","title":{"rendered":"Com avan\u00e7o de 0,25% em dezembro, pr\u00e9via da infla\u00e7\u00e3o encerra o ano dentro da meta"},"content":{"rendered":"<p> <br \/>\n<\/p>\n<div>\n<figure><img decoding=\"async\" src=\"https:\/\/agromt.news\/wp-content\/uploads\/2025\/12\/Previa-do-PIB-desacelera-nos-12-meses-ate-outubro-diz.jpg\" alt=\"dinheiro moeda recurso, infla\u00e7\u00e3o, PIB, juros - g20 - faesp - fmi, agro\" \/><figcaption>Foto: Pixabay<\/figcaption><\/figure>\n<\/div>\n<p>O IPCA-15, considerado a pr\u00e9via da infla\u00e7\u00e3o, avan\u00e7ou 0,25% em dezembro, conforme dados divulgados nesta ter\u00e7a-feira (23) pelo Instituto Brasileiro de Geografia e Estat\u00edstica <a href=\"https:\/\/www.canalrural.com.br\/tag\/ibge\/\">(IBGE)<\/a>. O resultado ficou acima do registrado em novembro, quando o \u00edndice havia subido 0,20%. Na compara\u00e7\u00e3o anual, a taxa tamb\u00e9m supera a observada em dezembro de 2024, que foi de 0,34%. <\/p>\n<p>Em 2025, o IPCA-15 acumula alta de 4,41%. Com isso, a infla\u00e7\u00e3o termina o ano de 2025 dentro da meta estabelecida pelo Conselho Monet\u00e1rio Nacional (CMN). J\u00e1 o IPCA-E, que corresponde ao \u00edndice acumulado no trimestre, foi de 0,63% entre outubro e dezembro, abaixo do registrado no mesmo per\u00edodo do ano anterior.<\/p>\n<ul class=\"wp-block-list\">\n<li><em>Veja em primeira m\u00e3o tudo sobre agricultura, pecu\u00e1ria, economia e previs\u00e3o do tempo:<\/em><a href=\"https:\/\/news.google.com\/publications\/CAAqBwgKMPKZlQswq_mqAw?hl=pt-BR&amp;gl=BR&amp;ceid=BR%3Apt-419\" target=\"_blank\" rel=\"noreferrer noopener\">\u00a0<em>siga o Canal Rural no Google News!<\/em><\/a><\/li>\n<\/ul>\n<h3 class=\"wp-block-heading\" id=\"h-transportes-lideram-impacto-no-mes\">Transportes lideram impacto no m\u00eas<\/h3>\n<p>Dos nove grupos pesquisados, sete apresentaram alta em dezembro. O principal impacto veio de Transportes, que subiu 0,69% e respondeu pela maior contribui\u00e7\u00e3o ao \u00edndice mensal.<\/p>\n<p>O resultado foi influenciado, principalmente, pelo aumento das passagens a\u00e9reas, que tiveram o maior impacto individual no m\u00eas. Tamb\u00e9m houve press\u00e3o do transporte por aplicativo e dos combust\u00edveis, com destaque para o etanol e a gasolina.<\/p>\n<p>Em sentido oposto, os pre\u00e7os do \u00f4nibus urbano, metr\u00f4 e trem recuaram. O movimento reflete pol\u00edticas de gratuidade aos domingos e feriados e redu\u00e7\u00f5es tarif\u00e1rias em capitais como Bel\u00e9m, Bras\u00edlia, Curitiba e S\u00e3o Paulo.<\/p>\n<p>O grupo Vestu\u00e1rio tamb\u00e9m avan\u00e7ou 0,69%, com altas nas roupas infantis, femininas e masculinas, contribuindo de forma moderada para o resultado geral.<\/p>\n<h3 class=\"wp-block-heading\" id=\"h-alimentos-mantem-comportamento-desigual\">Alimentos mant\u00eam comportamento desigual<\/h3>\n<p>O grupo Alimenta\u00e7\u00e3o e bebidas subiu 0,13% em dezembro. A alimenta\u00e7\u00e3o no domic\u00edlio recuou pelo s\u00e9timo m\u00eas consecutivo, com quedas nos pre\u00e7os do tomate, do leite longa vida e do arroz.<\/p>\n<p>Por outro lado, carnes e frutas registraram aumento e limitaram uma desacelera\u00e7\u00e3o mais intensa do grupo. J\u00e1 a alimenta\u00e7\u00e3o fora do domic\u00edlio apresentou alta, puxada pelos reajustes nos pre\u00e7os das refei\u00e7\u00f5es e dos lanches.<\/p>\n<h3 class=\"wp-block-heading\" id=\"h-habitacao-e-servicos-no-radar\">Habita\u00e7\u00e3o e servi\u00e7os no radar<\/h3>\n<p>O grupo Habita\u00e7\u00e3o avan\u00e7ou em dezembro, influenciado por reajustes no aluguel residencial, na \u00e1gua e esgoto e no g\u00e1s encanado. A energia el\u00e9trica residencial apresentou queda, beneficiada pela mudan\u00e7a da bandeira tarif\u00e1ria, apesar de reajustes regionais.<\/p>\n<p>Em Despesas pessoais, houve desacelera\u00e7\u00e3o frente a novembro, embora servi\u00e7os como cabeleireiro, empregado dom\u00e9stico e pacotes tur\u00edsticos tenham mantido press\u00e3o de alta. Artigos de resid\u00eancia voltou a registrar queda, com recuos em eletrodom\u00e9sticos e equipamentos eletr\u00f4nicos.<\/p>\n<h3 class=\"wp-block-heading\" id=\"h-inflacao-regional\">Infla\u00e7\u00e3o regional<\/h3>\n<p>Dez das onze \u00e1reas pesquisadas apresentaram alta em dezembro. Porto Alegre registrou a maior varia\u00e7\u00e3o, influenciada por passagens a\u00e9reas e energia el\u00e9trica. Bel\u00e9m teve o menor resultado, com quedas concentradas em hospedagem e higiene pessoal.<\/p>\n<p>O IPCA-15 considera fam\u00edlias com renda de um a 40 sal\u00e1rios m\u00ednimos e utiliza metodologia semelhante \u00e0 do IPCA, diferenciando-se pelo per\u00edodo de coleta e pela abrang\u00eancia geogr\u00e1fica.<\/p>\n<p>O post <a href=\"https:\/\/www.canalrural.com.br\/economia\/ipca-15-previa-da-inflacao-encerra-o-ano-dentro-da-meta\/\">Com avan\u00e7o de 0,25% em dezembro, pr\u00e9via da infla\u00e7\u00e3o encerra o ano dentro da meta<\/a> apareceu primeiro em <a href=\"https:\/\/www.canalrural.com.br\">Canal Rural<\/a>.<\/p>\n<p><br \/>\n<br \/><a href=\"https:\/\/www.canalrural.com.br\/economia\/ipca-15-previa-da-inflacao-encerra-o-ano-dentro-da-meta\/\">Source link <\/a><\/p>\n","protected":false},"excerpt":{"rendered":"<p>Foto: Pixabay O IPCA-15, considerado a pr\u00e9via da infla\u00e7\u00e3o, avan\u00e7ou 0,25% em dezembro, conforme dados divulgados nesta ter\u00e7a-feira (23) pelo<\/p>\n","protected":false},"author":1,"featured_media":25786,"comment_status":"open","ping_status":"open","sticky":false,"template":"","format":"standard","meta":{"_monsterinsights_skip_tracking":false,"_monsterinsights_sitenote_active":false,"_monsterinsights_sitenote_note":"","_monsterinsights_sitenote_category":0,"_uf_show_specific_survey":0,"_uf_disable_surveys":false,"footnotes":""},"categories":[1],"tags":[],"class_list":["post-26262","post","type-post","status-publish","format-standard","has-post-thumbnail","hentry","category-news"],"_links":{"self":[{"href":"https:\/\/agromt.news\/index.php?rest_route=\/wp\/v2\/posts\/26262"}],"collection":[{"href":"https:\/\/agromt.news\/index.php?rest_route=\/wp\/v2\/posts"}],"about":[{"href":"https:\/\/agromt.news\/index.php?rest_route=\/wp\/v2\/types\/post"}],"author":[{"embeddable":true,"href":"https:\/\/agromt.news\/index.php?rest_route=\/wp\/v2\/users\/1"}],"replies":[{"embeddable":true,"href":"https:\/\/agromt.news\/index.php?rest_route=%2Fwp%2Fv2%2Fcomments&post=26262"}],"version-history":[{"count":0,"href":"https:\/\/agromt.news\/index.php?rest_route=\/wp\/v2\/posts\/26262\/revisions"}],"wp:featuredmedia":[{"embeddable":true,"href":"https:\/\/agromt.news\/index.php?rest_route=\/wp\/v2\/media\/25786"}],"wp:attachment":[{"href":"https:\/\/agromt.news\/index.php?rest_route=%2Fwp%2Fv2%2Fmedia&parent=26262"}],"wp:term":[{"taxonomy":"category","embeddable":true,"href":"https:\/\/agromt.news\/index.php?rest_route=%2Fwp%2Fv2%2Fcategories&post=26262"},{"taxonomy":"post_tag","embeddable":true,"href":"https:\/\/agromt.news\/index.php?rest_route=%2Fwp%2Fv2%2Ftags&post=26262"}],"curies":[{"name":"wp","href":"https:\/\/api.w.org\/{rel}","templated":true}]}}