{"id":26260,"date":"2025-12-23T08:48:43","date_gmt":"2025-12-23T12:48:43","guid":{"rendered":"https:\/\/agromt.news\/?p=26260"},"modified":"2025-12-23T08:48:43","modified_gmt":"2025-12-23T12:48:43","slug":"santa-gertrudis-amplia-presenca-em-centrais-de-inseminacao-em-2025-saiba-mais","status":"publish","type":"post","link":"https:\/\/agromt.news\/?p=26260","title":{"rendered":"Santa Gertrudis amplia presen\u00e7a em centrais de insemina\u00e7\u00e3o em 2025; saiba mais"},"content":{"rendered":"<p> <br \/>\n<\/p>\n<div>\n<figure><img decoding=\"async\" src=\"https:\/\/agromt.news\/wp-content\/uploads\/2025\/12\/Santa-Gertrudis-amplia-presenca-em-centrais-de-inseminacao-em-2025.jpg\" alt=\"Foto: Divulga\u00e7\u00e3o.\" \/><figcaption>Foto: Divulga\u00e7\u00e3o. <\/figcaption><\/figure>\n<\/div>\n<p>A ra\u00e7a Santa Gertrudis registrou, em 2025, aumento de 20% na presen\u00e7a de touros em centrais de insemina\u00e7\u00e3o no Brasil. O crescimento indica maior procura por gen\u00e9tica utilizada na pecu\u00e1ria de corte, especialmente em sistemas de cruzamento industrial.<\/p>\n<p>Ao longo dos \u00faltimos meses, novas contrata\u00e7\u00f5es foram realizadas por centrais, ampliando a oferta de s\u00eamen da ra\u00e7a no mercado nacional.<\/p>\n<h2 class=\"wp-block-heading\" id=\"h-destaques-geneticos-do-ano\">Destaques gen\u00e9ticos do ano<\/h2>\n<p>Entre os animais contratados em 2025 est\u00e1 o Viking 53, da Cabanha 53, de Ruy Barreto, incorporado ao portf\u00f3lio da CORT Gen\u00e9tica Brasil. O touro \u00e9 mocho natural, foi Reservado Grande Campe\u00e3o da Expointer 2025 e integra o Top 0,5% do Programa Embrapa Geneplus.<\/p>\n<p>Outro destaque \u00e9 o Mr. Atalla, da Fazenda Malagueta, de Pedro Mello. Grande Campe\u00e3o da Expointer e bicampe\u00e3o nacional, o touro manteve presen\u00e7a nas centrais ao longo do ano e segue como refer\u00eancia da ra\u00e7a.<\/p>\n<ul class=\"wp-block-list\">\n<li><em>Veja em primeira m\u00e3o tudo sobre agricultura, pecu\u00e1ria, economia e previs\u00e3o do tempo:<\/em><a href=\"https:\/\/news.google.com\/publications\/CAAqBwgKMPKZlQswq_mqAw?hl=pt-BR&amp;gl=BR&amp;ceid=BR%3Apt-419\"> <em>siga o Canal Rural no Google News!<\/em><\/a><\/li>\n<\/ul>\n<h2 class=\"wp-block-heading\" id=\"h-demanda-orienta-contratacoes\">Demanda orienta contrata\u00e7\u00f5es<\/h2>\n<p>Segundo o presidente do Conselho T\u00e9cnico da Associa\u00e7\u00e3o Brasileira de Santa Gertrudis, Anderson Fernandes, a amplia\u00e7\u00e3o do n\u00famero de touros nas centrais acompanha o movimento do mercado. <\/p>\n<p>\u201cAs centrais n\u00e3o contratam um touro apenas por indica\u00e7\u00e3o ou por vontade da associa\u00e7\u00e3o. Elas contratam quando existe procura. Se hoje temos mais touros Santa Gertrudis em central, \u00e9 porque o mercado est\u00e1 buscando esse s\u00eamen, que vem se destacando principalmente no cruzamento industrial\u201d, afirma.<\/p>\n<p>Ele explica que, al\u00e9m da demanda, os animais precisam atender crit\u00e9rios t\u00e9cnicos definidos pelas centrais. \u201cS\u00e3o touros com avalia\u00e7\u00e3o gen\u00e9tica positiva, bons \u00edndices no programa de melhoramento gen\u00e9tico (Geneplus), dados de carca\u00e7a, participa\u00e7\u00e3o em provas de desempenho e caracter\u00edsticas que interessem ao produtor. \u00c9 a combina\u00e7\u00e3o entre demanda e consist\u00eancia t\u00e9cnica\u201d, diz.<\/p>\n<h2 class=\"wp-block-heading\" id=\"h-trabalho-de-longo-prazo\">Trabalho de longo prazo<\/h2>\n<p>Para o presidente reeleito da Associa\u00e7\u00e3o Brasileira de Santa Gertrudis para o bi\u00eanio 2026\/2027, Ant\u00f4nio Roberto, os resultados observados em 2025 refletem a\u00e7\u00f5es desenvolvidas ao longo dos \u00faltimos anos. <\/p>\n<p>\u201cEsse crescimento mostra que o Santa Gertrudis est\u00e1 cada vez mais presente nas decis\u00f5es dos pecuaristas. A ra\u00e7a entrega produtividade, adapta\u00e7\u00e3o e resultado no campo. Seguimos trabalhando para ampliar esse espa\u00e7o, fortalecer a gen\u00e9tica nacional e oferecer solu\u00e7\u00f5es reais para a pecu\u00e1ria de corte brasileira\u201d, afirma.<\/p>\n<p>O post <a href=\"https:\/\/www.canalrural.com.br\/pecuaria\/santa-gertrudis-centrais-inseminacao-2025\/\">Santa Gertrudis amplia presen\u00e7a em centrais de insemina\u00e7\u00e3o em 2025; saiba mais<\/a> apareceu primeiro em <a href=\"https:\/\/www.canalrural.com.br\">Canal Rural<\/a>.<\/p>\n<p><br \/>\n<br \/><a href=\"https:\/\/www.canalrural.com.br\/pecuaria\/santa-gertrudis-centrais-inseminacao-2025\/\">Source link <\/a><\/p>\n","protected":false},"excerpt":{"rendered":"<p>Foto: Divulga\u00e7\u00e3o. A ra\u00e7a Santa Gertrudis registrou, em 2025, aumento de 20% na presen\u00e7a de touros em centrais de insemina\u00e7\u00e3o<\/p>\n","protected":false},"author":1,"featured_media":26261,"comment_status":"open","ping_status":"open","sticky":false,"template":"","format":"standard","meta":{"_monsterinsights_skip_tracking":false,"_monsterinsights_sitenote_active":false,"_monsterinsights_sitenote_note":"","_monsterinsights_sitenote_category":0,"_uf_show_specific_survey":0,"_uf_disable_surveys":false,"footnotes":""},"categories":[1],"tags":[],"class_list":["post-26260","post","type-post","status-publish","format-standard","has-post-thumbnail","hentry","category-news"],"_links":{"self":[{"href":"https:\/\/agromt.news\/index.php?rest_route=\/wp\/v2\/posts\/26260"}],"collection":[{"href":"https:\/\/agromt.news\/index.php?rest_route=\/wp\/v2\/posts"}],"about":[{"href":"https:\/\/agromt.news\/index.php?rest_route=\/wp\/v2\/types\/post"}],"author":[{"embeddable":true,"href":"https:\/\/agromt.news\/index.php?rest_route=\/wp\/v2\/users\/1"}],"replies":[{"embeddable":true,"href":"https:\/\/agromt.news\/index.php?rest_route=%2Fwp%2Fv2%2Fcomments&post=26260"}],"version-history":[{"count":0,"href":"https:\/\/agromt.news\/index.php?rest_route=\/wp\/v2\/posts\/26260\/revisions"}],"wp:featuredmedia":[{"embeddable":true,"href":"https:\/\/agromt.news\/index.php?rest_route=\/wp\/v2\/media\/26261"}],"wp:attachment":[{"href":"https:\/\/agromt.news\/index.php?rest_route=%2Fwp%2Fv2%2Fmedia&parent=26260"}],"wp:term":[{"taxonomy":"category","embeddable":true,"href":"https:\/\/agromt.news\/index.php?rest_route=%2Fwp%2Fv2%2Fcategories&post=26260"},{"taxonomy":"post_tag","embeddable":true,"href":"https:\/\/agromt.news\/index.php?rest_route=%2Fwp%2Fv2%2Ftags&post=26260"}],"curies":[{"name":"wp","href":"https:\/\/api.w.org\/{rel}","templated":true}]}}