{"id":26259,"date":"2025-12-23T08:42:54","date_gmt":"2025-12-23T12:42:54","guid":{"rendered":"https:\/\/agromt.news\/?p=26259"},"modified":"2025-12-23T08:42:54","modified_gmt":"2025-12-23T12:42:54","slug":"reforma-tributaria-e-os-prazos-para-impacto-no-arroz","status":"publish","type":"post","link":"https:\/\/agromt.news\/?p=26259","title":{"rendered":"Reforma tribut\u00e1ria e os prazos para impacto no arroz"},"content":{"rendered":"<p> <br \/>\n<\/p>\n<div>\n<div class=\"row\">\n<div class=\"col-lg col-infos mt-0 mt-lg-0\">\n<div class=\"section-sub-title\">\n<p itemprop=\"description\">&#13;<br \/>\n                                Entre 2029 e 2032 acontece a transi\u00e7\u00e3o do ICMS e do ISS para o IBS&#13;\n                            <\/p>\n<\/p><\/div>\n<div class=\"container\">\n<div class=\"row\">\n<div class=\"col-lg p-0\">\n<div>\n<div class=\"block-news-main-infos mt-3 text-start\">\n<p>                                            <strong class=\"fn\" itemprop=\"author\" style=\"color: rgb(112, 112, 112); \">&#13;<br \/>\n                                                <a href=\"https:\/\/www.agrolink.com.br\/noticias\/javascript:;\" class=\"text-uppercase\" target=\"_blank\" style=\"color: rgb(112, 112, 112); \" rel=\"noopener\">Agrolink<\/a>&#13;<br \/>\n&#13;<br \/>\n                                                    &#8211; Leonardo Gottems&#13;<br \/>\n&#13;<br \/>\n                                            <\/strong><br \/>\n                                        <\/p>\n<p>                                            <abbr><time datetime=\"2025 - 12 - 23T02:00\" itemprop=\"datePublished dateModified\"> Publicado em 23\/12\/2025 \u00e0s 02:00h.<\/time><\/abbr>\n                                    <\/div>\n<\/p><\/div>\n<\/p><\/div>\n<div class=\"col-lg p-0 text-lg-end\">\n<div>\n<div id=\"mdEnviarPagina\" class=\"modal fade\" role=\"dialog\">\n<div class=\"modal-dialog\">\n<div class=\"modal-content\">\n<div class=\"modal-body\">\n<p><strong>Estimado usu\u00e1rio.<\/strong><br \/>Preencha o formul\u00e1rio abaixo para remeter a p\u00e1gina.<\/p>\n<\/p><\/div>\n<\/p><\/div>\n<\/p><\/div>\n<\/div><\/div>\n<\/p><\/div>\n<\/p><\/div>\n<\/p><\/div>\n<\/p><\/div>\n<\/p><\/div>\n<div class=\"row justify-content-md-center mt-3\">\n<div class=\"col-lg-auto col-image block-news-main-image\">\n<p>                                <img decoding=\"async\" src=\"https:\/\/www.agrolink.com.br\/upload\/imagens-resizes\/884c3b65e9b348cfbd68cee600ea9b67_858x483.jpg\" class=\"lazyload img-fluid\" alt=\"Entre 2029 e 2032 acontece a transi\u00e7\u00e3o do ICMS e do ISS para o IBS\"\/><br \/>\n                                                <span class=\"d-block mt-1\">Entre 2029 e 2032 acontece a transi\u00e7\u00e3o do ICMS e do ISS para o IBS &#8211; Foto: USDA<\/span><\/p><\/div>\n<\/p><\/div>\n<div class=\"section-description section-description-noticias mt-3\">\n<p>A discuss\u00e3o sobre quando a reforma tribut\u00e1ria come\u00e7a a afetar efetivamente o <a href=\"https:\/\/www.agrolink.com.br\/culturas\/arroz\/?utm_source=agrolink-detalhe-noticia&amp;utm_medium=detalhe-noticia&amp;utm_campaign=links-internos\" target=\"_blank\" rel=\"noopener\">arroz<\/a> e os itens da cesta b\u00e1sica tem ganhado espa\u00e7o no setor, diante das mudan\u00e7as previstas no sistema de impostos sobre o consumo. De acordo com an\u00e1lise de Sergio Cardoso, diretor de opera\u00e7\u00f5es na Itaobi Representa\u00e7\u00f5es, os efeitos pr\u00e1ticos ainda est\u00e3o distantes e seguem um cronograma gradual definido pela pr\u00f3pria reforma.&#13;\n<\/p>\n<p>At\u00e9 2026, segundo o cen\u00e1rio atual, nada se altera na tributa\u00e7\u00e3o do arroz, permanecendo em vigor PIS, Cofins, ICMS e as distor\u00e7\u00f5es j\u00e1 conhecidas ao longo da cadeia. Em 2026 ocorre apenas um per\u00edodo de teste, no qual a CBS e o IBS aparecem de forma simb\u00f3lica, sem cobran\u00e7a efetiva e sem impacto sobre pre\u00e7os ou margens. A mudan\u00e7a concreta come\u00e7a em 2027, com a entrada em vigor da CBS federal. Caso o arroz esteja inclu\u00eddo na lista oficial da cesta b\u00e1sica nacional, a al\u00edquota prevista ser\u00e1 zero.<\/p>\n<p>Entre 2029 e 2032 acontece a transi\u00e7\u00e3o do ICMS e do ISS para o IBS. Nesse intervalo, a al\u00edquota zero aplicada \u00e0 cesta b\u00e1sica passa a valer de forma gradual tamb\u00e9m no novo imposto estadual e municipal. Somente em 2033 o sistema estar\u00e1 totalmente implementado, com CBS e IBS substituindo integralmente os tributos atuais e, se confirmado o enquadramento do arroz na cesta b\u00e1sica nacional, a tributa\u00e7\u00e3o sobre o consumo ser\u00e1 efetivamente zerada.&#13;\n<\/p>\n<p>O ponto central do debate est\u00e1 no fato de que a Constitui\u00e7\u00e3o permite a isen\u00e7\u00e3o, mas a defini\u00e7\u00e3o dos produtos da cesta b\u00e1sica depende de uma lei complementar que ainda ser\u00e1 aprovada. Para a ind\u00fastria, o novo modelo pode reduzir distor\u00e7\u00f5es entre estados, diminuir cr\u00e9ditos acumulados e trazer maior previsibilidade na forma\u00e7\u00e3o de pre\u00e7os. No varejo, a expectativa \u00e9 de simplifica\u00e7\u00e3o estrutural, enquanto para o produtor o efeito tende a ser indireto, condicionado ao repasse ao longo da cadeia.\u00a0<br \/>&#13;<br \/>\n\u00a0<\/p>\n<\/p><\/div>\n<\/p><\/div>\n<p><script data-cfasync=\"false\">\n    !function (f, b, e, v, n, t, s) {\n        if (f.fbq) return; n = f.fbq = function () {\n            n.callMethod ?\n                n.callMethod.apply(n, arguments) : n.queue.push(arguments)\n        };\n        if (!f._fbq) f._fbq = n; n.push = n; n.loaded = !0; n.version = '2.0';\n        n.queue = []; t = b.createElement(e); t.async = !0;\n        t.src = v; s = b.getElementsByTagName(e)[0];\n        s.parentNode.insertBefore(t, s)\n    }(window, document, 'script',\n        'https:\/\/connect.facebook.net\/en_US\/fbevents.js');\n    fbq('init', '522546078623747');\n    fbq('track', 'PageView');\n<\/script><br \/>\n<br \/><br \/>\n<br \/><a href=\"https:\/\/www.agrolink.com.br\/noticias\/reforma-tributaria-e-os-prazos-para-impacto-no-arroz_509208.html\">Source link <\/a><\/p>\n","protected":false},"excerpt":{"rendered":"<p>&#13; Entre 2029 e 2032 acontece a transi\u00e7\u00e3o do ICMS e do ISS para o IBS&#13; &#13; Agrolink&#13; &#13; &#8211;<\/p>\n","protected":false},"author":1,"featured_media":15404,"comment_status":"open","ping_status":"open","sticky":false,"template":"","format":"standard","meta":{"_monsterinsights_skip_tracking":false,"_monsterinsights_sitenote_active":false,"_monsterinsights_sitenote_note":"","_monsterinsights_sitenote_category":0,"_uf_show_specific_survey":0,"_uf_disable_surveys":false,"footnotes":""},"categories":[8,1,14],"tags":[],"class_list":["post-26259","post","type-post","status-publish","format-standard","has-post-thumbnail","hentry","category-agro","category-news","category-politica-agro"],"_links":{"self":[{"href":"https:\/\/agromt.news\/index.php?rest_route=\/wp\/v2\/posts\/26259"}],"collection":[{"href":"https:\/\/agromt.news\/index.php?rest_route=\/wp\/v2\/posts"}],"about":[{"href":"https:\/\/agromt.news\/index.php?rest_route=\/wp\/v2\/types\/post"}],"author":[{"embeddable":true,"href":"https:\/\/agromt.news\/index.php?rest_route=\/wp\/v2\/users\/1"}],"replies":[{"embeddable":true,"href":"https:\/\/agromt.news\/index.php?rest_route=%2Fwp%2Fv2%2Fcomments&post=26259"}],"version-history":[{"count":0,"href":"https:\/\/agromt.news\/index.php?rest_route=\/wp\/v2\/posts\/26259\/revisions"}],"wp:featuredmedia":[{"embeddable":true,"href":"https:\/\/agromt.news\/index.php?rest_route=\/wp\/v2\/media\/15404"}],"wp:attachment":[{"href":"https:\/\/agromt.news\/index.php?rest_route=%2Fwp%2Fv2%2Fmedia&parent=26259"}],"wp:term":[{"taxonomy":"category","embeddable":true,"href":"https:\/\/agromt.news\/index.php?rest_route=%2Fwp%2Fv2%2Fcategories&post=26259"},{"taxonomy":"post_tag","embeddable":true,"href":"https:\/\/agromt.news\/index.php?rest_route=%2Fwp%2Fv2%2Ftags&post=26259"}],"curies":[{"name":"wp","href":"https:\/\/api.w.org\/{rel}","templated":true}]}}