{"id":26255,"date":"2025-12-23T08:03:48","date_gmt":"2025-12-23T12:03:48","guid":{"rendered":"https:\/\/agromt.news\/?p=26255"},"modified":"2025-12-23T08:03:48","modified_gmt":"2025-12-23T12:03:48","slug":"carnes-tipicas-da-ceia-de-natal-tem-alta-de-precos-e-derrubam-vendas-no-inicio-de-dezembro","status":"publish","type":"post","link":"https:\/\/agromt.news\/?p=26255","title":{"rendered":"Carnes t\u00edpicas da ceia de Natal t\u00eam alta de pre\u00e7os e derrubam vendas no in\u00edcio de dezembro"},"content":{"rendered":"<p> <br \/>\n<\/p>\n<div>\n<figure><img decoding=\"async\" src=\"https:\/\/agromt.news\/wp-content\/uploads\/2025\/12\/Carnes-tipicas-da-ceia-de-Natal-tem-alta-de-precos.jpg\" alt=\"peru, abpa\" \/><figcaption>Foto: Divulga\u00e7\u00e3o\/ABPA<\/figcaption><\/figure>\n<\/div>\n<p>A ceia de Natal de 2025 chega marcada por press\u00e3o nos pre\u00e7os das prote\u00ednas, repetindo um cen\u00e1rio observado nos dois \u00faltimos anos. Dados da Scanntech, empresa de intelig\u00eancia de mercado que acompanha o consumo a partir dos check-outs do varejo alimentar, indicam que os pre\u00e7os das carnes t\u00edpicas do per\u00edodo seguem em alta nas duas primeiras semanas de dezembro, com impactos diretos no volume vendido.<\/p>\n<p>Na primeira semana do m\u00eas, o faturamento total das categorias comemorativas caiu 8,2%. O recuo foi resultado da combina\u00e7\u00e3o entre queda m\u00e9dia de pre\u00e7os (-3,0%) e redu\u00e7\u00e3o do volume vendido (-5,3%). Apesar do desempenho negativo, o movimento ainda era considerado moderado, sustentado principalmente pelas carnes su\u00ednas, que respondem por cerca de 67% do faturamento do segmento. Mesmo com pre\u00e7os em queda naquele momento, os su\u00ednos ainda registraram crescimento de volume de 1,6%.<\/p>\n<p>O cen\u00e1rio mudou na segunda semana de dezembro. O aumento de 6,9% nos pre\u00e7os das aves natalinas e do peru teve efeito imediato sobre o consumo. O volume de aves despencou 30,9%, enquanto o do peru caiu 27,9%. Mesmo com pre\u00e7os m\u00e9dios praticamente est\u00e1veis no agregado das categorias comemorativas, o volume total recuou 17,8%, levando o faturamento a uma queda de 18,0%.<\/p>\n<h3 class=\"wp-block-heading\" id=\"h-compras-concentradas-na-reta-final\">Compras concentradas na reta final<\/h3>\n<p>Segundo a Scanntech, mais da metade das vendas de carnes comemorativas em dezembro do ano passado ocorreu entre a terceira e a quarta semana do m\u00eas, com pico no per\u00edodo da tarde da v\u00e9spera de Natal. A expectativa \u00e9 que esse comportamento se repita em 2025.<\/p>\n<p>\u201cO consumidor est\u00e1 mais estrat\u00e9gico. Ele espera o momento certo para comprar, compara canais e ajusta o mix da ceia conforme os pre\u00e7os\u201d, afirma Matheus Tavares, gerente de Intelig\u00eancia de Mercado da Scanntech.<\/p>\n<h3 class=\"wp-block-heading\" id=\"h-tendencia-ja-vista-em-2024-e-2023\">Tend\u00eancia j\u00e1 vista em 2024 e 2023<\/h3>\n<p>O comportamento de 2025 segue o padr\u00e3o observado nos \u00faltimos Natais. Entre novembro e dezembro de 2024, as prote\u00ednas registraram aumentos de pre\u00e7os de dois d\u00edgitos na compara\u00e7\u00e3o com 2023, o que levou \u00e0 retra\u00e7\u00e3o do volume na maioria das carnes. O frango foi a \u00fanica prote\u00edna que conseguiu ampliar o consumo, refor\u00e7ando seu papel central na mesa do brasileiro.<\/p>\n<p>Em dezembro do ano passado, as aves comemorativas se tornaram as carnes mais consumidas no Natal, superando o pernil e o lombo su\u00edno. Juntas, aves e pernil responderam por quase 80% do volume total das carnes t\u00edpicas da data. J\u00e1 a carne bovina perdeu espa\u00e7o \u00e0 medida que os pre\u00e7os avan\u00e7aram.<\/p>\n<p>\u201cQuando o pre\u00e7o sobe demais, o consumidor reage rapidamente. Em 2024, as aves ganharam espa\u00e7o justamente por permitirem manter a tradi\u00e7\u00e3o da ceia com menor impacto no or\u00e7amento\u201d, explica Tavares.<\/p>\n<p>O post <a href=\"https:\/\/www.canalrural.com.br\/aves-e-suinos\/carnes-tipicas-da-ceia-de-natal-tem-alta-de-precos-e-derrubam-vendas-no-inicio-de-dezembro\/\">Carnes t\u00edpicas da ceia de Natal t\u00eam alta de pre\u00e7os e derrubam vendas no in\u00edcio de dezembro<\/a> apareceu primeiro em <a href=\"https:\/\/www.canalrural.com.br\">Canal Rural<\/a>.<\/p>\n<p><br \/>\n<br \/><a href=\"https:\/\/www.canalrural.com.br\/aves-e-suinos\/carnes-tipicas-da-ceia-de-natal-tem-alta-de-precos-e-derrubam-vendas-no-inicio-de-dezembro\/\">Source link <\/a><\/p>\n","protected":false},"excerpt":{"rendered":"<p>Foto: Divulga\u00e7\u00e3o\/ABPA A ceia de Natal de 2025 chega marcada por press\u00e3o nos pre\u00e7os das prote\u00ednas, repetindo um cen\u00e1rio observado<\/p>\n","protected":false},"author":1,"featured_media":26256,"comment_status":"open","ping_status":"open","sticky":false,"template":"","format":"standard","meta":{"_monsterinsights_skip_tracking":false,"_monsterinsights_sitenote_active":false,"_monsterinsights_sitenote_note":"","_monsterinsights_sitenote_category":0,"_uf_show_specific_survey":0,"_uf_disable_surveys":false,"footnotes":""},"categories":[1],"tags":[],"class_list":["post-26255","post","type-post","status-publish","format-standard","has-post-thumbnail","hentry","category-news"],"_links":{"self":[{"href":"https:\/\/agromt.news\/index.php?rest_route=\/wp\/v2\/posts\/26255"}],"collection":[{"href":"https:\/\/agromt.news\/index.php?rest_route=\/wp\/v2\/posts"}],"about":[{"href":"https:\/\/agromt.news\/index.php?rest_route=\/wp\/v2\/types\/post"}],"author":[{"embeddable":true,"href":"https:\/\/agromt.news\/index.php?rest_route=\/wp\/v2\/users\/1"}],"replies":[{"embeddable":true,"href":"https:\/\/agromt.news\/index.php?rest_route=%2Fwp%2Fv2%2Fcomments&post=26255"}],"version-history":[{"count":0,"href":"https:\/\/agromt.news\/index.php?rest_route=\/wp\/v2\/posts\/26255\/revisions"}],"wp:featuredmedia":[{"embeddable":true,"href":"https:\/\/agromt.news\/index.php?rest_route=\/wp\/v2\/media\/26256"}],"wp:attachment":[{"href":"https:\/\/agromt.news\/index.php?rest_route=%2Fwp%2Fv2%2Fmedia&parent=26255"}],"wp:term":[{"taxonomy":"category","embeddable":true,"href":"https:\/\/agromt.news\/index.php?rest_route=%2Fwp%2Fv2%2Fcategories&post=26255"},{"taxonomy":"post_tag","embeddable":true,"href":"https:\/\/agromt.news\/index.php?rest_route=%2Fwp%2Fv2%2Ftags&post=26255"}],"curies":[{"name":"wp","href":"https:\/\/api.w.org\/{rel}","templated":true}]}}