{"id":26246,"date":"2025-12-23T04:14:39","date_gmt":"2025-12-23T08:14:39","guid":{"rendered":"https:\/\/agromt.news\/?p=26246"},"modified":"2025-12-23T04:14:39","modified_gmt":"2025-12-23T08:14:39","slug":"nova-frente-fria-e-baixa-pressao-do-paraguai-devem-causar-temporais","status":"publish","type":"post","link":"https:\/\/agromt.news\/?p=26246","title":{"rendered":"Nova frente fria e baixa press\u00e3o do Paraguai devem causar temporais"},"content":{"rendered":"<p> <br \/>\n<\/p>\n<div>\n<figure><img decoding=\"async\" src=\"https:\/\/agromt.news\/wp-content\/uploads\/2024\/09\/frente-fria-estrada-nebulosidade-tempo-carregado-nuvens.jpg\" alt=\"tempo - nuvens carregadas - inmet frente fria - chuva\" \/><figcaption>Foto: Inmet\/Reprodu\u00e7\u00e3o<\/figcaption><\/figure>\n<\/div>\n<p>Ter\u00e7a-feira de instabilidades na maior parte do pa\u00eds. Frente fria sobre o Sul e fen\u00f4meno clim\u00e1tico vindo do Paraguai s\u00e3o os destaques do dia. Confira a previs\u00e3o feita pelos meteorologistas da Climatempo:<\/p>\n<div data-icp-cta=\"1\" id=\"icp-cta-unique\">Voc\u00ea quer entender como usar o clima a seu favor?<b> <\/b><a href=\"https:\/\/climacampo.canalrural.com.br\/climacampo_-01\">Preparamos um e-book exclusivo<\/a> para ajudar produtores rurais a se antecipar \u00e0s mudan\u00e7as do tempo e planejar melhor suas a\u00e7\u00f5es. Com base em previs\u00f5es meteorol\u00f3gicas confi\u00e1veis, ele oferece orienta\u00e7\u00f5es pr\u00e1ticas para proteger sua lavoura e otimizar seus resultados.<\/div>\n<h2 class=\"wp-block-heading\" id=\"h-sul\">Sul<\/h2>\n<p>As instabilidades associadas a uma nova frente fria seguem bloqueadas na Regi\u00e3o Sul do pa\u00eds, e as pancadas de chuva devem ocorrer desde o come\u00e7o do dia no Rio Grande do Sul. Ao longo do dia, as precipita\u00e7\u00f5es se espalham mais pelo estado, provocando chance de temporais. Tamb\u00e9m chove em \u00e1reas da metade leste de Santa Catarina e do Paran\u00e1, al\u00e9m do leste catarinense, de maneira fraca a moderada.<\/p>\n<h2 class=\"wp-block-heading\" id=\"h-sudeste\">Sudeste<\/h2>\n<p>A atua\u00e7\u00e3o de um bloqueio atmosf\u00e9rico na Regi\u00e3o segue garantindo um tempo mais firme em grande parte da Regi\u00e3o. Com a atmosfera mais aquecida, h\u00e1 chance de chuva em algumas \u00e1reas, al\u00e9m da influ\u00eancia mar\u00edtima. No noroeste e leste de Minas Gerais, al\u00e9m de grande parte do Esp\u00edrito Santo, chove de maneira fraca a moderada intensidade ao longo do dia. As temperaturas seguem elevadas nos quatro estados.<\/p>\n<h2 class=\"wp-block-heading\" id=\"h-centro-oeste\">Centro-Oeste<\/h2>\n<p>As instabilidades seguem ocorrendo desde o in\u00edcio do dia pelos estados, e \u00e0 tarde as pancadas de chuva ganham for\u00e7a. A presen\u00e7a de uma<strong> baixa press\u00e3o sobre o Paraguai<\/strong> deve favorecer as instabilidades em algumas \u00e1reas. Chove de maneira moderada a forte intensidade pelo Mato Grosso, grande parte de Goi\u00e1s e metade oeste de Mato Grosso do Sul, e h\u00e1 chance de temporais em alguns pontos.<\/p>\n<ul class=\"wp-block-list\">\n<li><em>Veja em primeira m\u00e3o tudo sobre agricultura, pecu\u00e1ria, economia e previs\u00e3o do tempo:<\/em><a href=\"https:\/\/news.google.com\/publications\/CAAqBwgKMPKZlQswq_mqAw?hl=pt-BR&amp;gl=BR&amp;ceid=BR%3Apt-419\" target=\"_blank\" rel=\"noreferrer noopener\">\u00a0<em>siga o Canal Rural no Google News!<\/em><\/a><\/li>\n<\/ul>\n<h2 class=\"wp-block-heading\" id=\"h-nordeste\">Nordeste<\/h2>\n<p>As instabilidades devem diminuir significativamente no Maranh\u00e3o e no Piau\u00ed, e a chuva deve ocorrer de maneira mais fraca a moderada intensidade, al\u00e9m do oeste da <strong><a href=\"https:\/\/www.canalrural.com.br\/nacional\/bahia\/\">Bahia<\/a><\/strong>. No Cear\u00e1, tamb\u00e9m h\u00e1 chance de chuva em grande parte do estado, al\u00e9m do oeste de Pernambuco e da Para\u00edba. No sul do territ\u00f3rio baiano e ao longo da faixa litor\u00e2nea, chove de maneira mais fraca, enquanto no restante da Regi\u00e3o o tempo segue mais firme.<\/p>\n<h2 class=\"wp-block-heading\" id=\"h-norte\">Norte<\/h2>\n<p>O tempo volta a ficar mais inst\u00e1vel pela Regi\u00e3o. No Amazonas e no Acre, as pancadas de chuva devem aumentar em rela\u00e7\u00e3o ao dia anterior, al\u00e9m de Rond\u00f4nia e da metade oeste do Par\u00e1, onde pode chover de maneira moderada a forte intensidade. No Amap\u00e1 e no Tocantins, as instabilidades seguem ocorrendo, e em Roraima o dia deve seguir com tempo mais aberto na maior parte da Regi\u00e3o.<\/p>\n<p>O post <a href=\"https:\/\/www.canalrural.com.br\/tempo\/nova-frente-fria-e-baixa-pressao-do-paraguai-devem-causar-temporais\/\">Nova frente fria e baixa press\u00e3o do Paraguai devem causar temporais<\/a> apareceu primeiro em <a href=\"https:\/\/www.canalrural.com.br\">Canal Rural<\/a>.<\/p>\n<p><br \/>\n<br \/><a href=\"https:\/\/www.canalrural.com.br\/tempo\/nova-frente-fria-e-baixa-pressao-do-paraguai-devem-causar-temporais\/\">Source link <\/a><\/p>\n","protected":false},"excerpt":{"rendered":"<p>Foto: Inmet\/Reprodu\u00e7\u00e3o Ter\u00e7a-feira de instabilidades na maior parte do pa\u00eds. Frente fria sobre o Sul e fen\u00f4meno clim\u00e1tico vindo do<\/p>\n","protected":false},"author":1,"featured_media":25956,"comment_status":"open","ping_status":"open","sticky":false,"template":"","format":"standard","meta":{"_monsterinsights_skip_tracking":false,"_monsterinsights_sitenote_active":false,"_monsterinsights_sitenote_note":"","_monsterinsights_sitenote_category":0,"_uf_show_specific_survey":0,"_uf_disable_surveys":false,"footnotes":""},"categories":[1],"tags":[],"class_list":["post-26246","post","type-post","status-publish","format-standard","has-post-thumbnail","hentry","category-news"],"_links":{"self":[{"href":"https:\/\/agromt.news\/index.php?rest_route=\/wp\/v2\/posts\/26246"}],"collection":[{"href":"https:\/\/agromt.news\/index.php?rest_route=\/wp\/v2\/posts"}],"about":[{"href":"https:\/\/agromt.news\/index.php?rest_route=\/wp\/v2\/types\/post"}],"author":[{"embeddable":true,"href":"https:\/\/agromt.news\/index.php?rest_route=\/wp\/v2\/users\/1"}],"replies":[{"embeddable":true,"href":"https:\/\/agromt.news\/index.php?rest_route=%2Fwp%2Fv2%2Fcomments&post=26246"}],"version-history":[{"count":0,"href":"https:\/\/agromt.news\/index.php?rest_route=\/wp\/v2\/posts\/26246\/revisions"}],"wp:featuredmedia":[{"embeddable":true,"href":"https:\/\/agromt.news\/index.php?rest_route=\/wp\/v2\/media\/25956"}],"wp:attachment":[{"href":"https:\/\/agromt.news\/index.php?rest_route=%2Fwp%2Fv2%2Fmedia&parent=26246"}],"wp:term":[{"taxonomy":"category","embeddable":true,"href":"https:\/\/agromt.news\/index.php?rest_route=%2Fwp%2Fv2%2Fcategories&post=26246"},{"taxonomy":"post_tag","embeddable":true,"href":"https:\/\/agromt.news\/index.php?rest_route=%2Fwp%2Fv2%2Ftags&post=26246"}],"curies":[{"name":"wp","href":"https:\/\/api.w.org\/{rel}","templated":true}]}}