{"id":26052,"date":"2025-12-19T07:05:27","date_gmt":"2025-12-19T11:05:27","guid":{"rendered":"https:\/\/agromt.news\/?p=26052"},"modified":"2025-12-19T07:05:27","modified_gmt":"2025-12-19T11:05:27","slug":"tempo-muda-e-fim-de-semana-tera-chuva-forte-e-risco-de-temporais-no-brasil","status":"publish","type":"post","link":"https:\/\/agromt.news\/?p=26052","title":{"rendered":"Tempo muda e fim de semana ter\u00e1 chuva forte e risco de temporais no Brasil"},"content":{"rendered":"<p> <br \/>\n<\/p>\n<div>\n<figure><img decoding=\"async\" src=\"https:\/\/agromt.news\/wp-content\/uploads\/2025\/11\/Semana-finaliza-com-frente-fria-e-pancadas-fortes-de-chuva.jpg\" alt=\"chuva frente fria\" \/><figcaption>Foto: Pixabay<\/figcaption><\/figure>\n<\/div>\n<p>Fim de semana ser\u00e1 marcado por calor, per\u00edodos de tempo firme e o avan\u00e7o de instabilidades que aumentam o risco de pancadas de chuva fortes e temporais em diversas regi\u00f5es do pa\u00eds, de acordo com a Climatempo. H\u00e1 aten\u00e7\u00e3o para rajadas de vento, baixa umidade do ar e volumes elevados de chuva em pontos do Brasil.<\/p>\n<div data-icp-cta=\"1\" id=\"icp-cta-unique\">Voc\u00ea quer entender como usar o clima a seu favor?<b> <\/b><a href=\"https:\/\/climacampo.canalrural.com.br\/climacampo_-01\">Preparamos um e-book exclusivo<\/a> para ajudar produtores rurais a se antecipar \u00e0s mudan\u00e7as do tempo e planejar melhor suas a\u00e7\u00f5es. Com base em previs\u00f5es meteorol\u00f3gicas confi\u00e1veis, ele oferece orienta\u00e7\u00f5es pr\u00e1ticas para proteger sua lavoura e otimizar seus resultados.<\/div>\n<h2 class=\"wp-block-heading\" id=\"h-sul\">Sul<\/h2>\n<p>Nesta sexta-feira, o tempo segue firme na maior parte da Regi\u00e3o Sul. H\u00e1 chance de chuviscos apenas no leste do Paran\u00e1, devido \u00e0 influ\u00eancia mar\u00edtima, e no norte paranaense, por instabilidades vindas de S\u00e3o Paulo. O sol predomina e as temperaturas ficam elevadas em grande parte dos estados. A umidade relativa do ar entra em aten\u00e7\u00e3o no Rio Grande do Sul, oeste de Santa Catarina e interior do Paran\u00e1, com \u00edndices entre 21% e 30%. Rajadas de vento podem variar entre 40 e 50 km\/h no litoral de Santa Catarina e do Rio Grande do Sul, al\u00e9m de \u00e1reas do interior.<\/p>\n<p>No s\u00e1bado, a chuva ocorre de forma fraca a moderada no litoral do Paran\u00e1 e de Santa Catarina, al\u00e9m de \u00e1reas do interior paranaense e do oeste catarinense. No Rio Grande do Sul, pancadas atingem as regi\u00f5es dos Pampas e Miss\u00f5es entre a tarde e a noite, influenciadas por uma \u00e1rea de baixa press\u00e3o. As temperaturas seguem elevadas.<\/p>\n<p>No domingo, as instabilidades ganham for\u00e7a. O Rio Grande do Sul deve ter chuva desde cedo, com pancadas de moderada a forte intensidade e risco de temporais, avan\u00e7ando ao longo do dia para a metade leste de Santa Catarina e do Paran\u00e1.<\/p>\n<h2 class=\"wp-block-heading\" id=\"h-sudeste\">Sudeste<\/h2>\n<p>Nesta sexta-feira, as instabilidades seguem atuando. Chove de forma moderada a forte na metade norte de S\u00e3o Paulo, no Rio de Janeiro, no sul e oeste de Minas Gerais e no sul do Esp\u00edrito Santo, com risco de temporais em \u00e1reas do interior paulista, serra fluminense, Zona da Mata Mineira e Tri\u00e2ngulo Mineiro. As temperaturas sobem gradativamente, mas seguem mais amenas no litoral paulista, no Rio de Janeiro e no sul de Minas. Rajadas de vento podem chegar a 50 km\/h em \u00e1reas de S\u00e3o Paulo.<\/p>\n<ul class=\"wp-block-list\">\n<li><em>Veja em primeira m\u00e3o tudo sobre agricultura, pecu\u00e1ria, economia e previs\u00e3o do tempo:<\/em><a href=\"https:\/\/news.google.com\/publications\/CAAqBwgKMPKZlQswq_mqAw?hl=pt-BR&amp;gl=BR&amp;ceid=BR%3Apt-419\" target=\"_blank\" rel=\"noreferrer noopener\"><em>\u00a0siga o Canal Rural no Google News!<\/em><\/a><\/li>\n<\/ul>\n<p>No s\u00e1bado, as pancadas diminuem em boa parte de Minas Gerais, mas continuam em S\u00e3o Paulo e no Rio de Janeiro, ainda com risco de temporais isolados. As temperaturas sobem um pouco mais.<\/p>\n<p>No domingo, a chuva perde intensidade, mas ainda ocorre de forma fraca a moderada em Minas Gerais, Rio de Janeiro, Esp\u00edrito Santo e em \u00e1reas do norte, oeste e leste paulista. Em grande parte do interior de S\u00e3o Paulo, o tempo fica mais firme.<\/p>\n<h2 class=\"wp-block-heading\" id=\"h-centro-oeste\">Centro-Oeste<\/h2>\n<p>Nesta sexta-feira, as instabilidades provocam chuva de moderada a forte intensidade no norte e leste de Mato Grosso do Sul, em Mato Grosso e em Goi\u00e1s, com risco de temporais, especialmente no norte mato-grossense e em \u00e1reas de Goi\u00e1s e do Distrito Federal. No sul e sudeste de Mato Grosso do Sul, o tempo fica mais firme. O calor predomina, e h\u00e1 rajadas de vento de at\u00e9 50 km\/h no sul do estado.<\/p>\n<p>No s\u00e1bado, a chuva continua em Mato Grosso e Goi\u00e1s, com volumes elevados no oeste de Mato Grosso. Em Mato Grosso do Sul, as pancadas ocorrem de forma fraca a moderada.<\/p>\n<p>No domingo, as instabilidades come\u00e7am cedo e ganham for\u00e7a ao longo do dia em grande parte da regi\u00e3o, com risco de temporais em Mato Grosso, Goi\u00e1s e no norte e leste de Mato Grosso do Sul.<\/p>\n<h2 class=\"wp-block-heading\" id=\"h-nordeste\">Nordeste<\/h2>\n<p>Nesta sexta-feira, as pancadas aumentam no Maranh\u00e3o e no Piau\u00ed, com risco de temporais, especialmente no sudoeste maranhense, onde a situa\u00e7\u00e3o \u00e9 de perigo para volumes elevados de chuva. No oeste da Bahia, chove de forma moderada a forte. No litoral da Bahia, em Sergipe, Para\u00edba, oeste de Pernambuco e no Cear\u00e1, a chuva ocorre de forma mais fraca. No restante da regi\u00e3o, o tempo segue firme e quente, com rajadas de vento entre 40 e 50 km\/h no leste do Nordeste e no litoral do Maranh\u00e3o.<\/p>\n<p>No s\u00e1bado, o tempo permanece firme em grande parte da Bahia. J\u00e1 no Maranh\u00e3o e no oeste e sul do Piau\u00ed, a chuva continua moderada a forte. No Cear\u00e1 e no oeste baiano, as pancadas seguem mais fracas.<\/p>\n<p>No domingo, a chuva se espalha pelo Maranh\u00e3o e pelo Piau\u00ed, com risco de temporais. No oeste da Bahia e no Cear\u00e1, as pancadas podem ser moderadas, enquanto no restante da regi\u00e3o o tempo fica mais est\u00e1vel.<\/p>\n<h2 class=\"wp-block-heading\" id=\"h-norte\">Norte<\/h2>\n<p>Nesta sexta-feira, o tempo segue inst\u00e1vel, com chance de temporais no Par\u00e1, Tocantins, Amazonas, Amap\u00e1, Rond\u00f4nia e no extremo sul de Roraima. Em grande parte do Par\u00e1, norte do Tocantins e leste do Amazonas, h\u00e1 alerta para volumes elevados de chuva. No Acre, as pancadas aumentam, enquanto em Roraima o tempo fica mais firme em boa parte do estado.<\/p>\n<p>No s\u00e1bado, as instabilidades diminuem no Acre e em Roraima, mas seguem fortes no Par\u00e1, Tocantins, Amazonas, Rond\u00f4nia e Amap\u00e1.<\/p>\n<p>No domingo, a chuva perde intensidade no Amazonas e no Acre, mas continua mais forte no Par\u00e1, Tocantins, Amap\u00e1 e Rond\u00f4nia. Em Roraima, o tempo segue firme e abafado.<\/p>\n<p>O post <a href=\"https:\/\/www.canalrural.com.br\/tempo\/tempo-muda-e-fim-de-semana-tera-chuva-forte-e-risco-de-temporais-no-brasil\/\">Tempo muda e fim de semana ter\u00e1 chuva forte e risco de temporais no Brasil<\/a> apareceu primeiro em <a href=\"https:\/\/www.canalrural.com.br\">Canal Rural<\/a>.<\/p>\n<p><br \/>\n<br \/><a href=\"https:\/\/www.canalrural.com.br\/tempo\/tempo-muda-e-fim-de-semana-tera-chuva-forte-e-risco-de-temporais-no-brasil\/\">Source link <\/a><\/p>\n","protected":false},"excerpt":{"rendered":"<p>Foto: Pixabay Fim de semana ser\u00e1 marcado por calor, per\u00edodos de tempo firme e o avan\u00e7o de instabilidades que aumentam<\/p>\n","protected":false},"author":1,"featured_media":25699,"comment_status":"open","ping_status":"open","sticky":false,"template":"","format":"standard","meta":{"_monsterinsights_skip_tracking":false,"_monsterinsights_sitenote_active":false,"_monsterinsights_sitenote_note":"","_monsterinsights_sitenote_category":0,"_uf_show_specific_survey":0,"_uf_disable_surveys":false,"footnotes":""},"categories":[1],"tags":[],"class_list":["post-26052","post","type-post","status-publish","format-standard","has-post-thumbnail","hentry","category-news"],"_links":{"self":[{"href":"https:\/\/agromt.news\/index.php?rest_route=\/wp\/v2\/posts\/26052"}],"collection":[{"href":"https:\/\/agromt.news\/index.php?rest_route=\/wp\/v2\/posts"}],"about":[{"href":"https:\/\/agromt.news\/index.php?rest_route=\/wp\/v2\/types\/post"}],"author":[{"embeddable":true,"href":"https:\/\/agromt.news\/index.php?rest_route=\/wp\/v2\/users\/1"}],"replies":[{"embeddable":true,"href":"https:\/\/agromt.news\/index.php?rest_route=%2Fwp%2Fv2%2Fcomments&post=26052"}],"version-history":[{"count":0,"href":"https:\/\/agromt.news\/index.php?rest_route=\/wp\/v2\/posts\/26052\/revisions"}],"wp:featuredmedia":[{"embeddable":true,"href":"https:\/\/agromt.news\/index.php?rest_route=\/wp\/v2\/media\/25699"}],"wp:attachment":[{"href":"https:\/\/agromt.news\/index.php?rest_route=%2Fwp%2Fv2%2Fmedia&parent=26052"}],"wp:term":[{"taxonomy":"category","embeddable":true,"href":"https:\/\/agromt.news\/index.php?rest_route=%2Fwp%2Fv2%2Fcategories&post=26052"},{"taxonomy":"post_tag","embeddable":true,"href":"https:\/\/agromt.news\/index.php?rest_route=%2Fwp%2Fv2%2Ftags&post=26052"}],"curies":[{"name":"wp","href":"https:\/\/api.w.org\/{rel}","templated":true}]}}