{"id":26051,"date":"2025-12-19T07:02:22","date_gmt":"2025-12-19T11:02:22","guid":{"rendered":"https:\/\/agromt.news\/?p=26051"},"modified":"2025-12-19T07:02:22","modified_gmt":"2025-12-19T11:02:22","slug":"medida-provisoria-libera-r-6-bilhoes-para-renovacao-de-frota-de-caminhoes","status":"publish","type":"post","link":"https:\/\/agromt.news\/?p=26051","title":{"rendered":"Medida provis\u00f3ria libera R$ 6 bilh\u00f5es para renova\u00e7\u00e3o de frota de caminh\u00f5es"},"content":{"rendered":"<p> <br \/>\n<\/p>\n<div>\n<p style=\"text-align:justify\">O governo federal editou uma medida provis\u00f3ria que autoriza a destina\u00e7\u00e3o de at\u00e9 R$ 6 bilh\u00f5es para a cria\u00e7\u00e3o de linhas de financiamento para a aquisi\u00e7\u00e3o de caminh\u00f5es novos ou seminovos, com foco na renova\u00e7\u00e3o da frota de transporte de cargas. A medida provis\u00f3ria\u00a0(MP 1.328\/2025)\u00a0foi publicada\u00a0em edi\u00e7\u00e3o extra do\u00a0Di\u00e1rio Oficial da Uni\u00e3o\u00a0de ter\u00e7a-feira (16).\u00a0&#13;\n<\/p>\n<p style=\"text-align:justify\">Os recursos devem ser usados para financiar pessoas f\u00edsicas e jur\u00eddicas do setor de transporte rodovi\u00e1rio de cargas \u2014 o que inclui, por exemplo, transportadores aut\u00f4nomos, cooperados, empres\u00e1rios individuais e empresas.<\/p>\n<p style=\"text-align:justify\">A gest\u00e3o dos recursos ficar\u00e1 a cargo do Minist\u00e9rio da Fazenda. O Banco Nacional de Desenvolvimento Econ\u00f4mico e Social\u00a0(BNDES)\u00a0atuar\u00e1 como agente financeiro.<\/p>\n<p style=\"text-align:justify\">A MP 1.328\/2025 j\u00e1 est\u00e1 em vigor (j\u00e1 que todas as medidas provis\u00f3rias come\u00e7am a valer assim que s\u00e3o editadas pela Presid\u00eancia da Rep\u00fablica). Mas, conforme prev\u00ea a Constitui\u00e7\u00e3o, ter\u00e1 de ser analisada e aprovada pelo Congresso Nacional para se converter definitivamente em lei.<\/p>\n<p style=\"text-align:justify\">Os financiamentos previstos na\u00a0MP 1.328\/2025 s\u00e3o reembols\u00e1veis, ou seja, os valores t\u00eam de ser devolvidos.\u00a0O texto estabelece que, no caso de caminh\u00f5es novos, apenas ve\u00edculos de fabrica\u00e7\u00e3o nacional poder\u00e3o ser financiados.<\/p>\n<p style=\"text-align:justify\">Para caminh\u00f5es seminovos, o texto determina que o cr\u00e9dito ser\u00e1 restrito a transportadores aut\u00f4nomos e cooperados.\u00a0Al\u00e9m disso, as linhas de financiamento devem prever crit\u00e9rios de conte\u00fado nacional m\u00ednimo e de sustentabilidade ambiental, social e econ\u00f4mica, que ainda t\u00eam de ser detalhados em ato do Poder Executivo.&#13;\n<\/p>\n<p style=\"text-align:justify\">A medida provis\u00f3ria tamb\u00e9m permite condi\u00e7\u00f5es diferenciadas \u2014 relacionadas a taxas, prazos e car\u00eancia \u2014 para quem entregar como contrapartida ve\u00edculos antigos (com mais de 20 anos de fabrica\u00e7\u00e3o) ou optar por modelos mais eficientes e de menor impacto ambiental.\u00a0<\/p>\n<p style=\"text-align:justify\">Al\u00e9m da renova\u00e7\u00e3o de frota, a MP 1.328\/2025 altera regras de outra medida provis\u00f3ria, a\u00a0MP 1.314\/2025,\u00a0com a\u00a0amplia\u00e7\u00e3o\u00a0das possibilidades de liquida\u00e7\u00e3o ou amortiza\u00e7\u00e3o de d\u00edvidas rurais.<\/p>\n<p style=\"text-align:justify\">A mudan\u00e7a permite o uso de linha de cr\u00e9dito rural para quitar opera\u00e7\u00f5es contratadas entre 1\u00ba de julho de 2024 e 30 de junho de 2025, inclusive aquelas renegociadas ou prorrogadas, desde que atendam \u00e0s condi\u00e7\u00f5es de adimpl\u00eancia previstas no texto.<\/p>\n<p style=\"text-align:justify\">\u00a0<\/p>\n<\/p><\/div>\n<p><script data-cfasync=\"false\">\n    !function (f, b, e, v, n, t, s) {\n        if (f.fbq) return; n = f.fbq = function () {\n            n.callMethod ?\n                n.callMethod.apply(n, arguments) : n.queue.push(arguments)\n        };\n        if (!f._fbq) f._fbq = n; n.push = n; n.loaded = !0; n.version = '2.0';\n        n.queue = []; t = b.createElement(e); t.async = !0;\n        t.src = v; s = b.getElementsByTagName(e)[0];\n        s.parentNode.insertBefore(t, s)\n    }(window, document, 'script',\n        'https:\/\/connect.facebook.net\/en_US\/fbevents.js');\n    fbq('init', '522546078623747');\n    fbq('track', 'PageView');\n<\/script><br \/>\n<br \/><br \/>\n<br \/><a href=\"https:\/\/www.agrolink.com.br\/noticias\/medida-provisoria-libera-r--6-bilhoes-para-renovacao-de-frota-de-caminhoes_509069.html\">Source link <\/a><\/p>\n","protected":false},"excerpt":{"rendered":"<p>O governo federal editou uma medida provis\u00f3ria que autoriza a destina\u00e7\u00e3o de at\u00e9 R$ 6 bilh\u00f5es para a cria\u00e7\u00e3o de<\/p>\n","protected":false},"author":1,"featured_media":7157,"comment_status":"open","ping_status":"open","sticky":false,"template":"","format":"standard","meta":{"_monsterinsights_skip_tracking":false,"_monsterinsights_sitenote_active":false,"_monsterinsights_sitenote_note":"","_monsterinsights_sitenote_category":0,"_uf_show_specific_survey":0,"_uf_disable_surveys":false,"footnotes":""},"categories":[8,1,14],"tags":[],"class_list":["post-26051","post","type-post","status-publish","format-standard","has-post-thumbnail","hentry","category-agro","category-news","category-politica-agro"],"_links":{"self":[{"href":"https:\/\/agromt.news\/index.php?rest_route=\/wp\/v2\/posts\/26051"}],"collection":[{"href":"https:\/\/agromt.news\/index.php?rest_route=\/wp\/v2\/posts"}],"about":[{"href":"https:\/\/agromt.news\/index.php?rest_route=\/wp\/v2\/types\/post"}],"author":[{"embeddable":true,"href":"https:\/\/agromt.news\/index.php?rest_route=\/wp\/v2\/users\/1"}],"replies":[{"embeddable":true,"href":"https:\/\/agromt.news\/index.php?rest_route=%2Fwp%2Fv2%2Fcomments&post=26051"}],"version-history":[{"count":0,"href":"https:\/\/agromt.news\/index.php?rest_route=\/wp\/v2\/posts\/26051\/revisions"}],"wp:featuredmedia":[{"embeddable":true,"href":"https:\/\/agromt.news\/index.php?rest_route=\/wp\/v2\/media\/7157"}],"wp:attachment":[{"href":"https:\/\/agromt.news\/index.php?rest_route=%2Fwp%2Fv2%2Fmedia&parent=26051"}],"wp:term":[{"taxonomy":"category","embeddable":true,"href":"https:\/\/agromt.news\/index.php?rest_route=%2Fwp%2Fv2%2Fcategories&post=26051"},{"taxonomy":"post_tag","embeddable":true,"href":"https:\/\/agromt.news\/index.php?rest_route=%2Fwp%2Fv2%2Ftags&post=26051"}],"curies":[{"name":"wp","href":"https:\/\/api.w.org\/{rel}","templated":true}]}}