{"id":25985,"date":"2025-12-17T23:45:39","date_gmt":"2025-12-18T03:45:39","guid":{"rendered":"https:\/\/agromt.news\/?p=25985"},"modified":"2025-12-17T23:45:39","modified_gmt":"2025-12-18T03:45:39","slug":"safra-de-verao-e-juros-moldam-cenario-do-milho-no-brasil","status":"publish","type":"post","link":"https:\/\/agromt.news\/?p=25985","title":{"rendered":"Safra de ver\u00e3o e juros moldam cen\u00e1rio do milho no Brasil"},"content":{"rendered":"<p> <br \/>\n<\/p>\n<div>\n<div class=\"row\">\n<div class=\"col-lg col-infos mt-0 mt-lg-0\">\n<div class=\"section-sub-title\">\n<p itemprop=\"description\">&#13;<br \/>\n                                Mercado monitora riscos clim\u00e1ticos e exporta\u00e7\u00f5es de milho&#13;\n                            <\/p>\n<\/p><\/div>\n<div class=\"container\">\n<div class=\"row\">\n<div class=\"col-lg p-0\">\n<div>\n<div class=\"block-news-main-infos mt-3 text-start\">\n<p>                                            <strong class=\"fn\" itemprop=\"author\" style=\"color: rgb(112, 112, 112); \">&#13;<br \/>\n                                                <a href=\"https:\/\/www.agrolink.com.br\/noticias\/javascript:;\" class=\"text-uppercase\" target=\"_blank\" style=\"color: rgb(112, 112, 112); \" rel=\"noopener\">Agrolink<\/a>&#13;<br \/>\n&#13;<br \/>\n                                                    &#8211; Seane Lennon&#13;<br \/>\n&#13;<br \/>\n                                            <\/strong><br \/>\n                                        <\/p>\n<p>                                            <abbr><time datetime=\"2025 - 12 - 16T15:21\" itemprop=\"datePublished dateModified\"> Publicado em 16\/12\/2025 \u00e0s 15:21h.<\/time><\/abbr>\n                                    <\/div>\n<\/p><\/div>\n<\/p><\/div>\n<div class=\"col-lg p-0 text-lg-end\">\n<div>\n<div id=\"mdEnviarPagina\" class=\"modal fade\" role=\"dialog\">\n<div class=\"modal-dialog\">\n<div class=\"modal-content\">\n<div class=\"modal-body\">\n<p><strong>Estimado usu\u00e1rio.<\/strong><br \/>Preencha o formul\u00e1rio abaixo para remeter a p\u00e1gina.<\/p>\n<\/p><\/div>\n<\/p><\/div>\n<\/p><\/div>\n<\/div><\/div>\n<\/p><\/div>\n<\/p><\/div>\n<\/p><\/div>\n<\/p><\/div>\n<\/p><\/div>\n<div class=\"row justify-content-md-center mt-3\">\n<div class=\"col-lg-auto col-image block-news-main-image\">\n<p>                                <img decoding=\"async\" src=\"https:\/\/www.agrolink.com.br\/upload\/imagens-resizes\/cf908fea3ce94068908150b23d5d2b4b_858x483.jpg\" class=\"lazyload img-fluid\"\/><br \/>\n                                                <span class=\"publicity-photo d-block mt-1\">Foto: Pixabay<\/span><\/p><\/div>\n<\/p><\/div>\n<div class=\"section-description section-description-noticias mt-3\">\n<p style=\"text-align:justify\">A aten\u00e7\u00e3o do mercado passou a se concentrar no desenvolvimento da primeira safra de <a href=\"https:\/\/www.agrolink.com.br\/culturas\/milho?utm_source=agrolink-detalhe-noticia&amp;utm_medium=detalhe-noticia&amp;utm_campaign=links-internos&#9;\" target=\"_blank\" rel=\"noopener\">milho<\/a> no Sul do Brasil. Segundo a an\u00e1lise divulgada pela Gr\u00e3o Direto nesta segunda-feira (15), as lavouras de Rio Grande do Sul e Santa Catarina encontram-se em fases consideradas sens\u00edveis, diferentemente da <a href=\"https:\/\/www.agrolink.com.br\/culturas\/soja?utm_source=agrolink-detalhe-noticia&amp;utm_medium=detalhe-noticia&amp;utm_campaign=links-internos\" target=\"_blank\" rel=\"noopener\">soja<\/a>. \u201cAs previs\u00f5es de calor e chuvas abaixo da m\u00e9dia para a semana acendem um alerta\u201d, aponta o especialista, ao destacar que eventuais problemas na safra de ver\u00e3o podem pressionar a oferta regional e dar sustenta\u00e7\u00e3o aos pre\u00e7os no curto prazo, inclusive na B3.&#13;\n<\/p>\n<p style=\"text-align:justify\">Outro fator acompanhado de perto \u00e9 o ritmo das exporta\u00e7\u00f5es. De acordo com a an\u00e1lise, a manuten\u00e7\u00e3o do d\u00f3lar acima de R$ 5,40 mant\u00e9m a janela de embarques atrativa. \u201cSe os dados da Anec e da Secex confirmarem volumes robustos, isso ajudar\u00e1 a enxugar a oferta dom\u00e9stica antes da entrada da safrinha\u201d, avalia a Gr\u00e3o Direto, ressaltando que esse movimento pode criar uma barreira contra novas quedas de pre\u00e7os no mercado interno.<\/p>\n<p style=\"text-align:justify\">O planejamento da safrinha de 2026 tamb\u00e9m come\u00e7a a influenciar as expectativas. Com a colheita da soja se aproximando em Mato Grosso, o mercado monitora o ritmo de compra de insumos e a inten\u00e7\u00e3o de plantio. A an\u00e1lise destaca que \u201crumores sobre redu\u00e7\u00e3o de tecnologia devido aos custos podem come\u00e7ar a precificar uma produtividade menor para o ciclo de inverno\u201d, fator que tende a exercer press\u00e3o altista no m\u00e9dio prazo.&#13;\n<\/p>\n<p style=\"text-align:justify\">No cen\u00e1rio macroecon\u00f4mico, a Gr\u00e3o Direto chama aten\u00e7\u00e3o para o recente movimento dos juros. O Federal Reserve reduziu as taxas nos Estados Unidos para a faixa de 3,50% a 3,75%, enquanto o Comit\u00ea de Pol\u00edtica Monet\u00e1ria manteve a Selic em 15% ao ano. Segundo a an\u00e1lise, \u201cesse diferencial gigantesco de juros mant\u00e9m o Brasil atrativo para o capital especulativo, segurando o d\u00f3lar na faixa de R$ 5,40\u201d. Para o produtor, o alerta \u00e9 direto: \u201ccom a Selic a 15%, o custo de carregar estoque \u00e9 alt\u00edssimo, superior a 1% ao m\u00eas\u201d.<\/p>\n<p style=\"text-align:justify\">Diante desse contexto, a Gr\u00e3o Direto refor\u00e7a a necessidade de aten\u00e7\u00e3o \u00e0s oscila\u00e7\u00f5es do mercado e aos custos de produ\u00e7\u00e3o. \u201cEm um cen\u00e1rio de juros altos e margens apertadas, a prote\u00e7\u00e3o de pre\u00e7os \u00e9 essencial\u201d, afirma o especialista. A orienta\u00e7\u00e3o \u00e9 acompanhar as cota\u00e7\u00f5es e aproveitar oportunidades quando os valores estiverem alinhados \u00e0 margem sustent\u00e1vel do produtor, reduzindo o risco financeiro.&#13;\n<\/p>\n<\/p><\/div>\n<\/p><\/div>\n<p><script data-cfasync=\"false\">\n    !function (f, b, e, v, n, t, s) {\n        if (f.fbq) return; n = f.fbq = function () {\n            n.callMethod ?\n                n.callMethod.apply(n, arguments) : n.queue.push(arguments)\n        };\n        if (!f._fbq) f._fbq = n; n.push = n; n.loaded = !0; n.version = '2.0';\n        n.queue = []; t = b.createElement(e); t.async = !0;\n        t.src = v; s = b.getElementsByTagName(e)[0];\n        s.parentNode.insertBefore(t, s)\n    }(window, document, 'script',\n        'https:\/\/connect.facebook.net\/en_US\/fbevents.js');\n    fbq('init', '522546078623747');\n    fbq('track', 'PageView');\n<\/script><br \/>\n<br \/><br \/>\n<br \/><a href=\"https:\/\/www.agrolink.com.br\/noticias\/safra-de-verao-e-juros-moldam-cenario-do-milho-no-brasil_509026.html\">Source link <\/a><\/p>\n","protected":false},"excerpt":{"rendered":"<p>&#13; Mercado monitora riscos clim\u00e1ticos e exporta\u00e7\u00f5es de milho&#13; &#13; Agrolink&#13; &#13; &#8211; Seane Lennon&#13; &#13; Publicado em 16\/12\/2025 \u00e0s<\/p>\n","protected":false},"author":1,"featured_media":1615,"comment_status":"open","ping_status":"open","sticky":false,"template":"","format":"standard","meta":{"_monsterinsights_skip_tracking":false,"_monsterinsights_sitenote_active":false,"_monsterinsights_sitenote_note":"","_monsterinsights_sitenote_category":0,"_uf_show_specific_survey":0,"_uf_disable_surveys":false,"footnotes":""},"categories":[8,1,14],"tags":[],"class_list":["post-25985","post","type-post","status-publish","format-standard","has-post-thumbnail","hentry","category-agro","category-news","category-politica-agro"],"_links":{"self":[{"href":"https:\/\/agromt.news\/index.php?rest_route=\/wp\/v2\/posts\/25985"}],"collection":[{"href":"https:\/\/agromt.news\/index.php?rest_route=\/wp\/v2\/posts"}],"about":[{"href":"https:\/\/agromt.news\/index.php?rest_route=\/wp\/v2\/types\/post"}],"author":[{"embeddable":true,"href":"https:\/\/agromt.news\/index.php?rest_route=\/wp\/v2\/users\/1"}],"replies":[{"embeddable":true,"href":"https:\/\/agromt.news\/index.php?rest_route=%2Fwp%2Fv2%2Fcomments&post=25985"}],"version-history":[{"count":0,"href":"https:\/\/agromt.news\/index.php?rest_route=\/wp\/v2\/posts\/25985\/revisions"}],"wp:featuredmedia":[{"embeddable":true,"href":"https:\/\/agromt.news\/index.php?rest_route=\/wp\/v2\/media\/1615"}],"wp:attachment":[{"href":"https:\/\/agromt.news\/index.php?rest_route=%2Fwp%2Fv2%2Fmedia&parent=25985"}],"wp:term":[{"taxonomy":"category","embeddable":true,"href":"https:\/\/agromt.news\/index.php?rest_route=%2Fwp%2Fv2%2Fcategories&post=25985"},{"taxonomy":"post_tag","embeddable":true,"href":"https:\/\/agromt.news\/index.php?rest_route=%2Fwp%2Fv2%2Ftags&post=25985"}],"curies":[{"name":"wp","href":"https:\/\/api.w.org\/{rel}","templated":true}]}}