{"id":25984,"date":"2025-12-17T21:48:34","date_gmt":"2025-12-18T01:48:34","guid":{"rendered":"https:\/\/agromt.news\/?p=25984"},"modified":"2025-12-17T21:48:34","modified_gmt":"2025-12-18T01:48:34","slug":"como-sera-o-clima-na-segunda-quinzena-de-dezembro","status":"publish","type":"post","link":"https:\/\/agromt.news\/?p=25984","title":{"rendered":"Como ser\u00e1 o clima na segunda quinzena de dezembro?"},"content":{"rendered":"<p> <br \/>\n<\/p>\n<div>\n<p style=\"text-align:justify\">As previs\u00f5es meteorol\u00f3gicas indicam uma semana marcada por instabilidade em grande parte do Brasil, com a atua\u00e7\u00e3o de uma nova frente fria e a forma\u00e7\u00e3o de um corredor de umidade sobre a por\u00e7\u00e3o central do pa\u00eds. De acordo com informa\u00e7\u00f5es do Meteored, \u201cao longo desta semana, chuvas se espalham pela por\u00e7\u00e3o central do pa\u00eds\u201d, com possibilidade de mudan\u00e7a no padr\u00e3o do tempo na semana do Natal.&#13;\n<\/p>\n<p style=\"text-align:justify\">Entre segunda-feira (15) e ter\u00e7a-feira (16), a frente fria avan\u00e7a pelo territ\u00f3rio nacional e provoca chuvas intensas e tempestades em praticamente todos os estados das regi\u00f5es Sul, Sudeste e Centro-Oeste. Segundo o Meteored, o sistema traz \u201criscos de grandes transtornos para a popula\u00e7\u00e3o\u201d, incluindo alagamentos, transbordamentos de rios, deslizamentos de terra, interrup\u00e7\u00f5es no fornecimento de energia el\u00e9trica, al\u00e9m de danos a planta\u00e7\u00f5es e queda de \u00e1rvores.<\/p>\n<p style=\"text-align:justify\">Ap\u00f3s a passagem inicial da frente fria, o sistema atmosf\u00e9rico deve organizar um corredor de umidade sobre o Brasil central, favorecendo a ocorr\u00eancia de chuvas frequentes e volumosas em \u00e1reas do Sudeste, Centro-Oeste e Norte. Estados como Rio de Janeiro, Minas Gerais, Goi\u00e1s e Mato Grosso devem concentrar os maiores volumes, com acumulados que podem se aproximar de 200 mil\u00edmetros em diversos munic\u00edpios ao longo da semana.&#13;\n<\/p>\n<p style=\"text-align:justify\">Para a semana seguinte, que inclui o per\u00edodo do Natal, os modelos indicam uma reorganiza\u00e7\u00e3o da circula\u00e7\u00e3o de ventos e umidade. A faixa de precipita\u00e7\u00e3o tende a se deslocar para a regi\u00e3o Sul, associada \u00e0 forma\u00e7\u00e3o de um rio atmosf\u00e9rico que se estende desde o Sul da Amaz\u00f4nia, passando pelo Centro-Oeste e pa\u00edses vizinhos, at\u00e9 alcan\u00e7ar Rio Grande do Sul, Santa Catarina e Paran\u00e1.<\/p>\n<p style=\"text-align:justify\">Com essa mudan\u00e7a, \u00e1reas que devem registrar volumes elevados de chuva nesta semana, como Minas Gerais, Rio de Janeiro, Esp\u00edrito Santo e partes de Goi\u00e1s e S\u00e3o Paulo, passam a ter previs\u00e3o de tempo mais firme e redu\u00e7\u00e3o das precipita\u00e7\u00f5es durante a semana do Natal.&#13;\n<\/p>\n<p style=\"text-align:justify\">Apesar das chuvas, n\u00e3o h\u00e1 indica\u00e7\u00e3o de queda generalizada nas temperaturas. Conforme aponta o Meteored, os term\u00f4metros devem permanecer dentro ou acima da m\u00e9dia em grande parte do pa\u00eds. A exce\u00e7\u00e3o ocorre em \u00e1reas do centro do Brasil, especialmente no Mato Grosso, onde a maior nebulosidade e as chuvas podem manter as temperaturas ligeiramente abaixo da m\u00e9dia, sem provocar sensa\u00e7\u00e3o de frio intenso.<\/p>\n<\/p><\/div>\n<p><script data-cfasync=\"false\">\n    !function (f, b, e, v, n, t, s) {\n        if (f.fbq) return; n = f.fbq = function () {\n            n.callMethod ?\n                n.callMethod.apply(n, arguments) : n.queue.push(arguments)\n        };\n        if (!f._fbq) f._fbq = n; n.push = n; n.loaded = !0; n.version = '2.0';\n        n.queue = []; t = b.createElement(e); t.async = !0;\n        t.src = v; s = b.getElementsByTagName(e)[0];\n        s.parentNode.insertBefore(t, s)\n    }(window, document, 'script',\n        'https:\/\/connect.facebook.net\/en_US\/fbevents.js');\n    fbq('init', '522546078623747');\n    fbq('track', 'PageView');\n<\/script><br \/>\n<br \/><br \/>\n<br \/><a href=\"https:\/\/www.agrolink.com.br\/noticias\/como-sera-o-clima-na-segunda-quinzena-de-dezembro--primeira-tendencia-para-o-natal_509027.html\">Source link <\/a><\/p>\n","protected":false},"excerpt":{"rendered":"<p>As previs\u00f5es meteorol\u00f3gicas indicam uma semana marcada por instabilidade em grande parte do Brasil, com a atua\u00e7\u00e3o de uma nova<\/p>\n","protected":false},"author":1,"featured_media":6905,"comment_status":"open","ping_status":"open","sticky":false,"template":"","format":"standard","meta":{"_monsterinsights_skip_tracking":false,"_monsterinsights_sitenote_active":false,"_monsterinsights_sitenote_note":"","_monsterinsights_sitenote_category":0,"_uf_show_specific_survey":0,"_uf_disable_surveys":false,"footnotes":""},"categories":[8,1,14],"tags":[],"class_list":["post-25984","post","type-post","status-publish","format-standard","has-post-thumbnail","hentry","category-agro","category-news","category-politica-agro"],"_links":{"self":[{"href":"https:\/\/agromt.news\/index.php?rest_route=\/wp\/v2\/posts\/25984"}],"collection":[{"href":"https:\/\/agromt.news\/index.php?rest_route=\/wp\/v2\/posts"}],"about":[{"href":"https:\/\/agromt.news\/index.php?rest_route=\/wp\/v2\/types\/post"}],"author":[{"embeddable":true,"href":"https:\/\/agromt.news\/index.php?rest_route=\/wp\/v2\/users\/1"}],"replies":[{"embeddable":true,"href":"https:\/\/agromt.news\/index.php?rest_route=%2Fwp%2Fv2%2Fcomments&post=25984"}],"version-history":[{"count":0,"href":"https:\/\/agromt.news\/index.php?rest_route=\/wp\/v2\/posts\/25984\/revisions"}],"wp:featuredmedia":[{"embeddable":true,"href":"https:\/\/agromt.news\/index.php?rest_route=\/wp\/v2\/media\/6905"}],"wp:attachment":[{"href":"https:\/\/agromt.news\/index.php?rest_route=%2Fwp%2Fv2%2Fmedia&parent=25984"}],"wp:term":[{"taxonomy":"category","embeddable":true,"href":"https:\/\/agromt.news\/index.php?rest_route=%2Fwp%2Fv2%2Fcategories&post=25984"},{"taxonomy":"post_tag","embeddable":true,"href":"https:\/\/agromt.news\/index.php?rest_route=%2Fwp%2Fv2%2Ftags&post=25984"}],"curies":[{"name":"wp","href":"https:\/\/api.w.org\/{rel}","templated":true}]}}