{"id":25982,"date":"2025-12-17T20:01:16","date_gmt":"2025-12-18T00:01:16","guid":{"rendered":"https:\/\/agromt.news\/?p=25982"},"modified":"2025-12-17T20:01:16","modified_gmt":"2025-12-18T00:01:16","slug":"favaro-assina-contrato-para-banco-de-antigenos-da-febre-aftosa","status":"publish","type":"post","link":"https:\/\/agromt.news\/?p=25982","title":{"rendered":"F\u00e1varo assina contrato para banco de ant\u00edgenos da febre aftosa"},"content":{"rendered":"<p> <br \/>\n<\/p>\n<div>\n<figure><img decoding=\"async\" src=\"https:\/\/agromt.news\/wp-content\/uploads\/2025\/06\/Livre-da-aftosa-Brasil-busca-acordo-com-Japao-e-Coreia.jpg\" alt=\"Carlso F\u00e1varo\" \/><figcaption>Foto: Mapa\/divulga\u00e7\u00e3o<\/figcaption><\/figure>\n<\/div>\n<p>O ministro da Agricultura e Pecu\u00e1ria <strong><a href=\"https:\/\/www.canalrural.com.br\/tag\/mapa\/\">(Mapa)<\/a><\/strong>, Carlos F\u00e1varo, assina, nesta quinta-feira (18), \u00e0s 10h, o contrato que viabiliza a implanta\u00e7\u00e3o do reposit\u00f3rio brasileiro de ant\u00edgenos da febre aftosa. <\/p>\n<p>A iniciativa tem como objetivo permitir que o pa\u00eds se antecipe aos desafios sanit\u00e1rios, com disponibilidade imediata de ant\u00edgenos e vacinas de emerg\u00eancia. <\/p>\n<p>&#8220;Com a assinatura do contrato, o Brasil reafirma seu compromisso com a sanidade animal e a seguran\u00e7a alimentar, fortalecendo a confian\u00e7a internacional nos produtos pecu\u00e1rios brasileiros&#8221;, destaca a pasta, em nota.<\/p>\n<ul class=\"wp-block-list\">\n<li><em>Veja em primeira m\u00e3o tudo sobre agricultura, pecu\u00e1ria, economia e previs\u00e3o do tempo:<\/em><a href=\"https:\/\/news.google.com\/publications\/CAAqBwgKMPKZlQswq_mqAw?hl=pt-BR&amp;gl=BR&amp;ceid=BR%3Apt-419\" target=\"_blank\" rel=\"noreferrer noopener\">\u00a0<em>siga o Canal Rural no Google News!<\/em><\/a><\/li>\n<\/ul>\n<p>Segundo o Minist\u00e9rio, o projeto \u00e9 resultado de anos de trabalho e dedica\u00e7\u00e3o de t\u00e9cnicos, pesquisadores e servidores p\u00fablicos do Mapa em parceria com outras institui\u00e7\u00f5es.<\/p>\n<p><strong>Servi\u00e7o<\/strong><\/p>\n<p>Lan\u00e7amento do reposit\u00f3rio brasileiro de ant\u00edgenos de febre aftosa<br \/><strong>Data:<\/strong> 18 de dezembro <br \/><strong>Hor\u00e1rio:<\/strong> 10h<br \/><strong>Local:<\/strong> Audit\u00f3rio Moacir Micheletto, sede do Minist\u00e9rio da Agricultura e Pecu\u00e1ria &#8211; Esplanada dos Minist\u00e9rios, Bloco D.<\/p>\n<p>O post <a href=\"https:\/\/www.canalrural.com.br\/pecuaria\/favaro-assina-contrato-para-banco-de-antigenos-da-febre-aftosa\/\">F\u00e1varo assina contrato para banco de ant\u00edgenos da febre aftosa<\/a> apareceu primeiro em <a href=\"https:\/\/www.canalrural.com.br\">Canal Rural<\/a>.<\/p>\n<p><br \/>\n<br \/><a href=\"https:\/\/www.canalrural.com.br\/pecuaria\/favaro-assina-contrato-para-banco-de-antigenos-da-febre-aftosa\/\">Source link <\/a><\/p>\n","protected":false},"excerpt":{"rendered":"<p>Foto: Mapa\/divulga\u00e7\u00e3o O ministro da Agricultura e Pecu\u00e1ria (Mapa), Carlos F\u00e1varo, assina, nesta quinta-feira (18), \u00e0s 10h, o contrato que<\/p>\n","protected":false},"author":1,"featured_media":25983,"comment_status":"open","ping_status":"open","sticky":false,"template":"","format":"standard","meta":{"_monsterinsights_skip_tracking":false,"_monsterinsights_sitenote_active":false,"_monsterinsights_sitenote_note":"","_monsterinsights_sitenote_category":0,"_uf_show_specific_survey":0,"_uf_disable_surveys":false,"footnotes":""},"categories":[1],"tags":[],"class_list":["post-25982","post","type-post","status-publish","format-standard","has-post-thumbnail","hentry","category-news"],"_links":{"self":[{"href":"https:\/\/agromt.news\/index.php?rest_route=\/wp\/v2\/posts\/25982"}],"collection":[{"href":"https:\/\/agromt.news\/index.php?rest_route=\/wp\/v2\/posts"}],"about":[{"href":"https:\/\/agromt.news\/index.php?rest_route=\/wp\/v2\/types\/post"}],"author":[{"embeddable":true,"href":"https:\/\/agromt.news\/index.php?rest_route=\/wp\/v2\/users\/1"}],"replies":[{"embeddable":true,"href":"https:\/\/agromt.news\/index.php?rest_route=%2Fwp%2Fv2%2Fcomments&post=25982"}],"version-history":[{"count":0,"href":"https:\/\/agromt.news\/index.php?rest_route=\/wp\/v2\/posts\/25982\/revisions"}],"wp:featuredmedia":[{"embeddable":true,"href":"https:\/\/agromt.news\/index.php?rest_route=\/wp\/v2\/media\/25983"}],"wp:attachment":[{"href":"https:\/\/agromt.news\/index.php?rest_route=%2Fwp%2Fv2%2Fmedia&parent=25982"}],"wp:term":[{"taxonomy":"category","embeddable":true,"href":"https:\/\/agromt.news\/index.php?rest_route=%2Fwp%2Fv2%2Fcategories&post=25982"},{"taxonomy":"post_tag","embeddable":true,"href":"https:\/\/agromt.news\/index.php?rest_route=%2Fwp%2Fv2%2Ftags&post=25982"}],"curies":[{"name":"wp","href":"https:\/\/api.w.org\/{rel}","templated":true}]}}