{"id":25981,"date":"2025-12-17T19:53:02","date_gmt":"2025-12-17T23:53:02","guid":{"rendered":"https:\/\/agromt.news\/?p=25981"},"modified":"2025-12-17T19:53:02","modified_gmt":"2025-12-17T23:53:02","slug":"frente-fria-traz-riscos-de-tempestades-e-ventos-no-sudeste","status":"publish","type":"post","link":"https:\/\/agromt.news\/?p=25981","title":{"rendered":"Frente fria traz riscos de tempestades e ventos no Sudeste"},"content":{"rendered":"<p> <br \/>\n<\/p>\n<div>\n<p style=\"text-align:justify\">A atua\u00e7\u00e3o de uma nova frente fria e um corredor de umidade vindo do Norte do Brasil v\u00e3o aumentar os riscos de tempestades, descargas el\u00e9tricas, rajadas de vento e queda de granizo na Regi\u00e3o Sudeste do pa\u00eds entre ter\u00e7a e quarta-feira.<\/p>\n<p style=\"text-align:justify\">A atua\u00e7\u00e3o conjunta de uma nova frente fria pr\u00f3ximo \u00e0 costa da Regi\u00e3o Sudeste com um corredor de umidade vindo da regi\u00e3o Amaz\u00f4nica v\u00e3o refor\u00e7ar as condi\u00e7\u00f5es para chuvas intensas, tempestades, descargas el\u00e9tricas (raios), rajadas de vento e at\u00e9 poss\u00edvel queda de granizo no Sudeste do pa\u00eds entre a ter\u00e7a-feira (16) e a quarta-feira (17).&#13;\n<\/p>\n<p style=\"text-align:justify\">Em ambos os dias, essas condi\u00e7\u00f5es do tempo trazem riscos de transtornos \u00e0 popula\u00e7\u00e3o, como alagamentos, enxurradas, destelhamentos e quedas de energia.\u00a0<\/p>\n<p style=\"text-align:justify\">N\u00e3o s\u00e3o esperados acumulados expressivos de chuva de forma generalizada, por\u00e9m, por se tratarem de temporais isolados, recomenda-se bastante aten\u00e7\u00e3o em \u00e1reas mais vulner\u00e1veis. Veja abaixo mais detalhes da previs\u00e3o do tempo.<\/p>\n<p style=\"text-align:justify\">A ter\u00e7a-feira (16) de manh\u00e3 ser\u00e1 de muitas nuvens e chuvas isoladas em todo o Sudeste. Nas \u00e1reas litor\u00e2neas, podem ocorrer pancadas de chuva isoladas e trovoadas.<\/p>\n<p style=\"text-align:justify\">Contudo, a partir da tarde, o c\u00e9u continua com muita nebulosidade mas as instabilidades aumentam, como observamos no mapa abaixo.<\/p>\n<p style=\"text-align:justify\">No per\u00edodo da tarde, s\u00e3o esperadas chuvas de at\u00e9 forte intensidade e tempestades de forma mais generalizada nos estados de S\u00e3o Paulo, Rio de Janeiro e grande parte de Minas Gerais (com exce\u00e7\u00e3o do extremo norte).<\/p>\n<p style=\"text-align:justify\">Durante a noite de ter\u00e7a (16), pancadas de chuva e tempestades ainda podem acontecer, mas de forma mais isolada, e especialmente nos estados mineiro e carioca.<\/p>\n<p style=\"text-align:justify\">Ao longo da ter\u00e7a-feira (16) s\u00e3o esperadas rajadas de vento moderadas entre 50 e 60 km\/h no leste paulista e mineiro e no Rio de Janeiro, mas junto com as tempestades podem superar este valor.<\/p>\n<p style=\"text-align:justify\">Mas \u00e9 na quarta-feira (17) que os ventos ficam mais abrangentes. As rajadas alcan\u00e7am os 60 km\/h em S\u00e3o Paulo, especialmente em \u00e1reas do interior, e no sudeste de Minas Gerais; e podem chegar aos 70 km\/h no Rio de Janeiro.<\/p>\n<p style=\"text-align:justify\">Para a quarta-feira (17), permanecem as mesmas condi\u00e7\u00f5es de tempo, contudo, a frente fria j\u00e1 vai estar localizada mais para norte e perde um pouco da sua influ\u00eancia sobre o estado de S\u00e3o Paulo.<\/p>\n<p style=\"text-align:justify\">A manh\u00e3 de quarta-feira (17) come\u00e7a com chuvas fracas e isoladas na faixa leste de S\u00e3o Paulo e centro-oeste de Minas Gerais, enquanto pancadas de chuva ocorrem no Rio de Janeiro e no leste do sul mineiro, regi\u00f5es mais afetadas pelo sistema nesta quarta-feira (17).<\/p>\n<p style=\"text-align:justify\">Durante a tarde de quarta-feira (17), as instabilidades ganham for\u00e7a e aumentam as condi\u00e7\u00f5es para chuvas de at\u00e9 forte intensidade e tempestades em grande parte de Minas Gerais (exce\u00e7\u00e3o do norte mineiro), no centro-norte do Rio de Janeiro e no sul do Esp\u00edrito Santo.&#13;\n<\/p>\n<p style=\"text-align:justify\">H\u00e1 possibilidade de queda de granizo em Minas Gerais, especialmente em \u00e1reas localizadas do leste, oeste e do Tri\u00e2ngulo Mineiro.<\/p>\n<p style=\"text-align:justify\">Em S\u00e3o Paulo, a tarde da quarta-feira (17) deve registrar chuvas mais fracas em \u00e1reas litor\u00e2neas e pancadas de chuva em \u00e1reas do extremo norte e do noroeste.<\/p>\n<p style=\"text-align:justify\">J\u00e1 no per\u00edodo da noite da quarta-feira (17), as chuvas reduzem e o tempo tende a ficar est\u00e1vel em grande parte do estado paulista, mas podem ocorrer chuviscos no litoral. E ainda s\u00e3o esperadas fortes pancadas de chuva e trovoadas bem isoladas em boa parte de Minas Gerais (com exce\u00e7\u00e3o do extremo norte), no norte do Rio de Janeiro e no centro-sul do Esp\u00edrito Santo.<\/p>\n<\/p><\/div>\n<p><script data-cfasync=\"false\">\n    !function (f, b, e, v, n, t, s) {\n        if (f.fbq) return; n = f.fbq = function () {\n            n.callMethod ?\n                n.callMethod.apply(n, arguments) : n.queue.push(arguments)\n        };\n        if (!f._fbq) f._fbq = n; n.push = n; n.loaded = !0; n.version = '2.0';\n        n.queue = []; t = b.createElement(e); t.async = !0;\n        t.src = v; s = b.getElementsByTagName(e)[0];\n        s.parentNode.insertBefore(t, s)\n    }(window, document, 'script',\n        'https:\/\/connect.facebook.net\/en_US\/fbevents.js');\n    fbq('init', '522546078623747');\n    fbq('track', 'PageView');\n<\/script><br \/>\n<br \/><br \/>\n<br \/><a href=\"https:\/\/www.agrolink.com.br\/noticias\/frente-fria-deixa-sp--mg-e-rj-em-alerta-para-rajadas-de-vento--tempestades-e-chuva-intensa-nesta-terca-e-quarta-feira_509031.html\">Source link <\/a><\/p>\n","protected":false},"excerpt":{"rendered":"<p>A atua\u00e7\u00e3o de uma nova frente fria e um corredor de umidade vindo do Norte do Brasil v\u00e3o aumentar os<\/p>\n","protected":false},"author":1,"featured_media":12642,"comment_status":"open","ping_status":"open","sticky":false,"template":"","format":"standard","meta":{"_monsterinsights_skip_tracking":false,"_monsterinsights_sitenote_active":false,"_monsterinsights_sitenote_note":"","_monsterinsights_sitenote_category":0,"_uf_show_specific_survey":0,"_uf_disable_surveys":false,"footnotes":""},"categories":[8,1,14],"tags":[],"class_list":["post-25981","post","type-post","status-publish","format-standard","has-post-thumbnail","hentry","category-agro","category-news","category-politica-agro"],"_links":{"self":[{"href":"https:\/\/agromt.news\/index.php?rest_route=\/wp\/v2\/posts\/25981"}],"collection":[{"href":"https:\/\/agromt.news\/index.php?rest_route=\/wp\/v2\/posts"}],"about":[{"href":"https:\/\/agromt.news\/index.php?rest_route=\/wp\/v2\/types\/post"}],"author":[{"embeddable":true,"href":"https:\/\/agromt.news\/index.php?rest_route=\/wp\/v2\/users\/1"}],"replies":[{"embeddable":true,"href":"https:\/\/agromt.news\/index.php?rest_route=%2Fwp%2Fv2%2Fcomments&post=25981"}],"version-history":[{"count":0,"href":"https:\/\/agromt.news\/index.php?rest_route=\/wp\/v2\/posts\/25981\/revisions"}],"wp:featuredmedia":[{"embeddable":true,"href":"https:\/\/agromt.news\/index.php?rest_route=\/wp\/v2\/media\/12642"}],"wp:attachment":[{"href":"https:\/\/agromt.news\/index.php?rest_route=%2Fwp%2Fv2%2Fmedia&parent=25981"}],"wp:term":[{"taxonomy":"category","embeddable":true,"href":"https:\/\/agromt.news\/index.php?rest_route=%2Fwp%2Fv2%2Fcategories&post=25981"},{"taxonomy":"post_tag","embeddable":true,"href":"https:\/\/agromt.news\/index.php?rest_route=%2Fwp%2Fv2%2Ftags&post=25981"}],"curies":[{"name":"wp","href":"https:\/\/api.w.org\/{rel}","templated":true}]}}