{"id":25896,"date":"2025-12-16T16:40:22","date_gmt":"2025-12-16T20:40:22","guid":{"rendered":"https:\/\/agromt.news\/?p=25896"},"modified":"2025-12-16T16:40:22","modified_gmt":"2025-12-16T20:40:22","slug":"temporais-em-menos-de-24h-estao-previstos-no-brasil-enquanto-frente-fria-avanca-confira-a-previsao","status":"publish","type":"post","link":"https:\/\/agromt.news\/?p=25896","title":{"rendered":"Temporais em menos de 24h est\u00e3o previstos no Brasil enquanto frente fria avan\u00e7a; confira a previs\u00e3o"},"content":{"rendered":"<p> <br \/>\n<\/p>\n<div>\n<figure><img decoding=\"async\" src=\"https:\/\/agromt.news\/wp-content\/uploads\/2025\/12\/Inmet-emite-alerta-de-chuva-forte-com-ventos-acima-dos.jpg\" alt=\"\" \/><figcaption>Freepik <\/figcaption><\/figure>\n<\/div>\n<p>O <a href=\"https:\/\/www.canalrural.com.br\/agricultura\/projeto-soja-brasil\/plantio-de-soja-25-26-atinge-941-de-area-no-brasil-cinco-estados-concluem-a-semeadura\/\">plantio da soja no Brasil <\/a>avan\u00e7a para a reta final, ainda com atraso em rela\u00e7\u00e3o ao mesmo per\u00edodo da safra passada. Segundo dados da Companhia Nacional de Abastecimento (Conab), 94,1% da \u00e1rea prevista j\u00e1 foi semeada, percentual inferior aos 96,8% registrados no mesmo per\u00edodo do ano anterior. Apesar disso, na compara\u00e7\u00e3o com a m\u00e9dia dos \u00faltimos cinco anos, o ritmo do plantio segue adiantado em 3,5%, indicando um cen\u00e1rio ainda confort\u00e1vel do ponto de vista hist\u00f3rico.<\/p>\n<p>O cen\u00e1rio clim\u00e1tico recente foi positivo para o campo. As chuvas registradas na semana passada ajudaram a espalhar umidade por grande parte das \u00e1reas produtoras do pa\u00eds, favorecendo o avan\u00e7o das opera\u00e7\u00f5es agr\u00edcolas. Com isso, os estados que ainda precisam concluir os trabalhos de semeadura devem conseguir finalizar o plantio nos pr\u00f3ximos dias.<\/p>\n<p>De acordo com o meteorologista do Canal Rural, Arthur M\u00fcller, muitas regi\u00f5es produtoras j\u00e1 encerraram completamente a semeadura da soja. As \u00e1reas que ainda concentram atraso est\u00e3o principalmente no Matopiba, em Goi\u00e1s, no Rio Grande do Sul e tamb\u00e9m em Santa Catarina. A expectativa \u00e9 de que, com a manuten\u00e7\u00e3o das condi\u00e7\u00f5es favor\u00e1veis de umidade, o plantio seja conclu\u00eddo sem maiores dificuldades nessas localidades.<\/p>\n<h2 class=\"wp-block-heading\" id=\"h-atencao-sojicultor\">Aten\u00e7\u00e3o, sojicultor<\/h2>\n<p>No entanto, o produtor precisa ficar atento \u00e0s mudan\u00e7as no tempo. Uma frente fria avan\u00e7a pelo pa\u00eds e traz risco de temporais nas pr\u00f3ximas 24 horas. Segundo o meteorologista, imagens de sat\u00e9lite indicam instabilidade sobre Mato Grosso do Sul, interior de S\u00e3o Paulo e Tri\u00e2ngulo Mineiro, com possibilidade de chuvas intensas acompanhadas por rajadas de vento mais fortes. N\u00e3o se descarta, inclusive, a ocorr\u00eancia de transtornos na capital paulista e em \u00e1reas do Rio de Janeiro, devido \u00e0 chuva volumosa concentrada em curto per\u00edodo.<\/p>\n<p>No Sul do pa\u00eds, os efeitos do sistema j\u00e1 foram sentidos. Em Porto Alegre, rajadas de vento chegaram a 90 km\/h, deixando cerca de 250 mil im\u00f3veis sem energia el\u00e9trica, conforme informa\u00e7\u00f5es da Defesa Civil. Tamb\u00e9m h\u00e1 risco de ventos acima de 70 km\/h no noroeste de Mato Grosso do Sul e no sul de Mato Grosso.<\/p>\n<h2 class=\"wp-block-heading\" id=\"h-temperaturas-elevadas\">Temperaturas elevadas <\/h2>\n<p>Enquanto isso, o sol aparece em parte do Rio Grande do Sul e tamb\u00e9m no interior da Bahia e no agreste nordestino, onde as temperaturas seguem elevadas, com m\u00e1ximas pr\u00f3ximas de 35 \u00b0C. Em Vit\u00f3ria da Conquista, a semana ser\u00e1 de tempo firme, com m\u00e1ximas em torno de 30 \u00b0C, mas a frente fria deve levar chuva ao estado a partir do fim de semana.<\/p>\n<h2 class=\"wp-block-heading\" id=\"h-proximos-cinco-dias\">Pr\u00f3ximos cinco dias <\/h2>\n<p>Nos pr\u00f3ximos cinco dias, o destaque passa a ser a entrada de ar frio no Sul do Brasil. As temperaturas caem de forma j\u00e1 a partir de amanh\u00e3 (16), com m\u00ednimas pr\u00f3ximas de 10 \u00b0C em \u00e1reas de baixada, sem risco de geada ampla. O frio tamb\u00e9m avan\u00e7a sobre S\u00e3o Paulo e Mato Grosso do Sul, onde as m\u00ednimas podem ficar abaixo de 15 \u00b0C. H\u00e1 previs\u00e3o de geada na Serra Ga\u00facha e na Serra Catarinense, com temperaturas que podem ficar abaixo dos 5 \u00b0C.<\/p>\n<\/p>\n<div data-icp-cta=\"1\" id=\"icp-cta-unique\">Voc\u00ea quer entender como usar o clima a seu favor?<b> <\/b><a href=\"https:\/\/climacampo.canalrural.com.br\/climacampo_-01\">Preparamos um e-book exclusivo<\/a> para ajudar produtores rurais a se antecipar \u00e0s mudan\u00e7as do tempo e planejar melhor suas a\u00e7\u00f5es. Com base em previs\u00f5es meteorol\u00f3gicas confi\u00e1veis, ele oferece orienta\u00e7\u00f5es pr\u00e1ticas para proteger sua lavoura e otimizar seus resultados.<\/div>\n<p>O post <a href=\"https:\/\/www.canalrural.com.br\/agricultura\/projeto-soja-brasil\/temporais-em-menos-de-24h-estao-previstos-no-brasil-frente-fria-avanca-pelo-pais\/\">Temporais em menos de 24h est\u00e3o previstos no Brasil enquanto frente fria avan\u00e7a; confira a previs\u00e3o<\/a> apareceu primeiro em <a href=\"https:\/\/www.canalrural.com.br\">Canal Rural<\/a>.<\/p>\n<p><br \/>\n<br \/><a href=\"https:\/\/www.canalrural.com.br\/agricultura\/projeto-soja-brasil\/temporais-em-menos-de-24h-estao-previstos-no-brasil-frente-fria-avanca-pelo-pais\/\">Source link <\/a><\/p>\n","protected":false},"excerpt":{"rendered":"<p>Freepik O plantio da soja no Brasil avan\u00e7a para a reta final, ainda com atraso em rela\u00e7\u00e3o ao mesmo per\u00edodo<\/p>\n","protected":false},"author":1,"featured_media":25897,"comment_status":"open","ping_status":"open","sticky":false,"template":"","format":"standard","meta":{"_monsterinsights_skip_tracking":false,"_monsterinsights_sitenote_active":false,"_monsterinsights_sitenote_note":"","_monsterinsights_sitenote_category":0,"_uf_show_specific_survey":0,"_uf_disable_surveys":false,"footnotes":""},"categories":[1],"tags":[],"class_list":["post-25896","post","type-post","status-publish","format-standard","has-post-thumbnail","hentry","category-news"],"_links":{"self":[{"href":"https:\/\/agromt.news\/index.php?rest_route=\/wp\/v2\/posts\/25896"}],"collection":[{"href":"https:\/\/agromt.news\/index.php?rest_route=\/wp\/v2\/posts"}],"about":[{"href":"https:\/\/agromt.news\/index.php?rest_route=\/wp\/v2\/types\/post"}],"author":[{"embeddable":true,"href":"https:\/\/agromt.news\/index.php?rest_route=\/wp\/v2\/users\/1"}],"replies":[{"embeddable":true,"href":"https:\/\/agromt.news\/index.php?rest_route=%2Fwp%2Fv2%2Fcomments&post=25896"}],"version-history":[{"count":0,"href":"https:\/\/agromt.news\/index.php?rest_route=\/wp\/v2\/posts\/25896\/revisions"}],"wp:featuredmedia":[{"embeddable":true,"href":"https:\/\/agromt.news\/index.php?rest_route=\/wp\/v2\/media\/25897"}],"wp:attachment":[{"href":"https:\/\/agromt.news\/index.php?rest_route=%2Fwp%2Fv2%2Fmedia&parent=25896"}],"wp:term":[{"taxonomy":"category","embeddable":true,"href":"https:\/\/agromt.news\/index.php?rest_route=%2Fwp%2Fv2%2Fcategories&post=25896"},{"taxonomy":"post_tag","embeddable":true,"href":"https:\/\/agromt.news\/index.php?rest_route=%2Fwp%2Fv2%2Ftags&post=25896"}],"curies":[{"name":"wp","href":"https:\/\/api.w.org\/{rel}","templated":true}]}}