{"id":25823,"date":"2025-12-15T18:26:26","date_gmt":"2025-12-15T22:26:26","guid":{"rendered":"https:\/\/agromt.news\/?p=25823"},"modified":"2025-12-15T18:26:26","modified_gmt":"2025-12-15T22:26:26","slug":"marco-temporal-inseguranca-juridica-no-campo-e-a-falsa-solucao-da-ampliacao-de-terras","status":"publish","type":"post","link":"https:\/\/agromt.news\/?p=25823","title":{"rendered":"Marco temporal: inseguran\u00e7a jur\u00eddica no campo e a falsa solu\u00e7\u00e3o da amplia\u00e7\u00e3o de terras"},"content":{"rendered":"<p> <br \/>\n<\/p>\n<div>\n<figure><img decoding=\"async\" src=\"https:\/\/agromt.news\/wp-content\/uploads\/2025\/10\/Indigenas-fazem-ato-no-STF-e-defendem-derrubada-do-marco.jpg\" alt=\"marco temporal\" \/><figcaption>Foto: Jo\u00e9dson Alves\/ Ag\u00eancia Brasil<\/figcaption><\/figure>\n<\/div>\n<p id=\"h-\">O Brasil voltou a conviver com um conflito institucional de alto impacto. De um lado, o Congresso Nacional tenta avan\u00e7ar com uma Proposta de Emenda Constitucional (PEC) para estabelecer o marco temporal, fixando a promulga\u00e7\u00e3o da Constitui\u00e7\u00e3o de 1988 como limite para a demarca\u00e7\u00e3o de terras ind\u00edgenas. De outro, o Supremo Tribunal Federal (STF) j\u00e1 iniciou julgamento no sentido oposto, com votos contr\u00e1rios ao marco temporal, ampliando o alcance das demarca\u00e7\u00f5es.<\/p>\n<p>O resultado desse choque entre Legislativo e Judici\u00e1rio \u00e9 um s\u00f3: inseguran\u00e7a jur\u00eddica.<\/p>\n<p>Hoje, produtores rurais que ocupam e produzem legalmente suas terras vivem sob o risco permanente de perder \u00e1reas produtivas por decis\u00f5es futuras, muitas vezes retroativas, baseadas em interpreta\u00e7\u00f5es abertas sobre ocupa\u00e7\u00e3o ind\u00edgena. Isso n\u00e3o \u00e9 um detalhe t\u00e9cnico. \u00c9 um fator que paralisa investimentos, encarece cr\u00e9dito, reduz produtividade e cria um clima de instabilidade no campo.<\/p>\n<p>O Congresso tenta resolver o problema por meio de uma PEC, elevando o marco temporal ao n\u00edvel constitucional. Caso seja aprovada e sancionada, cria-se um novo patamar jur\u00eddico. Ainda assim, parte da comunidade jur\u00eddica argumenta que o Supremo poderia questionar essa mudan\u00e7a com base nas chamadas cl\u00e1usulas p\u00e9treas da Constitui\u00e7\u00e3o, alegando prote\u00e7\u00e3o a direitos fundamentais.<\/p>\n<p>Esse cen\u00e1rio transforma o debate em um verdadeiro \u201cn\u00f3 jur\u00eddico\u201d, em que ningu\u00e9m sabe, de fato, qual regra vai prevalecer amanh\u00e3. E quando a regra do jogo muda durante a partida, o investimento simplesmente recua.<\/p>\n<h2 class=\"wp-block-heading\" id=\"h-o-peso-do-agro-na-economia-brasileira\">O peso do agro na economia brasileira<\/h2>\n<p>Essa inseguran\u00e7a n\u00e3o recai sobre um setor qualquer. O agroneg\u00f3cio \u00e9 um dos pilares da economia brasileira, respons\u00e1vel por parcela significativa do PIB, do emprego e, sobretudo, do saldo comercial do pa\u00eds. Colocar uma \u201cespada sobre a cabe\u00e7a\u201d do agro significa fragilizar justamente o setor que sustenta a economia em momentos de crise.<\/p>\n<p>Nenhum pa\u00eds cresce punindo quem produz. Nenhuma na\u00e7\u00e3o se desenvolve criando d\u00favidas permanentes sobre o direito de propriedade.<\/p>\n<p>Entendo que h\u00e1 um ponto central que costuma ser ignorado nesse debate: os povos ind\u00edgenas j\u00e1 det\u00eam cerca de 14% do territ\u00f3rio nacional. O problema enfrentado por essas comunidades n\u00e3o \u00e9, majoritariamente, a falta de terras.<\/p>\n<p>O drama ind\u00edgena hoje \u00e9 outro. Em muitas \u00e1reas, aldeias s\u00e3o dominadas por garimpeiros ilegais, desmatadores, traficantes de armas e fac\u00e7\u00f5es criminosas. Crian\u00e7as sofrem com desnutri\u00e7\u00e3o, falta de atendimento m\u00e9dico, aus\u00eancia de escolas e abandono do Estado. Isso n\u00e3o se resolve com mais hectares no papel, mas com presen\u00e7a efetiva do poder p\u00fablico.<\/p>\n<p>Cidadania significa sa\u00fade, educa\u00e7\u00e3o, seguran\u00e7a, prote\u00e7\u00e3o territorial real e integra\u00e7\u00e3o produtiva. Sem isso, ampliar terras \u00e9 apenas empurrar o problema para dentro da floresta, deixando popula\u00e7\u00f5es vulner\u00e1veis \u00e0 merc\u00ea do crime organizado.<\/p>\n<h2 class=\"wp-block-heading\" id=\"h-uma-escolha-que-o-brasil-precisa-fazer\">Uma escolha que o Brasil precisa fazer<\/h2>\n<p>O debate sobre o marco temporal deveria ser uma oportunidade para o pa\u00eds buscar equil\u00edbrio: proteger os direitos ind\u00edgenas sem destruir a seguran\u00e7a jur\u00eddica e a capacidade produtiva do campo. Transformar essa discuss\u00e3o em uma guerra institucional s\u00f3 amplia a instabilidade e afasta solu\u00e7\u00f5es reais.<\/p>\n<p>O Brasil precisa decidir se quer enfrentar os problemas com seriedade ou continuar apostando em decis\u00f5es simb\u00f3licas, que parecem virtuosas no discurso, mas fracassam na pr\u00e1tica.<\/p>\n<p>Os povos ind\u00edgenas precisam de cidadania. O campo precisa de seguran\u00e7a jur\u00eddica. E o pa\u00eds precisa de responsabilidade institucional. Sem isso, todos perdem.<\/p>\n<div class=\"wp-block-media-text is-stacked-on-mobile\">\n<figure class=\"wp-block-media-text__media\"><img fetchpriority=\"high\" decoding=\"async\" width=\"683\" height=\"1024\" src=\"https:\/\/agromt.news\/wp-content\/uploads\/2025\/12\/A-escolha-de-Bolsonaro-por-Flavio-pode-unir-a-direita.jpg\" alt=\"Miguel Daoud\" class=\"wp-image-4095706 size-full\" \/><\/figure>\n<div class=\"wp-block-media-text__content\">\n<p class=\"has-text-align-center\">*<em><strong>Miguel Daoud<\/strong>&nbsp;\u00e9 comentarista de Economia e Pol\u00edtica&nbsp;do Canal Rural<\/em><\/p>\n<p><\/p>\n<\/div>\n<\/div>\n<hr class=\"wp-block-separator has-alpha-channel-opacity\" \/>\n<p><em>O&nbsp;<strong>Canal Rural<\/strong>&nbsp;n\u00e3o se responsabiliza pelas opini\u00f5es e conceitos emitidos nos textos desta sess\u00e3o, sendo os conte\u00fados de inteira responsabilidade de seus autores. A empresa se reserva o direito de fazer ajustes no texto para adequa\u00e7\u00e3o \u00e0s normas de publica\u00e7\u00e3o.<\/em><\/p>\n<\/p>\n<\/p>\n<p>O post <a href=\"https:\/\/www.canalrural.com.br\/opiniao-noticias\/marco-temporal-inseguranca-juridica-no-campo-e-a-falsa-solucao-da-ampliacao-de-terras\/\">Marco temporal: inseguran\u00e7a jur\u00eddica no campo e a falsa solu\u00e7\u00e3o da amplia\u00e7\u00e3o de terras<\/a> apareceu primeiro em <a href=\"https:\/\/www.canalrural.com.br\">Canal Rural<\/a>.<\/p>\n<p><br \/>\n<br \/><a href=\"https:\/\/www.canalrural.com.br\/opiniao-noticias\/marco-temporal-inseguranca-juridica-no-campo-e-a-falsa-solucao-da-ampliacao-de-terras\/\">Source link <\/a><\/p>\n","protected":false},"excerpt":{"rendered":"<p>Foto: Jo\u00e9dson Alves\/ Ag\u00eancia Brasil O Brasil voltou a conviver com um conflito institucional de alto impacto. De um lado,<\/p>\n","protected":false},"author":1,"featured_media":25824,"comment_status":"open","ping_status":"open","sticky":false,"template":"","format":"standard","meta":{"_monsterinsights_skip_tracking":false,"_monsterinsights_sitenote_active":false,"_monsterinsights_sitenote_note":"","_monsterinsights_sitenote_category":0,"_uf_show_specific_survey":0,"_uf_disable_surveys":false,"footnotes":""},"categories":[1],"tags":[],"class_list":["post-25823","post","type-post","status-publish","format-standard","has-post-thumbnail","hentry","category-news"],"_links":{"self":[{"href":"https:\/\/agromt.news\/index.php?rest_route=\/wp\/v2\/posts\/25823"}],"collection":[{"href":"https:\/\/agromt.news\/index.php?rest_route=\/wp\/v2\/posts"}],"about":[{"href":"https:\/\/agromt.news\/index.php?rest_route=\/wp\/v2\/types\/post"}],"author":[{"embeddable":true,"href":"https:\/\/agromt.news\/index.php?rest_route=\/wp\/v2\/users\/1"}],"replies":[{"embeddable":true,"href":"https:\/\/agromt.news\/index.php?rest_route=%2Fwp%2Fv2%2Fcomments&post=25823"}],"version-history":[{"count":0,"href":"https:\/\/agromt.news\/index.php?rest_route=\/wp\/v2\/posts\/25823\/revisions"}],"wp:featuredmedia":[{"embeddable":true,"href":"https:\/\/agromt.news\/index.php?rest_route=\/wp\/v2\/media\/25824"}],"wp:attachment":[{"href":"https:\/\/agromt.news\/index.php?rest_route=%2Fwp%2Fv2%2Fmedia&parent=25823"}],"wp:term":[{"taxonomy":"category","embeddable":true,"href":"https:\/\/agromt.news\/index.php?rest_route=%2Fwp%2Fv2%2Fcategories&post=25823"},{"taxonomy":"post_tag","embeddable":true,"href":"https:\/\/agromt.news\/index.php?rest_route=%2Fwp%2Fv2%2Ftags&post=25823"}],"curies":[{"name":"wp","href":"https:\/\/api.w.org\/{rel}","templated":true}]}}