{"id":25821,"date":"2025-12-15T18:11:42","date_gmt":"2025-12-15T22:11:42","guid":{"rendered":"https:\/\/agromt.news\/?p=25821"},"modified":"2025-12-15T18:11:42","modified_gmt":"2025-12-15T22:11:42","slug":"inadimplencia-nao-e-problema-generalizado-do-agro-diz-banco-do-brasil","status":"publish","type":"post","link":"https:\/\/agromt.news\/?p=25821","title":{"rendered":"\u2018Inadimpl\u00eancia n\u00e3o \u00e9 problema generalizado do agro\u2019, diz Banco do Brasil"},"content":{"rendered":"<p> <br \/>\n<\/p>\n<div>\n<figure><img decoding=\"async\" src=\"https:\/\/agromt.news\/wp-content\/uploads\/2025\/12\/\u2018Inadimplencia-nao-e-problema-generalizado-do-agro-diz-Banco-do.jpg\" alt=\"agroneg\u00f3cio\" \/><figcaption>Foto: Weyne Sharp\/Governo de RO<\/figcaption><\/figure>\n<\/div>\n<p id=\"h-\">Se o agro pudesse escolher a maior preocupa\u00e7\u00e3o neste ano, provavelmente as op\u00e7\u00f5es se dividiriam entre o aumento da inadimpl\u00eancia e dos pedidos de <a href=\"https:\/\/www.canalrural.com.br\/tag\/recuperacao-judicial\/\">recupera\u00e7\u00e3o judicial<\/a>. Com 2025 pr\u00f3ximo do fim, as aten\u00e7\u00f5es se voltam para os impactos no cr\u00e9dito rural, que segue restrito, diante de um cen\u00e1rio de juros altos e margens apertadas no campo. <\/p>\n<p>Contudo, o cen\u00e1rio n\u00e3o representa a realidade do agroneg\u00f3cio como um todo. Pelo menos essa \u00e9 a avalia\u00e7\u00e3o do vice-presidente de agroneg\u00f3cios e agricultura familiar do <a href=\"https:\/\/www.canalrural.com.br\/tag\/banco-do-brasil\/\">Banco do Brasil<\/a>, Gilson Bittencourt. Ele afirma que 94,7% dos clientes do banco est\u00e3o adimplentes e a carteira da institui\u00e7\u00e3o continua saud\u00e1vel.<\/p>\n<p>&#8220;O aumento da inadimpl\u00eancia tem sido localizado e n\u00e3o \u00e9 um problema generalizado do agro brasileiro. Ele se concentra em alguns setores, regi\u00f5es e, principalmente em cr\u00e9dito a taxas livres&#8221;, diz. Os n\u00fameros, por outro lado, mostram que o alerta n\u00e3o \u00e9 infundado.<\/p>\n<p>Segundo a Confedera\u00e7\u00e3o da Agricultura e Pecu\u00e1ria do Brasil <a href=\"https:\/\/www.canalrural.com.br\/tag\/cna\/\">(CNA)<\/a>, o atraso nas opera\u00e7\u00f5es contratadas a taxas de mercado chegou a 11,4% em outubro. Esse \u00e9 o maior patamar desde o in\u00edcio da s\u00e9rie hist\u00f3rica, iniciada em 2011. J\u00e1 as recupera\u00e7\u00f5es judiciais mais do que dobraram no trimestre encerrado em outubro, de acordo com dados da Serasa Experian. Foram 628 requisi\u00e7\u00f5es, contra \u00e0s 254 registradas no mesmo per\u00edodo de 2024.<\/p>\n<ul class=\"wp-block-list\">\n<li>V<em>eja em primeira m\u00e3o tudo sobre agricultura, pecu\u00e1ria, economia e previs\u00e3o do tempo:<\/em><a href=\"https:\/\/news.google.com\/publications\/CAAqBwgKMPKZlQswq_mqAw?hl=pt-BR&amp;gl=BR&amp;ceid=BR%3Apt-419\" target=\"_blank\" rel=\"noreferrer noopener\">&nbsp;<em>siga o Canal Rural no Google News!<\/em><\/a><\/li>\n<\/ul>\n<h3 class=\"wp-block-heading\" id=\"h-descompasso-implica-em-mudancas-no-credito\">Descompasso implica em mudan\u00e7as no cr\u00e9dito<\/h3>\n<p>Sobre o aumento do endividamento no agro, Bitencourt explica que h\u00e1 um descompasso entre as receitas e os compromissos financeiros dos produtores, o que compromete o fluxo de caixa das propriedades. <\/p>\n<p>&#8220;Essa redu\u00e7\u00e3o na disponibilidade de recursos ocorre por causa de uma combina\u00e7\u00e3o de fatores, como investimentos feitos em m\u00e1quinas com pre\u00e7os acima da m\u00e9dia e aumento dos custos com arrendamento&#8221;, afirma. O vice-presidente do BB cita ainda a renegocia\u00e7\u00e3o em decorr\u00eancia de perdas de produ\u00e7\u00e3o e o impacto dos juros altos nos custos.<\/p>\n<p>Diante disso, o Banco do Brasil aposta em novas estrat\u00e9gias, como o aprimoramento dos modelos de risco e mudan\u00e7as na qualifica\u00e7\u00e3o de garantias. &#8220;Passamos a olhar por setor, regi\u00e3o, perfil de produtor e a exigir garantias mais robustas onde o risco tem se mostrado mais elevado&#8221;, esclarece Bittencourt. Ele tamb\u00e9m admite que a institui\u00e7\u00e3o est\u00e1 mais rigorosa na forma de olhar a carteira de cr\u00e9dito.<\/p>\n<h3 class=\"wp-block-heading\" id=\"h-seguro-rural-e-importante-mas-nao-e-solucao\">Seguro rural \u00e9 importante, mas n\u00e3o \u00e9 solu\u00e7\u00e3o<\/h3>\n<p>A amplia\u00e7\u00e3o da cobertura do seguro rural aparece entre as poss\u00edveis solu\u00e7\u00f5es para o cen\u00e1rio de crise. Por\u00e9m, o quadro de inadimpl\u00eancia observado atualmente n\u00e3o decorre, em sua maioria, de perda de produ\u00e7\u00e3o por clima.<\/p>\n<p>&#8220;Seguro rural \u00e9 sempre positivo. Quanto mais seguro, seja clim\u00e1tico ou de pre\u00e7o, melhor para o produtor e para as institui\u00e7\u00f5es.&nbsp;Mas a origem principal est\u00e1 no fluxo de caixa&#8221;, refor\u00e7a Bittencourt. <\/p>\n<p>Sobre o Plano Safra 2025\/26, o Banco do Brasil destaca que desembolsou R$ 87 bilh\u00f5es em cr\u00e9dito rural e na cadeia de valor do agro, e que acompanha o andamento da produ\u00e7\u00e3o no pa\u00eds. Conforme o \u00faltimo levantamento da Companhia Nacional de Abastecimento <a href=\"https:\/\/www.canalrural.com.br\/tag\/conab\/\">(Conab)<\/a>, o pa\u00eds deve colher 354,4 milh\u00f5es de toneladas de gr\u00e3os, um aumento de 0,6% em rela\u00e7\u00e3o ao ciclo anterior.\u00a0<\/p>\n<figure class=\"wp-block-image\"><img decoding=\"async\" src=\"https:\/\/agromt.news\/wp-content\/uploads\/2025\/12\/\u2018Inadimplencia-nao-e-problema-generalizado-do-agro-diz-Banco-do.png\" alt=\"\" \/><\/figure>\n<figure class=\"wp-block-image\"><img decoding=\"async\" src=\"https:\/\/agromt.news\/wp-content\/uploads\/2025\/12\/\u2018Inadimplencia-nao-e-problema-generalizado-do-agro-diz-Banco-do.gif\" alt=\"\" \/><\/figure>\n<p>O post <a href=\"https:\/\/www.canalrural.com.br\/agricultura\/agronegocio\/inadimplencia-nao-e-problema-generalizado-do-agro-diz-vice-presidente-do-banco-do-brasil\/\">&#8216;Inadimpl\u00eancia n\u00e3o \u00e9 problema generalizado do agro&#8217;, diz Banco do Brasil<\/a> apareceu primeiro em <a href=\"https:\/\/www.canalrural.com.br\">Canal Rural<\/a>.<\/p>\n<p><br \/>\n<br \/><a href=\"https:\/\/www.canalrural.com.br\/agricultura\/agronegocio\/inadimplencia-nao-e-problema-generalizado-do-agro-diz-vice-presidente-do-banco-do-brasil\/\">Source link <\/a><\/p>\n","protected":false},"excerpt":{"rendered":"<p>Foto: Weyne Sharp\/Governo de RO Se o agro pudesse escolher a maior preocupa\u00e7\u00e3o neste ano, provavelmente as op\u00e7\u00f5es se dividiriam<\/p>\n","protected":false},"author":1,"featured_media":25822,"comment_status":"open","ping_status":"open","sticky":false,"template":"","format":"standard","meta":{"_monsterinsights_skip_tracking":false,"_monsterinsights_sitenote_active":false,"_monsterinsights_sitenote_note":"","_monsterinsights_sitenote_category":0,"_uf_show_specific_survey":0,"_uf_disable_surveys":false,"footnotes":""},"categories":[1],"tags":[],"class_list":["post-25821","post","type-post","status-publish","format-standard","has-post-thumbnail","hentry","category-news"],"_links":{"self":[{"href":"https:\/\/agromt.news\/index.php?rest_route=\/wp\/v2\/posts\/25821"}],"collection":[{"href":"https:\/\/agromt.news\/index.php?rest_route=\/wp\/v2\/posts"}],"about":[{"href":"https:\/\/agromt.news\/index.php?rest_route=\/wp\/v2\/types\/post"}],"author":[{"embeddable":true,"href":"https:\/\/agromt.news\/index.php?rest_route=\/wp\/v2\/users\/1"}],"replies":[{"embeddable":true,"href":"https:\/\/agromt.news\/index.php?rest_route=%2Fwp%2Fv2%2Fcomments&post=25821"}],"version-history":[{"count":0,"href":"https:\/\/agromt.news\/index.php?rest_route=\/wp\/v2\/posts\/25821\/revisions"}],"wp:featuredmedia":[{"embeddable":true,"href":"https:\/\/agromt.news\/index.php?rest_route=\/wp\/v2\/media\/25822"}],"wp:attachment":[{"href":"https:\/\/agromt.news\/index.php?rest_route=%2Fwp%2Fv2%2Fmedia&parent=25821"}],"wp:term":[{"taxonomy":"category","embeddable":true,"href":"https:\/\/agromt.news\/index.php?rest_route=%2Fwp%2Fv2%2Fcategories&post=25821"},{"taxonomy":"post_tag","embeddable":true,"href":"https:\/\/agromt.news\/index.php?rest_route=%2Fwp%2Fv2%2Ftags&post=25821"}],"curies":[{"name":"wp","href":"https:\/\/api.w.org\/{rel}","templated":true}]}}