{"id":25730,"date":"2025-12-14T08:32:56","date_gmt":"2025-12-14T12:32:56","guid":{"rendered":"https:\/\/agromt.news\/?p=25730"},"modified":"2025-12-14T08:32:56","modified_gmt":"2025-12-14T12:32:56","slug":"falta-de-chuva-preocupa-produtores-de-citros","status":"publish","type":"post","link":"https:\/\/agromt.news\/?p=25730","title":{"rendered":"Falta de chuva preocupa produtores de citros"},"content":{"rendered":"<p> <br \/>\n<\/p>\n<div>\n<p style=\"text-align:justify\">O Informativo Conjuntural divulgado nesta quinta-feira (11) pela Emater\/RS-Ascar detalha o andamento da safra de citros em diferentes regi\u00f5es do Estado. Na \u00e1rea administrativa de Caxias do Sul, seguem os tratamentos para \u00e1caro-da-ferrugem, larva-minadora e mosca-das-frutas. Segundo o documento, \u201cos pomares apresentam boa sanidade\u201d, mas as altas temperaturas e o tempo seco j\u00e1 indicam \u201csinais de d\u00e9ficit h\u00eddrico\u201d nas plantas. Produtores com sistemas de irriga\u00e7\u00e3o utilizam o recurso para reduzir o estresse h\u00eddrico.&#13;\n<\/p>\n<p style=\"text-align:justify\">A colheita das <a href=\"https:\/\/www.agrolink.com.br\/culturas\/laranja?utm_source=agrolink-detalhe-noticia&amp;utm_medium=detalhe-noticia&amp;utm_campaign=links-internos\" target=\"_blank\" rel=\"noopener\">laranjas<\/a>\u00a0Val\u00eancia e Umbigo (Monte Parnaso) est\u00e1 em andamento, enquanto a de bergamota Ponkan Montenegrina e Murcott foi encerrada. Em Guapor\u00e9, o pre\u00e7o da Val\u00eancia varia entre R$ 0,80 e R$ 1,00 por quilo, com valor de R$ 0,50 para o produto destinado ao suco. A Monte Parnaso oscila entre R$ 1,00 e R$ 1,10 por quilo. Em Cotipor\u00e3, o quilo para consumo in natura permanece em R$ 1,50, e em Veran\u00f3polis a Val\u00eancia \u00e9 comercializada a R$ 1,30 para mesa e R$ 0,90 para suco.<\/p>\n<p style=\"text-align:justify\">Na regi\u00e3o de Erechim, a colheita continua e o pre\u00e7o ao produtor \u00e9 de R$ 1.000,00 por tonelada para ind\u00fastrias e R$ 1.200,00 por tonelada para o mercado in natura. J\u00e1 em Lajeado, a safra de bergamota e laranja est\u00e1 encerrada. A Emater informa preocupa\u00e7\u00e3o com a falta de chuvas nas \u00faltimas semanas, destacando o relato de aumento na ocorr\u00eancia de mosca-branca, embora ainda n\u00e3o haja danos relevantes associados \u00e0 baixa umidade.&#13;\n<\/p>\n<p style=\"text-align:justify\">Em S\u00e3o Sebasti\u00e3o do Ca\u00ed, a ro\u00e7ada avan\u00e7a para a etapa final e, com o aumento das temperaturas, s\u00e3o intensificados os manejos fitossanit\u00e1rios preventivos. De acordo com o informativo, t\u00eam sido realizadas a\u00e7\u00f5es de controle para \u201c\u00e1caros, pulg\u00f5es e mosca-branca\u201d, al\u00e9m de monitoramento e aplica\u00e7\u00f5es voltadas ao manejo de doen\u00e7as f\u00fangicas, com destaque para a pinta-preta.<\/p>\n<p style=\"text-align:justify\">No munic\u00edpio de S\u00e3o Jos\u00e9 do Hort\u00eancio, cerca de 70% da \u00e1rea de 180 hectares de laranja Val\u00eancia destinada ao mercado de mesa j\u00e1 foi colhida, com pre\u00e7os entre R$ 40,00 e R$ 50,00 por caixa de 25 quilos. Para a ind\u00fastria, a colheita chega a 80%, e o valor \u00e9 de R$ 12,00 por caixa. Na cultivar Monte Parnaso, com 40 hectares, aproximadamente 90% da safra est\u00e1 colhida, com pre\u00e7os que variam entre R$ 60,00 e R$ 70,00 por caixa.&#13;\n<\/p>\n<p style=\"text-align:justify\">A lima \u00e1cida Tahiti deve registrar redu\u00e7\u00e3o nos valores nas pr\u00f3ximas semanas. Em S\u00e3o Sebasti\u00e3o do Ca\u00ed, onde h\u00e1 185 hectares cultivados, os pre\u00e7os variam entre R$ 45,00 e R$ 60,00 por caixa de 25 quilos. Em Pareci Novo, com 26 hectares, o pre\u00e7o m\u00e9dio \u00e9 de R$ 65,00 por caixa. Em S\u00e3o Jos\u00e9 do Hort\u00eancio, com 95% da safra conclu\u00edda nos 25 hectares de cultivo, o valor praticado \u00e9 de R$ 70,00 por caixa.<\/p>\n<\/p><\/div>\n<p><script data-cfasync=\"false\">\n    !function (f, b, e, v, n, t, s) {\n        if (f.fbq) return; n = f.fbq = function () {\n            n.callMethod ?\n                n.callMethod.apply(n, arguments) : n.queue.push(arguments)\n        };\n        if (!f._fbq) f._fbq = n; n.push = n; n.loaded = !0; n.version = '2.0';\n        n.queue = []; t = b.createElement(e); t.async = !0;\n        t.src = v; s = b.getElementsByTagName(e)[0];\n        s.parentNode.insertBefore(t, s)\n    }(window, document, 'script',\n        'https:\/\/connect.facebook.net\/en_US\/fbevents.js');\n    fbq('init', '522546078623747');\n    fbq('track', 'PageView');\n<\/script><br \/>\n<br \/><br \/>\n<br \/><a href=\"https:\/\/www.agrolink.com.br\/noticias\/falta-de-chuva-preocupa-produtores-de-citros_508942.html\">Source link <\/a><\/p>\n","protected":false},"excerpt":{"rendered":"<p>O Informativo Conjuntural divulgado nesta quinta-feira (11) pela Emater\/RS-Ascar detalha o andamento da safra de citros em diferentes regi\u00f5es do<\/p>\n","protected":false},"author":1,"featured_media":1630,"comment_status":"open","ping_status":"open","sticky":false,"template":"","format":"standard","meta":{"_monsterinsights_skip_tracking":false,"_monsterinsights_sitenote_active":false,"_monsterinsights_sitenote_note":"","_monsterinsights_sitenote_category":0,"_uf_show_specific_survey":0,"_uf_disable_surveys":false,"footnotes":""},"categories":[8,1,14],"tags":[],"class_list":["post-25730","post","type-post","status-publish","format-standard","has-post-thumbnail","hentry","category-agro","category-news","category-politica-agro"],"_links":{"self":[{"href":"https:\/\/agromt.news\/index.php?rest_route=\/wp\/v2\/posts\/25730"}],"collection":[{"href":"https:\/\/agromt.news\/index.php?rest_route=\/wp\/v2\/posts"}],"about":[{"href":"https:\/\/agromt.news\/index.php?rest_route=\/wp\/v2\/types\/post"}],"author":[{"embeddable":true,"href":"https:\/\/agromt.news\/index.php?rest_route=\/wp\/v2\/users\/1"}],"replies":[{"embeddable":true,"href":"https:\/\/agromt.news\/index.php?rest_route=%2Fwp%2Fv2%2Fcomments&post=25730"}],"version-history":[{"count":0,"href":"https:\/\/agromt.news\/index.php?rest_route=\/wp\/v2\/posts\/25730\/revisions"}],"wp:featuredmedia":[{"embeddable":true,"href":"https:\/\/agromt.news\/index.php?rest_route=\/wp\/v2\/media\/1630"}],"wp:attachment":[{"href":"https:\/\/agromt.news\/index.php?rest_route=%2Fwp%2Fv2%2Fmedia&parent=25730"}],"wp:term":[{"taxonomy":"category","embeddable":true,"href":"https:\/\/agromt.news\/index.php?rest_route=%2Fwp%2Fv2%2Fcategories&post=25730"},{"taxonomy":"post_tag","embeddable":true,"href":"https:\/\/agromt.news\/index.php?rest_route=%2Fwp%2Fv2%2Ftags&post=25730"}],"curies":[{"name":"wp","href":"https:\/\/api.w.org\/{rel}","templated":true}]}}