{"id":25728,"date":"2025-12-14T08:09:09","date_gmt":"2025-12-14T12:09:09","guid":{"rendered":"https:\/\/agromt.news\/?p=25728"},"modified":"2025-12-14T08:09:09","modified_gmt":"2025-12-14T12:09:09","slug":"feijao-vagem-com-colheita-concentrada-ganha-espaco-entre-produtores","status":"publish","type":"post","link":"https:\/\/agromt.news\/?p=25728","title":{"rendered":"Feij\u00e3o-vagem com colheita concentrada ganha espa\u00e7o entre produtores"},"content":{"rendered":"<p> <br \/>\n<\/p>\n<div>\n<figure><img decoding=\"async\" src=\"https:\/\/agromt.news\/wp-content\/uploads\/2025\/12\/Feijao-vagem-com-colheita-concentrada-ganha-espaco-entre-produtores.jpeg\" alt=\"Feij\u00e3o-vagem\" \/><figcaption>Foto: Agristar do Brasil<\/figcaption><\/figure>\n<\/div>\n<p>Produtores de regi\u00f5es tradicionais do cultivo de feij\u00e3o-vagem t\u00eam buscado materiais que facilitem o manejo e ofere\u00e7am vagens mais uniformes. A concentra\u00e7\u00e3o da colheita em uma \u00fanica janela e o bom desempenho p\u00f3s-colheita s\u00e3o pontos que v\u00eam orientando o planejamento das lavouras. <\/p>\n<p>Especialistas apontam que essas caracter\u00edsticas ajudam a elevar o padr\u00e3o comercial do produto e a organizar melhor as opera\u00e7\u00f5es no campo.<\/p>\n<ul class=\"wp-block-list\">\n<li><em>Veja em primeira m\u00e3o tudo sobre agricultura, pecu\u00e1ria, economia e previs\u00e3o do tempo:<\/em><a href=\"https:\/\/news.google.com\/publications\/CAAqBwgKMPKZlQswq_mqAw?hl=pt-BR&amp;gl=BR&amp;ceid=BR%3Apt-419\" target=\"_blank\" rel=\"noreferrer noopener\">\u00a0<em>siga o Canal Rural no Google News!<\/em><\/a><\/li>\n<\/ul>\n<h3 class=\"wp-block-heading\" id=\"h-vantagens-no-manejo-e-na-organizacao-da-colheita\">Vantagens no manejo e na organiza\u00e7\u00e3o da colheita<\/h3>\n<p>A ado\u00e7\u00e3o de materiais com colheita concentrada tem avan\u00e7ado em \u00e1reas de S\u00e3o Paulo, Sul de Minas, Goi\u00e1s, Paran\u00e1 e Santa Catarina. Nessas regi\u00f5es, produtores t\u00eam priorizado variedades de ciclo mais curto e plantas com maior vigor, o que facilita a rotina de campo.<\/p>\n<p>O especialista em Cintur\u00e3o Verde, Roberto Ara\u00fajo, explica que algumas variedades chegam a concentrar at\u00e9 90% das vagens no mesmo per\u00edodo de matura\u00e7\u00e3o. Segundo ele, isso reduz a necessidade de m\u00faltiplas passadas na lavoura. \u201cH\u00e1 materiais que podem ser colhidos praticamente de uma s\u00f3 vez, evitando danos \u00e0s plantas e mantendo a produtividade\u201d, afirma.<\/p>\n<p>A uniformidade tamb\u00e9m favorece propriedades que utilizam mecaniza\u00e7\u00e3o, j\u00e1 que opera\u00e7\u00f5es \u00fanicas e mais precisas diminuem perdas e aceleram o processo de colheita. Al\u00e9m disso, a concentra\u00e7\u00e3o do trabalho em um per\u00edodo curto ajuda na organiza\u00e7\u00e3o da m\u00e3o de obra e no planejamento log\u00edstico.<\/p>\n<h3 class=\"wp-block-heading\" id=\"h-qualidade-visual-e-maior-durabilidade-das-vagens\">Qualidade visual e maior durabilidade das vagens<\/h3>\n<p>Outro ponto destacado pelos produtores \u00e9 o padr\u00e3o visual do feij\u00e3o-vagem determinado. Ara\u00fajo observa que materiais com colora\u00e7\u00e3o verde mais escura t\u00eam se mostrado vantajosos no varejo. Esse tom preserva a apar\u00eancia de produto fresco por mais tempo, reduzindo perdas ap\u00f3s a colheita.<\/p>\n<p>As vagens tamb\u00e9m apresentam formato cil\u00edndrico e baixa presen\u00e7a de fibras, caracter\u00edsticas valorizadas na comercializa\u00e7\u00e3o e que contribuem para textura mais uniforme. Segundo o especialista, a forma\u00e7\u00e3o mais lenta das sementes amplia a janela de colheita sem prejudicar o aspecto final do produto. <\/p>\n<p>\u201cQuando a semente se desenvolve r\u00e1pido, qualquer atraso na colheita reduz o valor da vagem. Nesse caso, a perda \u00e9 menor\u201d, explica.<\/p>\n<h3 class=\"wp-block-heading\" id=\"h-desempenho-no-campo-e-recomendacoes-ao-produtor\">Desempenho no campo e recomenda\u00e7\u00f5es ao produtor<\/h3>\n<p>Com ciclo m\u00e9dio entre 50 e 60 dias, o feij\u00e3o-vagem determinado mant\u00e9m boa adapta\u00e7\u00e3o a diferentes condi\u00e7\u00f5es de cultivo e se consolida como alternativa para quem busca manejo simples e padr\u00e3o mais elevado de vagens.<\/p>\n<p>Ara\u00fajo refor\u00e7a a import\u00e2ncia de observar as janelas de plantio para evitar per\u00edodos de frio intenso ou risco de geada, fatores que podem comprometer o desenvolvimento da cultura. Segundo ele, o ajuste correto do calend\u00e1rio ainda \u00e9 decisivo para garantir o desempenho esperado no campo.<\/p>\n<p>O post <a href=\"https:\/\/www.canalrural.com.br\/agricultura\/feijao-vagem-com-colheita-concentrada-ganha-espaco-entre-produtores\/\">Feij\u00e3o-vagem com colheita concentrada ganha espa\u00e7o entre produtores<\/a> apareceu primeiro em <a href=\"https:\/\/www.canalrural.com.br\">Canal Rural<\/a>.<\/p>\n<p><br \/>\n<br \/><a href=\"https:\/\/www.canalrural.com.br\/agricultura\/feijao-vagem-com-colheita-concentrada-ganha-espaco-entre-produtores\/\">Source link <\/a><\/p>\n","protected":false},"excerpt":{"rendered":"<p>Foto: Agristar do Brasil Produtores de regi\u00f5es tradicionais do cultivo de feij\u00e3o-vagem t\u00eam buscado materiais que facilitem o manejo e<\/p>\n","protected":false},"author":1,"featured_media":25729,"comment_status":"open","ping_status":"open","sticky":false,"template":"","format":"standard","meta":{"_monsterinsights_skip_tracking":false,"_monsterinsights_sitenote_active":false,"_monsterinsights_sitenote_note":"","_monsterinsights_sitenote_category":0,"_uf_show_specific_survey":0,"_uf_disable_surveys":false,"footnotes":""},"categories":[1],"tags":[],"class_list":["post-25728","post","type-post","status-publish","format-standard","has-post-thumbnail","hentry","category-news"],"_links":{"self":[{"href":"https:\/\/agromt.news\/index.php?rest_route=\/wp\/v2\/posts\/25728"}],"collection":[{"href":"https:\/\/agromt.news\/index.php?rest_route=\/wp\/v2\/posts"}],"about":[{"href":"https:\/\/agromt.news\/index.php?rest_route=\/wp\/v2\/types\/post"}],"author":[{"embeddable":true,"href":"https:\/\/agromt.news\/index.php?rest_route=\/wp\/v2\/users\/1"}],"replies":[{"embeddable":true,"href":"https:\/\/agromt.news\/index.php?rest_route=%2Fwp%2Fv2%2Fcomments&post=25728"}],"version-history":[{"count":0,"href":"https:\/\/agromt.news\/index.php?rest_route=\/wp\/v2\/posts\/25728\/revisions"}],"wp:featuredmedia":[{"embeddable":true,"href":"https:\/\/agromt.news\/index.php?rest_route=\/wp\/v2\/media\/25729"}],"wp:attachment":[{"href":"https:\/\/agromt.news\/index.php?rest_route=%2Fwp%2Fv2%2Fmedia&parent=25728"}],"wp:term":[{"taxonomy":"category","embeddable":true,"href":"https:\/\/agromt.news\/index.php?rest_route=%2Fwp%2Fv2%2Fcategories&post=25728"},{"taxonomy":"post_tag","embeddable":true,"href":"https:\/\/agromt.news\/index.php?rest_route=%2Fwp%2Fv2%2Ftags&post=25728"}],"curies":[{"name":"wp","href":"https:\/\/api.w.org\/{rel}","templated":true}]}}