{"id":25727,"date":"2025-12-14T06:35:57","date_gmt":"2025-12-14T10:35:57","guid":{"rendered":"https:\/\/agromt.news\/?p=25727"},"modified":"2025-12-14T06:35:57","modified_gmt":"2025-12-14T10:35:57","slug":"aprovada-extensao-da-cpr-para-insumos-e-maquinas-da-pecuaria","status":"publish","type":"post","link":"https:\/\/agromt.news\/?p=25727","title":{"rendered":"Aprovada extens\u00e3o da CPR para insumos e m\u00e1quinas da pecu\u00e1ria"},"content":{"rendered":"<p> <br \/>\n<\/p>\n<div>\n<div class=\"row\">\n<div class=\"col-lg col-infos mt-0 mt-lg-0\">\n<div class=\"section-sub-title\">\n<p itemprop=\"description\">&#13;<br \/>\n                                Comiss\u00e3o aprova mudan\u00e7a que estende cr\u00e9dito rural a insumos da pecu\u00e1ria&#13;\n                            <\/p>\n<\/p><\/div>\n<div class=\"container\">\n<div class=\"row\">\n<div class=\"col-lg p-0\">\n<div>\n<div class=\"block-news-main-infos mt-3 text-start\">\n<p>                                            <strong class=\"fn\" itemprop=\"author\" style=\"color: rgb(112, 112, 112); \">&#13;<br \/>\n                                                <a href=\"https:\/\/www.agrolink.com.br\/noticias\/javascript:;\" class=\"text-uppercase\" target=\"_blank\" style=\"color: rgb(112, 112, 112); \" rel=\"noopener\">Agrolink<\/a>&#13;<br \/>\n&#13;<br \/>\n                                                    &#8211; Seane Lennon&#13;<br \/>\n&#13;<br \/>\n                                            <\/strong><br \/>\n                                        <\/p>\n<p>                                            <abbr><time datetime=\"2025 - 12 - 12T15:08\" itemprop=\"datePublished dateModified\"> Publicado em 12\/12\/2025 \u00e0s 15:08h.<\/time><\/abbr>\n                                    <\/div>\n<\/p><\/div>\n<\/p><\/div>\n<div class=\"col-lg p-0 text-lg-end\">\n<div>\n<div id=\"mdEnviarPagina\" class=\"modal fade\" role=\"dialog\">\n<div class=\"modal-dialog\">\n<div class=\"modal-content\">\n<div class=\"modal-body\">\n<p><strong>Estimado usu\u00e1rio.<\/strong><br \/>Preencha o formul\u00e1rio abaixo para remeter a p\u00e1gina.<\/p>\n<\/p><\/div>\n<\/p><\/div>\n<\/p><\/div>\n<\/div><\/div>\n<\/p><\/div>\n<\/p><\/div>\n<\/p><\/div>\n<\/p><\/div>\n<\/p><\/div>\n<div class=\"row justify-content-md-center mt-3\">\n<div class=\"col-lg-auto col-image block-news-main-image\">\n<p>                                <img decoding=\"async\" src=\"https:\/\/www.agrolink.com.br\/upload\/imagens-resizes\/ba5ede3e9b5c4cba85c62cecb41a18d5_858x483.jpg\" class=\"lazyload img-fluid\"\/><br \/>\n                                                <span class=\"publicity-photo d-block mt-1\">Foto: Canva<\/span><\/p><\/div>\n<\/p><\/div>\n<div class=\"section-description section-description-noticias mt-3\">\n<p>De acordo com as informa\u00e7\u00f5es divulgadas pela Ag\u00eancia C\u00e2mara Not\u00edcias, a Comiss\u00e3o de Agricultura, Pecu\u00e1ria, Abastecimento e Desenvolvimento Rural da C\u00e2mara dos Deputados aprovou o Projeto de Lei 4647\/25, que prop\u00f5e substituir a express\u00e3o \u201cinsumos agr\u00edcolas\u201d por \u201cinsumos agropecu\u00e1rios\u201d na legisla\u00e7\u00e3o que regulamenta a C\u00e9dula de Produto Rural (CPR). A mudan\u00e7a incorpora produtos destinados \u00e0 pecu\u00e1ria entre os itens que podem lastrear opera\u00e7\u00f5es financeiras vinculadas ao t\u00edtulo.&#13;\n<\/p>\n<p>O autor da proposta, deputado Vinicius Carvalho (Republicanos-SP), afirmou que a regra atual n\u00e3o contempla atividades ligadas \u00e0 produ\u00e7\u00e3o e comercializa\u00e7\u00e3o de insumos, m\u00e1quinas e implementos usados na pecu\u00e1ria, conforme os dados dos Ag\u00eancia C\u00e2mara de Not\u00edcias. Segundo ele, a legisla\u00e7\u00e3o vigente n\u00e3o corresponde ao funcionamento do setor. Para Carvalho, agricultura e pecu\u00e1ria \u201cse integram em cadeias produtivas cada vez mais interdependentes\u201d.&#13;\n<\/p>\n<p>O relator, deputado Thiago Flores (Republicanos-RO), recomendou a aprova\u00e7\u00e3o e sustentou que a altera\u00e7\u00e3o amplia a seguran\u00e7a jur\u00eddica das opera\u00e7\u00f5es com CPR. \u201cIsso possibilita a inclus\u00e3o de novos emissores, refor\u00e7ando a mobiliza\u00e7\u00e3o de recursos privados para atividades rurais n\u00e3o atendidas pelo cr\u00e9dito oficial\u201d, afirmou.&#13;\n<\/p>\n<p>A proposta modifica a <a href=\"https:\/\/www2.camara.gov.br\/legin\/fed\/lei\/1994\/lei-8929-22-agosto-1994-349613-norma-pl.html\" target=\"_blank\" rel=\"noopener\">Lei 8.929\/94<\/a>, que instituiu a CPR, e tramita em car\u00e1ter conclusivo. O texto seguir\u00e1 para a Comiss\u00e3o de Constitui\u00e7\u00e3o e Justi\u00e7a e de Cidadania. Para entrar em vigor, ainda necessita do aval da C\u00e2mara e do Senado.<\/p>\n<\/p><\/div>\n<\/p><\/div>\n<p><script data-cfasync=\"false\">\n    !function (f, b, e, v, n, t, s) {\n        if (f.fbq) return; n = f.fbq = function () {\n            n.callMethod ?\n                n.callMethod.apply(n, arguments) : n.queue.push(arguments)\n        };\n        if (!f._fbq) f._fbq = n; n.push = n; n.loaded = !0; n.version = '2.0';\n        n.queue = []; t = b.createElement(e); t.async = !0;\n        t.src = v; s = b.getElementsByTagName(e)[0];\n        s.parentNode.insertBefore(t, s)\n    }(window, document, 'script',\n        'https:\/\/connect.facebook.net\/en_US\/fbevents.js');\n    fbq('init', '522546078623747');\n    fbq('track', 'PageView');\n<\/script><br \/>\n<br \/><br \/>\n<br \/><a href=\"https:\/\/www.agrolink.com.br\/noticias\/comissao-aprova-mudanca-que-estende-credito-rural-a-insumos-da-pecuaria_508943.html\">Source link <\/a><\/p>\n","protected":false},"excerpt":{"rendered":"<p>&#13; Comiss\u00e3o aprova mudan\u00e7a que estende cr\u00e9dito rural a insumos da pecu\u00e1ria&#13; &#13; Agrolink&#13; &#13; &#8211; Seane Lennon&#13; &#13; Publicado<\/p>\n","protected":false},"author":1,"featured_media":4718,"comment_status":"open","ping_status":"open","sticky":false,"template":"","format":"standard","meta":{"_monsterinsights_skip_tracking":false,"_monsterinsights_sitenote_active":false,"_monsterinsights_sitenote_note":"","_monsterinsights_sitenote_category":0,"_uf_show_specific_survey":0,"_uf_disable_surveys":false,"footnotes":""},"categories":[8,1,14],"tags":[],"class_list":["post-25727","post","type-post","status-publish","format-standard","has-post-thumbnail","hentry","category-agro","category-news","category-politica-agro"],"_links":{"self":[{"href":"https:\/\/agromt.news\/index.php?rest_route=\/wp\/v2\/posts\/25727"}],"collection":[{"href":"https:\/\/agromt.news\/index.php?rest_route=\/wp\/v2\/posts"}],"about":[{"href":"https:\/\/agromt.news\/index.php?rest_route=\/wp\/v2\/types\/post"}],"author":[{"embeddable":true,"href":"https:\/\/agromt.news\/index.php?rest_route=\/wp\/v2\/users\/1"}],"replies":[{"embeddable":true,"href":"https:\/\/agromt.news\/index.php?rest_route=%2Fwp%2Fv2%2Fcomments&post=25727"}],"version-history":[{"count":0,"href":"https:\/\/agromt.news\/index.php?rest_route=\/wp\/v2\/posts\/25727\/revisions"}],"wp:featuredmedia":[{"embeddable":true,"href":"https:\/\/agromt.news\/index.php?rest_route=\/wp\/v2\/media\/4718"}],"wp:attachment":[{"href":"https:\/\/agromt.news\/index.php?rest_route=%2Fwp%2Fv2%2Fmedia&parent=25727"}],"wp:term":[{"taxonomy":"category","embeddable":true,"href":"https:\/\/agromt.news\/index.php?rest_route=%2Fwp%2Fv2%2Fcategories&post=25727"},{"taxonomy":"post_tag","embeddable":true,"href":"https:\/\/agromt.news\/index.php?rest_route=%2Fwp%2Fv2%2Ftags&post=25727"}],"curies":[{"name":"wp","href":"https:\/\/api.w.org\/{rel}","templated":true}]}}