{"id":25725,"date":"2025-12-14T04:36:22","date_gmt":"2025-12-14T08:36:22","guid":{"rendered":"https:\/\/agromt.news\/?p=25725"},"modified":"2025-12-14T04:36:22","modified_gmt":"2025-12-14T08:36:22","slug":"frente-fria-avanca-no-rs-e-favorece-desenvolvimento-das-lavouras","status":"publish","type":"post","link":"https:\/\/agromt.news\/?p=25725","title":{"rendered":"Frente fria avan\u00e7a no RS e favorece desenvolvimento das lavouras"},"content":{"rendered":"<p> <br \/>\n<\/p>\n<div>\n<div class=\"row\">\n<div class=\"col-lg col-infos mt-0 mt-lg-0\">\n<div class=\"section-sub-title\">\n<p itemprop=\"description\">&#13;<br \/>\n                                Fim de semana deve ser de tempo quente com pancadas de chuva&#13;<br \/>\n&#13;\n                            <\/p>\n<\/p><\/div>\n<div class=\"container\">\n<div class=\"row\">\n<div class=\"col-lg p-0\">\n<div>\n<div class=\"block-news-main-infos mt-3 text-start\">\n<p>                                            <strong class=\"fn\" itemprop=\"author\" style=\"color: rgb(112, 112, 112); \">&#13;<br \/>\n                                                <a href=\"https:\/\/www.agrolink.com.br\/noticias\/javascript:;\" class=\"text-uppercase\" target=\"_blank\" style=\"color: rgb(112, 112, 112); \" rel=\"noopener\">Agrolink<\/a>&#13;<br \/>\n&#13;<br \/>\n                                                    &#8211; Aline Merladete&#13;<br \/>\n&#13;<br \/>\n                                            <\/strong><br \/>\n                                        <\/p>\n<p>                                            <abbr><time datetime=\"2025 - 12 - 12T15:11\" itemprop=\"datePublished dateModified\"> Publicado em 12\/12\/2025 \u00e0s 15:11h.<\/time><\/abbr>\n                                    <\/div>\n<\/p><\/div>\n<\/p><\/div>\n<div class=\"col-lg p-0 text-lg-end\">\n<div>\n<div id=\"mdEnviarPagina\" class=\"modal fade\" role=\"dialog\">\n<div class=\"modal-dialog\">\n<div class=\"modal-content\">\n<div class=\"modal-body\">\n<p><strong>Estimado usu\u00e1rio.<\/strong><br \/>Preencha o formul\u00e1rio abaixo para remeter a p\u00e1gina.<\/p>\n<\/p><\/div>\n<\/p><\/div>\n<\/p><\/div>\n<\/div><\/div>\n<\/p><\/div>\n<\/p><\/div>\n<\/p><\/div>\n<\/p><\/div>\n<\/p><\/div>\n<div class=\"row justify-content-md-center mt-3\">\n<div class=\"col-lg-auto col-image block-news-main-image\">\n<p>                                <img decoding=\"async\" src=\"https:\/\/www.agrolink.com.br\/upload\/imagens-resizes\/913342ae8439445fa66d91b948ce0046_858x483.jpg\" class=\"lazyload img-fluid\"\/><br \/>\n                                                <span class=\"publicity-photo d-block mt-1\">Foto: Arquivo<\/span><\/p><\/div>\n<\/p><\/div>\n<div class=\"section-description section-description-noticias mt-3\">\n<p style=\"text-align:justify\">A partir desta sexta-feira (12), o tempo come\u00e7a a mudar com aumento da nebulosidade no Norte, o que pode provocar chuvas em pontos como Ros\u00e1rio do Sul e Bag\u00e9. As temperaturas variam entre 22\u00a0\u00b0C e 24\u00a0\u00b0C na metade Norte, e sobem para at\u00e9 32\u00a0\u00b0C no Sul.<\/p>\n<p style=\"text-align:justify\">No s\u00e1bado (13), um sistema de baixa press\u00e3o atmosf\u00e9rica deve ampliar a instabilidade em todas as regi\u00f5es, trazendo pancadas isoladas de chuva e temperaturas que alcan\u00e7am at\u00e9 32\u00a0\u00b0C no Sul.<\/p>\n<p style=\"text-align:justify\">O domingo (14) ser\u00e1 de predom\u00ednio de sol, mas com chance de pancadas de chuva devido ao aquecimento diurno. As m\u00e1ximas devem atingir 35\u00a0\u00b0C no Oeste e Centro do Estado, al\u00e9m da Regi\u00e3o Metropolitana.<\/p>\n<p style=\"text-align:justify\"><a href=\"https:\/\/www.agrolink.com.br\/agrotempo?utm_source=agrolink-detalhe-noticia&amp;utm_medium=detalhe-noticia&amp;utm_campaign=links-internos\" target=\"_blank\" rel=\"noopener\">Clique aqui e acesse AGROTEMPO<\/a><\/p>\n<p style=\"text-align:justify\">Na segunda-feira (15), a frente fria avan\u00e7a e deve provocar chuvas principalmente na metade Oeste e Sul. Apesar disso, o calor persiste, com temperaturas que podem chegar a 32\u00a0\u00b0C em regi\u00f5es como o Litoral Norte e o Nordeste.<\/p>\n<p style=\"text-align:justify\">Na ter\u00e7a (16), uma massa de ar frio e seco estabiliza a atmosfera, proporcionando um dia ensolarado com m\u00ednimas de 16\u00a0\u00b0C e m\u00e1ximas entre 26\u00a0\u00b0C e 30\u00a0\u00b0C. Na quarta-feira (17), o sol volta a predominar, com eleva\u00e7\u00e3o das temperaturas, chegando a 35\u00a0\u00b0C na Fronteira Oeste.&#13;\n<\/p>\n<p style=\"text-align:justify\">Segundo o Boletim Agrometeorol\u00f3gico 50\/2025, elaborado pela Secretaria da Agricultura, Pecu\u00e1ria, Produ\u00e7\u00e3o Sustent\u00e1vel e Irriga\u00e7\u00e3o (Seapi), Emater\/RS-Ascar e Instituto Rio Grandense do Arroz (Irga), as chuvas previstas, mesmo que irregulares, associadas a temperaturas elevadas e boa radia\u00e7\u00e3o solar, criam condi\u00e7\u00f5es mais favor\u00e1veis ao desenvolvimento das culturas em campo.&#13;\n<\/p>\n<\/p><\/div>\n<\/p><\/div>\n<p><script data-cfasync=\"false\">\n    !function (f, b, e, v, n, t, s) {\n        if (f.fbq) return; n = f.fbq = function () {\n            n.callMethod ?\n                n.callMethod.apply(n, arguments) : n.queue.push(arguments)\n        };\n        if (!f._fbq) f._fbq = n; n.push = n; n.loaded = !0; n.version = '2.0';\n        n.queue = []; t = b.createElement(e); t.async = !0;\n        t.src = v; s = b.getElementsByTagName(e)[0];\n        s.parentNode.insertBefore(t, s)\n    }(window, document, 'script',\n        'https:\/\/connect.facebook.net\/en_US\/fbevents.js');\n    fbq('init', '522546078623747');\n    fbq('track', 'PageView');\n<\/script><br \/>\n<br \/><br \/>\n<br \/><a href=\"https:\/\/www.agrolink.com.br\/noticias\/frente-fria-avanca-no-rs-e-favorece-desenvolvimento-das-lavouras_508944.html\">Source link <\/a><\/p>\n","protected":false},"excerpt":{"rendered":"<p>&#13; Fim de semana deve ser de tempo quente com pancadas de chuva&#13; &#13; &#13; Agrolink&#13; &#13; &#8211; Aline Merladete&#13;<\/p>\n","protected":false},"author":1,"featured_media":25726,"comment_status":"open","ping_status":"open","sticky":false,"template":"","format":"standard","meta":{"_monsterinsights_skip_tracking":false,"_monsterinsights_sitenote_active":false,"_monsterinsights_sitenote_note":"","_monsterinsights_sitenote_category":0,"_uf_show_specific_survey":0,"_uf_disable_surveys":false,"footnotes":""},"categories":[8,1,14],"tags":[],"class_list":["post-25725","post","type-post","status-publish","format-standard","has-post-thumbnail","hentry","category-agro","category-news","category-politica-agro"],"_links":{"self":[{"href":"https:\/\/agromt.news\/index.php?rest_route=\/wp\/v2\/posts\/25725"}],"collection":[{"href":"https:\/\/agromt.news\/index.php?rest_route=\/wp\/v2\/posts"}],"about":[{"href":"https:\/\/agromt.news\/index.php?rest_route=\/wp\/v2\/types\/post"}],"author":[{"embeddable":true,"href":"https:\/\/agromt.news\/index.php?rest_route=\/wp\/v2\/users\/1"}],"replies":[{"embeddable":true,"href":"https:\/\/agromt.news\/index.php?rest_route=%2Fwp%2Fv2%2Fcomments&post=25725"}],"version-history":[{"count":0,"href":"https:\/\/agromt.news\/index.php?rest_route=\/wp\/v2\/posts\/25725\/revisions"}],"wp:featuredmedia":[{"embeddable":true,"href":"https:\/\/agromt.news\/index.php?rest_route=\/wp\/v2\/media\/25726"}],"wp:attachment":[{"href":"https:\/\/agromt.news\/index.php?rest_route=%2Fwp%2Fv2%2Fmedia&parent=25725"}],"wp:term":[{"taxonomy":"category","embeddable":true,"href":"https:\/\/agromt.news\/index.php?rest_route=%2Fwp%2Fv2%2Fcategories&post=25725"},{"taxonomy":"post_tag","embeddable":true,"href":"https:\/\/agromt.news\/index.php?rest_route=%2Fwp%2Fv2%2Ftags&post=25725"}],"curies":[{"name":"wp","href":"https:\/\/api.w.org\/{rel}","templated":true}]}}