{"id":25723,"date":"2025-12-14T00:43:02","date_gmt":"2025-12-14T04:43:02","guid":{"rendered":"https:\/\/agromt.news\/?p=25723"},"modified":"2025-12-14T00:43:02","modified_gmt":"2025-12-14T04:43:02","slug":"produtividade-da-cana-de-acucar-em-novembro-cresce-07-no-centro-sul-mostra-boletim-do-ctc","status":"publish","type":"post","link":"https:\/\/agromt.news\/?p=25723","title":{"rendered":"Produtividade da cana-de-a\u00e7\u00facar em novembro cresce 0,7% no Centro-Sul, mostra boletim do CTC"},"content":{"rendered":"<p> <br \/>\n<\/p>\n<div>\n<div class=\"row\">\n<div class=\"col-lg col-infos mt-0 mt-lg-0\">\n<div class=\"section-sub-title\">\n<p itemprop=\"description\">&#13;<br \/>\n                                M\u00e9dia alcan\u00e7ou 63,3 toneladas por hectare nesta safra&#13;\n                            <\/p>\n<\/p><\/div>\n<div class=\"container\">\n<div class=\"row\">\n<div class=\"col-lg p-0 text-lg-end\">\n<div>\n<div id=\"mdEnviarPagina\" class=\"modal fade\" role=\"dialog\">\n<div class=\"modal-dialog\">\n<div class=\"modal-content\">\n<div class=\"modal-body\">\n<p><strong>Estimado usu\u00e1rio.<\/strong><br \/>Preencha o formul\u00e1rio abaixo para remeter a p\u00e1gina.<\/p>\n<\/p><\/div>\n<\/p><\/div>\n<\/p><\/div>\n<\/div><\/div>\n<\/p><\/div>\n<\/p><\/div>\n<\/p><\/div>\n<\/p><\/div>\n<\/p><\/div>\n<div class=\"row justify-content-md-center mt-3\">\n<div class=\"col-lg-auto col-image block-news-main-image\">\n<p>                                <img decoding=\"async\" src=\"https:\/\/www.agrolink.com.br\/upload\/imagens-resizes\/99f96fe2369f4f1f8a1696a25203b50a_858x483.jpg\" class=\"lazyload img-fluid\"\/><br \/>\n                                                <span class=\"publicity-photo d-block mt-1\">Foto: Canva<\/span><\/p><\/div>\n<\/p><\/div>\n<div class=\"section-description section-description-noticias mt-3\">\n<p style=\"text-align:justify\">A produtividade m\u00e9dia da <a href=\"https:\/\/www.agrolink.com.br\/culturas\/cana-de-acucar\/?utm_source=agrolink-detalhe-noticia&amp;utm_medium=detalhe-noticia&amp;utm_campaign=links-internos\" target=\"_blank\" rel=\"noopener\">cana-de-a\u00e7\u00facar<\/a> na regi\u00e3o Centro-Sul em novembro foi de 63,3 toneladas por hectare, crescimento de 0,7% quando comparado aos 62,8 t\/ha registrado no mesmo m\u00eas da safra anterior. \u00a0<\/p>\n<p style=\"text-align:justify\">Os dados s\u00e3o do Boletim de Olho na Safra, elaborado pelo Centro de Tecnologia Canavieira (CTC) com base na Plataforma de Benchmarking.\u00a0O ATR (qualidade da cana) do m\u00eas de novembro apresentou aumento de 8,6%, passando de 123,6 kg\/t para 134,3 kg\/t.<\/p>\n<p style=\"text-align:justify\">No acumulado da safra (abril a novembro), o Boletim apurou uma redu\u00e7\u00e3o de 4,9% na produtividade, com m\u00e9dia de 74,7 t\/ha em 2025\/26 frente \u00e0s 78,5 t\/ha da safra anterior.\u00a0J\u00e1 o ATR acumulado est\u00e1 em 136,1 kg ATR\/t nesta safra, contra 137,3 kg ATR\/t no \u00faltimo ciclo, queda de 0,9%.&#13;\n<\/p>\n<\/p><\/div>\n<\/p><\/div>\n<p><script data-cfasync=\"false\">\n    !function (f, b, e, v, n, t, s) {\n        if (f.fbq) return; n = f.fbq = function () {\n            n.callMethod ?\n                n.callMethod.apply(n, arguments) : n.queue.push(arguments)\n        };\n        if (!f._fbq) f._fbq = n; n.push = n; n.loaded = !0; n.version = '2.0';\n        n.queue = []; t = b.createElement(e); t.async = !0;\n        t.src = v; s = b.getElementsByTagName(e)[0];\n        s.parentNode.insertBefore(t, s)\n    }(window, document, 'script',\n        'https:\/\/connect.facebook.net\/en_US\/fbevents.js');\n    fbq('init', '522546078623747');\n    fbq('track', 'PageView');\n<\/script><br \/>\n<br \/><br \/>\n<br \/><a href=\"https:\/\/www.agrolink.com.br\/noticias\/produtividade-da-cana-de-acucar-em-novembro-cresce-0-7--no-centro-sul--mostra-boletim-do-ctc_508945.html\">Source link <\/a><\/p>\n","protected":false},"excerpt":{"rendered":"<p>&#13; M\u00e9dia alcan\u00e7ou 63,3 toneladas por hectare nesta safra&#13; Estimado usu\u00e1rio.Preencha o formul\u00e1rio abaixo para remeter a p\u00e1gina. Foto: Canva<\/p>\n","protected":false},"author":1,"featured_media":4656,"comment_status":"open","ping_status":"open","sticky":false,"template":"","format":"standard","meta":{"_monsterinsights_skip_tracking":false,"_monsterinsights_sitenote_active":false,"_monsterinsights_sitenote_note":"","_monsterinsights_sitenote_category":0,"_uf_show_specific_survey":0,"_uf_disable_surveys":false,"footnotes":""},"categories":[8,1,14],"tags":[],"class_list":["post-25723","post","type-post","status-publish","format-standard","has-post-thumbnail","hentry","category-agro","category-news","category-politica-agro"],"_links":{"self":[{"href":"https:\/\/agromt.news\/index.php?rest_route=\/wp\/v2\/posts\/25723"}],"collection":[{"href":"https:\/\/agromt.news\/index.php?rest_route=\/wp\/v2\/posts"}],"about":[{"href":"https:\/\/agromt.news\/index.php?rest_route=\/wp\/v2\/types\/post"}],"author":[{"embeddable":true,"href":"https:\/\/agromt.news\/index.php?rest_route=\/wp\/v2\/users\/1"}],"replies":[{"embeddable":true,"href":"https:\/\/agromt.news\/index.php?rest_route=%2Fwp%2Fv2%2Fcomments&post=25723"}],"version-history":[{"count":0,"href":"https:\/\/agromt.news\/index.php?rest_route=\/wp\/v2\/posts\/25723\/revisions"}],"wp:featuredmedia":[{"embeddable":true,"href":"https:\/\/agromt.news\/index.php?rest_route=\/wp\/v2\/media\/4656"}],"wp:attachment":[{"href":"https:\/\/agromt.news\/index.php?rest_route=%2Fwp%2Fv2%2Fmedia&parent=25723"}],"wp:term":[{"taxonomy":"category","embeddable":true,"href":"https:\/\/agromt.news\/index.php?rest_route=%2Fwp%2Fv2%2Fcategories&post=25723"},{"taxonomy":"post_tag","embeddable":true,"href":"https:\/\/agromt.news\/index.php?rest_route=%2Fwp%2Fv2%2Ftags&post=25723"}],"curies":[{"name":"wp","href":"https:\/\/api.w.org\/{rel}","templated":true}]}}