{"id":25721,"date":"2025-12-13T22:45:11","date_gmt":"2025-12-14T02:45:11","guid":{"rendered":"https:\/\/agromt.news\/?p=25721"},"modified":"2025-12-13T22:45:11","modified_gmt":"2025-12-14T02:45:11","slug":"comite-mais-elas-da-cotrijal-realiza-avaliacao-e-planejamento-de-atividades-para-o-proximo-ano","status":"publish","type":"post","link":"https:\/\/agromt.news\/?p=25721","title":{"rendered":"Comit\u00ea Mais Elas da Cotrijal realiza avalia\u00e7\u00e3o e planejamento de atividades para o pr\u00f3ximo ano"},"content":{"rendered":"<p> <br \/>\n<\/p>\n<div>\n<p style=\"text-align:justify\">Debates, planejamento e olhares voltados a oportunidades e desafios marcaram o encontro de encerramento das atividades do ano no Comit\u00ea Mais Elas da Cotrijal, realizado nesta ter\u00e7a-feira, 9. O momento reuniu as integrantes do grupo e equipe de Desenvolvimento do Cooperativismo para avaliar as atividades promovidas ao longo do ano e defini\u00e7\u00e3o das estrat\u00e9gias e a\u00e7\u00f5es que ser\u00e3o realizadas em 2026.\u00a0&#13;\n<\/p>\n<p style=\"text-align:justify\">O Comit\u00ea \u00e9 formado por 11 mulheres associadas e foi criado para fortalecer o protagonismo feminino no agroneg\u00f3cio e no cooperativismo. Elas apoiam a Cotrijal a desenvolver cada vez mais momentos que promovam o aprendizado e a participa\u00e7\u00e3o ativa das mulheres no setor. Al\u00e9m disso, as integrantes do grupo representam as mais de 370 participantes do Programa Mais Elas.\u00a0<\/p>\n<p style=\"text-align:justify\">Assuntos voltados ao Ano Internacional das Cooperativas e ao equil\u00edbrio dos pap\u00e9is da mulher do campo, bem como temas voltados \u00e0 gest\u00e3o das propriedades e vida financeira estiveram em destaque ao longo do ano.<\/p>\n<p style=\"text-align:justify\">\u201cEntendemos que \u00e9 extremamente importante que as mulheres participem das cooperativas, das comunidades e de todas as atividades que o Comit\u00ea e a Cotrijal organizam para os n\u00facleos femininos. Essa participa\u00e7\u00e3o \u00e9 fundamental e a cooperativa j\u00e1 vem valorizando as mulheres h\u00e1 muito tempo, mas um comit\u00ea espec\u00edfico para discutir a integra\u00e7\u00e3o feminina \u00e9 o que faz a diferen\u00e7a. Temos voz ativa e esperamos que cada vez essa voz seja mais forte no nosso meio\u201d, destaca a associada e integrante do Comit\u00ea Mais Elas, Marina Neuhaus.\u00a0&#13;\n<\/p>\n<p style=\"text-align:justify\">O grupo tamb\u00e9m \u00e9 respons\u00e1vel por apoiar a organiza\u00e7\u00e3o das atividades e eventos voltados ao p\u00fablico feminino, como Dia de Campo, Expodireto, rodada de palestras regionais e o tradicional Encontro de Mulheres, que em 2025 celebrou 30 anos de hist\u00f3ria.<\/p>\n<p style=\"text-align:justify\">A agenda de encerramento tamb\u00e9m contou com palestra especial conduzida pela psic\u00f3loga Andreia Ferreira. Ela falou sobre lideran\u00e7a, for\u00e7a feminina e autocuidado, promovendo reflex\u00f5es e troca de ideias sobre o papel das mulheres em diferentes ambientes, como na fam\u00edlia, nos relacionamentos, na gest\u00e3o da propriedade rural, na cooperativa e na sociedade.\u00a0<\/p>\n<p style=\"text-align:justify\">Para a profissional, \u201cquando as mulheres est\u00e3o juntas, todas elas crescem. Ent\u00e3o, este ambiente \u00a0promovido pela Cotrijal \u00e9 um espa\u00e7o de acolher e valorizar a mulher dentro dos seus diferentes pap\u00e9is. Isso gera conex\u00e3o e inspira\u00e7\u00e3o: uma consegue inspirar a outra, elas se sentem mais fortalecidas para desenvolver os seus trabalhos e isso vai provocando o empoderamento\u201d.\u00a0&#13;\n<\/p>\n<p style=\"text-align:justify\">Na Cotrijal, 20% do quadro social \u00e9 formado por mulheres. O Comit\u00ea feminino foi criado em 2015 e reformulado em 2022, com a implanta\u00e7\u00e3o dos n\u00facleos femininos por meio do Programa Mais Elas.<\/p>\n<p style=\"text-align:justify\">Presente no encontro, a diretoria da Cotrijal parabenizou as integrantes pelo trabalho realizado ao longo do ano e destacou o movimento de inclus\u00e3o que vem sendo trabalhado de forma permanente, com evolu\u00e7\u00e3o cont\u00ednua ao longo dos anos. O grupo tamb\u00e9m tem se consolidado como um importante f\u00f3rum de discuss\u00e3o e de sugest\u00f5es, contribuindo cada vez mais para a melhoria das a\u00e7\u00f5es da cooperativa.<\/p>\n<\/p><\/div>\n<p><script data-cfasync=\"false\">\n    !function (f, b, e, v, n, t, s) {\n        if (f.fbq) return; n = f.fbq = function () {\n            n.callMethod ?\n                n.callMethod.apply(n, arguments) : n.queue.push(arguments)\n        };\n        if (!f._fbq) f._fbq = n; n.push = n; n.loaded = !0; n.version = '2.0';\n        n.queue = []; t = b.createElement(e); t.async = !0;\n        t.src = v; s = b.getElementsByTagName(e)[0];\n        s.parentNode.insertBefore(t, s)\n    }(window, document, 'script',\n        'https:\/\/connect.facebook.net\/en_US\/fbevents.js');\n    fbq('init', '522546078623747');\n    fbq('track', 'PageView');\n<\/script><br \/>\n<br \/><br \/>\n<br \/><a href=\"https:\/\/www.agrolink.com.br\/noticias\/comite-mais-elas-da-cotrijal-realiza-avaliacao-e-planejamento-de-atividades-para-o-proximo-ano_508947.html\">Source link <\/a><\/p>\n","protected":false},"excerpt":{"rendered":"<p>Debates, planejamento e olhares voltados a oportunidades e desafios marcaram o encontro de encerramento das atividades do ano no Comit\u00ea<\/p>\n","protected":false},"author":1,"featured_media":25722,"comment_status":"open","ping_status":"open","sticky":false,"template":"","format":"standard","meta":{"_monsterinsights_skip_tracking":false,"_monsterinsights_sitenote_active":false,"_monsterinsights_sitenote_note":"","_monsterinsights_sitenote_category":0,"_uf_show_specific_survey":0,"_uf_disable_surveys":false,"footnotes":""},"categories":[8,1,14],"tags":[],"class_list":["post-25721","post","type-post","status-publish","format-standard","has-post-thumbnail","hentry","category-agro","category-news","category-politica-agro"],"_links":{"self":[{"href":"https:\/\/agromt.news\/index.php?rest_route=\/wp\/v2\/posts\/25721"}],"collection":[{"href":"https:\/\/agromt.news\/index.php?rest_route=\/wp\/v2\/posts"}],"about":[{"href":"https:\/\/agromt.news\/index.php?rest_route=\/wp\/v2\/types\/post"}],"author":[{"embeddable":true,"href":"https:\/\/agromt.news\/index.php?rest_route=\/wp\/v2\/users\/1"}],"replies":[{"embeddable":true,"href":"https:\/\/agromt.news\/index.php?rest_route=%2Fwp%2Fv2%2Fcomments&post=25721"}],"version-history":[{"count":0,"href":"https:\/\/agromt.news\/index.php?rest_route=\/wp\/v2\/posts\/25721\/revisions"}],"wp:featuredmedia":[{"embeddable":true,"href":"https:\/\/agromt.news\/index.php?rest_route=\/wp\/v2\/media\/25722"}],"wp:attachment":[{"href":"https:\/\/agromt.news\/index.php?rest_route=%2Fwp%2Fv2%2Fmedia&parent=25721"}],"wp:term":[{"taxonomy":"category","embeddable":true,"href":"https:\/\/agromt.news\/index.php?rest_route=%2Fwp%2Fv2%2Fcategories&post=25721"},{"taxonomy":"post_tag","embeddable":true,"href":"https:\/\/agromt.news\/index.php?rest_route=%2Fwp%2Fv2%2Ftags&post=25721"}],"curies":[{"name":"wp","href":"https:\/\/api.w.org\/{rel}","templated":true}]}}