{"id":25720,"date":"2025-12-13T20:48:59","date_gmt":"2025-12-14T00:48:59","guid":{"rendered":"https:\/\/agromt.news\/?p=25720"},"modified":"2025-12-13T20:48:59","modified_gmt":"2025-12-14T00:48:59","slug":"producao-desacelera-mas-cotacoes-seguem-enfraquecidas","status":"publish","type":"post","link":"https:\/\/agromt.news\/?p=25720","title":{"rendered":"Produ\u00e7\u00e3o desacelera, mas cota\u00e7\u00f5es seguem enfraquecidas"},"content":{"rendered":"<p> <br \/>\n<\/p>\n<div>\n<div class=\"row\">\n<div class=\"col-lg col-infos mt-0 mt-lg-0\">\n<div class=\"section-sub-title\">\n<p itemprop=\"description\">&#13;<br \/>\n                                Ritmo de crescimento da produ\u00e7\u00e3o brasileira de ovos para consumo desacelerou&#13;\n                            <\/p>\n<\/p><\/div>\n<div class=\"container\">\n<div class=\"row\">\n<div class=\"col-lg p-0 text-lg-end\">\n<div>\n<div id=\"mdEnviarPagina\" class=\"modal fade\" role=\"dialog\">\n<div class=\"modal-dialog\">\n<div class=\"modal-content\">\n<div class=\"modal-body\">\n<p><strong>Estimado usu\u00e1rio.<\/strong><br \/>Preencha o formul\u00e1rio abaixo para remeter a p\u00e1gina.<\/p>\n<\/p><\/div>\n<\/p><\/div>\n<\/p><\/div>\n<\/div><\/div>\n<\/p><\/div>\n<\/p><\/div>\n<\/p><\/div>\n<\/p><\/div>\n<\/p><\/div>\n<div class=\"row justify-content-md-center mt-3\">\n<div class=\"col-lg-auto col-image block-news-main-image\">\n<p>                                <img decoding=\"async\" src=\"https:\/\/www.agrolink.com.br\/upload\/imagens-resizes\/2e67af479dc24df9ae6983f5fc124bc2_858x483.jpg\" class=\"lazyload img-fluid\"\/><br \/>\n                                                <span class=\"publicity-photo d-block mt-1\">Foto: Divulga\u00e7\u00e3o<\/span><\/p><\/div>\n<\/p><\/div>\n<div class=\"section-description section-description-noticias mt-3\">\n<p style=\"text-align:justify\">O ritmo de crescimento da produ\u00e7\u00e3o brasileira de ovos para consumo desacelerou no terceiro trimestre, embora siga positivo no balan\u00e7o do ano. Dados do IBGE analisados pelo Cepea mostram que, entre julho e setembro, foram produzidas 1,02 bilh\u00e3o de d\u00fazias de ovos para consumo, queda de 1,4% frente ao trimestre anterior, mas alta de 2,5% na compara\u00e7\u00e3o com igual intervalo de 2024.&#13;\n<\/p>\n<p style=\"text-align:justify\">No acumulado do ano, a produ\u00e7\u00e3o nacional soma 3,04 bilh\u00f5es de d\u00fazias, volume recorde para o per\u00edodo de toda a s\u00e9rie hist\u00f3rica do Instituto, iniciada em 2012. Assim, pesquisadores do Cepea explicam que, mesmo com a leve retra\u00e7\u00e3o na quantidade produzida, os valores dos ovos seguiram enfraquecidos ao longo do terceiro trimestre.&#13;\n<\/p>\n<p style=\"text-align:justify\">De acordo com levantamentos do Centro de Pesquisas, entre julho e setembro, a m\u00e9dia dos ovos brancos tipo extra, a retirar (FOB) em Bastos (SP), foi de R$ 149,15\/caixa com 30 d\u00fazias, queda de 14% em termos reais (dados deflacionados pelo IGP-DI de nov\/25), em rela\u00e7\u00e3o ao trimestre anterior. Para os ovos vermelhos, houve desvaloriza\u00e7\u00e3o real de 16% em igual comparativo, \u00e0 m\u00e9dia de R$ 164,45\/cx na regi\u00e3o paulista.&#13;\n<\/p>\n<\/p><\/div>\n<\/p><\/div>\n<p><script data-cfasync=\"false\">\n    !function (f, b, e, v, n, t, s) {\n        if (f.fbq) return; n = f.fbq = function () {\n            n.callMethod ?\n                n.callMethod.apply(n, arguments) : n.queue.push(arguments)\n        };\n        if (!f._fbq) f._fbq = n; n.push = n; n.loaded = !0; n.version = '2.0';\n        n.queue = []; t = b.createElement(e); t.async = !0;\n        t.src = v; s = b.getElementsByTagName(e)[0];\n        s.parentNode.insertBefore(t, s)\n    }(window, document, 'script',\n        'https:\/\/connect.facebook.net\/en_US\/fbevents.js');\n    fbq('init', '522546078623747');\n    fbq('track', 'PageView');\n<\/script><br \/>\n<br \/><br \/>\n<br \/><a href=\"https:\/\/www.agrolink.com.br\/noticias\/producao-desacelera--mas-cotacoes-seguem-enfraquecidas_508948.html\">Source link <\/a><\/p>\n","protected":false},"excerpt":{"rendered":"<p>&#13; Ritmo de crescimento da produ\u00e7\u00e3o brasileira de ovos para consumo desacelerou&#13; Estimado usu\u00e1rio.Preencha o formul\u00e1rio abaixo para remeter a<\/p>\n","protected":false},"author":1,"featured_media":4024,"comment_status":"open","ping_status":"open","sticky":false,"template":"","format":"standard","meta":{"_monsterinsights_skip_tracking":false,"_monsterinsights_sitenote_active":false,"_monsterinsights_sitenote_note":"","_monsterinsights_sitenote_category":0,"_uf_show_specific_survey":0,"_uf_disable_surveys":false,"footnotes":""},"categories":[8,1,14],"tags":[],"class_list":["post-25720","post","type-post","status-publish","format-standard","has-post-thumbnail","hentry","category-agro","category-news","category-politica-agro"],"_links":{"self":[{"href":"https:\/\/agromt.news\/index.php?rest_route=\/wp\/v2\/posts\/25720"}],"collection":[{"href":"https:\/\/agromt.news\/index.php?rest_route=\/wp\/v2\/posts"}],"about":[{"href":"https:\/\/agromt.news\/index.php?rest_route=\/wp\/v2\/types\/post"}],"author":[{"embeddable":true,"href":"https:\/\/agromt.news\/index.php?rest_route=\/wp\/v2\/users\/1"}],"replies":[{"embeddable":true,"href":"https:\/\/agromt.news\/index.php?rest_route=%2Fwp%2Fv2%2Fcomments&post=25720"}],"version-history":[{"count":0,"href":"https:\/\/agromt.news\/index.php?rest_route=\/wp\/v2\/posts\/25720\/revisions"}],"wp:featuredmedia":[{"embeddable":true,"href":"https:\/\/agromt.news\/index.php?rest_route=\/wp\/v2\/media\/4024"}],"wp:attachment":[{"href":"https:\/\/agromt.news\/index.php?rest_route=%2Fwp%2Fv2%2Fmedia&parent=25720"}],"wp:term":[{"taxonomy":"category","embeddable":true,"href":"https:\/\/agromt.news\/index.php?rest_route=%2Fwp%2Fv2%2Fcategories&post=25720"},{"taxonomy":"post_tag","embeddable":true,"href":"https:\/\/agromt.news\/index.php?rest_route=%2Fwp%2Fv2%2Ftags&post=25720"}],"curies":[{"name":"wp","href":"https:\/\/api.w.org\/{rel}","templated":true}]}}